{"id":51781,"date":"2025-11-29T12:32:05","date_gmt":"2025-11-29T16:32:05","guid":{"rendered":"https:\/\/noticiasveraces.com\/?p=51781"},"modified":"2025-11-29T12:32:05","modified_gmt":"2025-11-29T16:32:05","slug":"el-papa-leon-xiv-visita-la-mezquita-azul-de-estambul-pero-se-niega-a-rezar-en-su-interior","status":"publish","type":"post","link":"https:\/\/noticiasveraces.com\/?p=51781","title":{"rendered":"El Papa Le\u00f3n XIV visita la Mezquita Azul de Estambul pero se niega a rezar en su interior"},"content":{"rendered":"<p> \n<\/p>\n<div>\n<div id=\"beyondwords-wrapper\" class=\"beyondwords-wrapper\">\n<p><span class=\"label-bg\">NUEVO<\/span>\u00a1Ahora puedes escuchar los art\u00edculos de Fox News!\n  <\/p>\n<\/div>\n<p class=\"speakable\">El Papa Le\u00f3n XIV visit\u00f3 la ic\u00f3nica Mezquita Azul de Estambul el s\u00e1bado, pero no se detuvo a orar, ya que se centr\u00f3 m\u00e1s en reforzar los lazos con los patriarcas ortodoxos y promover pasos valientes para que las iglesias orientales y occidentales se unan.<\/p>\n<p class=\"speakable\">Leo se quit\u00f3 los zapatos y, con sus calcetines blancos, recorri\u00f3 la mezquita del siglo XVII, contemplando sus elevadas c\u00fapulas de azulejos y las inscripciones en \u00e1rabe en sus columnas mientras un im\u00e1n se las se\u00f1alaba.<\/p>\n<p>El Vaticano hab\u00eda dicho que Leo observar\u00eda un \u00abbreve momento de oraci\u00f3n silenciosa\u00bb en la mezquita, pero no lo hizo. Un im\u00e1n de la mezquita, Asgin Tunca, dijo que hab\u00eda invitado a Le\u00f3n a orar, ya que la mezquita era \u00abla casa de Al\u00e1\u00bb, pero el Papa se neg\u00f3.<\/p>\n<p>M\u00e1s tarde, el portavoz del Vaticano, Matteo Bruni, afirm\u00f3: \u00abEl Papa vivi\u00f3 su visita a la mezquita en silencio, en esp\u00edritu de contemplaci\u00f3n y de escucha, con profundo respeto por el lugar y la fe de quienes all\u00ed se re\u00fanen en oraci\u00f3n\u00bb.<\/p>\n<p><strong>EL PAPA LEO SE\u00d1ALA LA CONTINUACI\u00d3N DE LA ACOGIDA DEL PAPA FRANCISCO A LA COMUNIDAD LGBT EN LA IGLESIA CAT\u00d3LICA<\/strong><\/p>\n<div class=\"image-ct inline\">\n<div class=\"m\"><picture><source media=\"(max-width: 767px)\" srcset=\"https:\/\/a57.foxnews.com\/static.foxnews.com\/foxnews.com\/content\/uploads\/2025\/11\/343\/192\/catholic-muslim-clerics-sultan-ahmed-mosque.jpg?ve=1&amp;tl=1, https:\/\/a57.foxnews.com\/static.foxnews.com\/foxnews.com\/content\/uploads\/2025\/11\/686\/384\/catholic-muslim-clerics-sultan-ahmed-mosque.jpg?ve=1&amp;tl=1 2x\" height=\"192\" width=\"343\"><source media=\"(min-width: 768px) and (max-width: 1023px)\" srcset=\"https:\/\/a57.foxnews.com\/static.foxnews.com\/foxnews.com\/content\/uploads\/2025\/11\/672\/378\/catholic-muslim-clerics-sultan-ahmed-mosque.jpg?ve=1&amp;tl=1, https:\/\/a57.foxnews.com\/static.foxnews.com\/foxnews.com\/content\/uploads\/2025\/11\/1344\/756\/catholic-muslim-clerics-sultan-ahmed-mosque.jpg?ve=1&amp;tl=1 2x\" height=\"378\" width=\"672\"><source media=\"(min-width: 1024px) and (max-width: 1279px)\" srcset=\"https:\/\/a57.foxnews.com\/static.foxnews.com\/foxnews.com\/content\/uploads\/2025\/11\/931\/523\/catholic-muslim-clerics-sultan-ahmed-mosque.jpg?ve=1&amp;tl=1, https:\/\/a57.foxnews.com\/static.foxnews.com\/foxnews.com\/content\/uploads\/2025\/11\/1862\/1046\/catholic-muslim-clerics-sultan-ahmed-mosque.jpg?ve=1&amp;tl=1 2x\" height=\"523\" width=\"931\"><source media=\"(min-width: 1280px)\" srcset=\"https:\/\/a57.foxnews.com\/static.foxnews.com\/foxnews.com\/content\/uploads\/2025\/11\/720\/405\/catholic-muslim-clerics-sultan-ahmed-mosque.jpg?ve=1&amp;tl=1, https:\/\/a57.foxnews.com\/static.foxnews.com\/foxnews.com\/content\/uploads\/2025\/11\/1440\/810\/catholic-muslim-clerics-sultan-ahmed-mosque.jpg?ve=1&amp;tl=1 2x\" height=\"405\" width=\"720\"><img loading=\"lazy\" decoding=\"async\" src=\"https:\/\/a57.foxnews.com\/static.foxnews.com\/foxnews.com\/content\/uploads\/2025\/11\/1200\/675\/catholic-muslim-clerics-sultan-ahmed-mosque.jpg?ve=1&amp;tl=1\" alt=\"El Papa Le\u00f3n XIV, en el centro, caminando con el muec\u00edn Musa Asg\u0131n Tunca, a la izquierda, el Dr. Emrullah Tuncel, segundo desde la izquierda, y el im\u00e1n de la mezquita Sultanahmet Fatih Kaya, dentro de la iluminada Mezquita del Sult\u00e1n Ahmed en Estambul.\" width=\"1200\" height=\"675\"\/><\/source><\/source><\/source><\/source><\/picture><\/div>\n<div class=\"info\">\n<div class=\"caption\">\n<p><span>El Papa Le\u00f3n XIV visita la Mezquita del Sult\u00e1n Ahmed en Estambul, Turqu\u00eda, el 29 de noviembre de 2025, acompa\u00f1ado por el muec\u00edn Musa Asg\u0131n Tunca, el Dr. Emrullah Tuncel y el im\u00e1n de la mezquita Sultanahmet Fatih Kaya.<\/span> <span>(Foto AP\/Domenico Stinellis)<\/span><\/p>\n<\/div>\n<\/div>\n<\/div>\n<p>Luego, el Vaticano envi\u00f3 una versi\u00f3n corregida de su bolet\u00edn sobre el viaje, eliminando la referencia al \u00abbreve momento de oraci\u00f3n silenciosa\u00bb previsto, sin m\u00e1s explicaciones.<\/p>\n<p>Leo, el primer Papa estadounidense de la historia, estaba siguiendo los pasos de sus recientes predecesores, quienes realizaron visitas de alto perfil a la Mezquita del Sult\u00e1n Ahmed, como se la conoce oficialmente, en un gesto de respeto a la mayor\u00eda musulmana de Turqu\u00eda.<\/p>\n<h3>Las visitas papales a la Mezquita Azul a menudo plantean dudas<\/h3>\n<p>Pero las visitas siempre han planteado dudas sobre si el Papa rezar\u00eda en el lugar de culto musulm\u00e1n, o al menos se detendr\u00eda para ordenar sus pensamientos en un silencio meditativo.<\/p>\n<p><strong>LA VISITA HIST\u00d3RICA DEL REY CARLOS AL PAPA &#8216;Eclipsada&#8217; POR EL ESC\u00c1NDALO DEL PR\u00cdNCIPE ANDR\u00c9S: EXPERTO<\/strong><\/p>\n<p>Cuando el Papa Benedicto XVI visit\u00f3 Turqu\u00eda en 2006, las tensiones eran altas porque Benedicto hab\u00eda ofendido a muchos en el mundo musulm\u00e1n unos meses antes con un discurso en Ratisbona, Alemania, que fue ampliamente interpretado como un v\u00ednculo entre el Islam y la violencia.<\/p>\n<p>El Vaticano a\u00f1adi\u00f3 una visita a la Mezquita Azul en el \u00faltimo minuto en un intento por llegar a los musulmanes. Observ\u00f3 un momento de oraci\u00f3n silenciosa, con la cabeza inclinada, mientras el im\u00e1n rezaba a su lado, mirando hacia el este.<\/p>\n<p>M\u00e1s tarde, Benedicto le agradeci\u00f3 \u00abpor este momento de oraci\u00f3n\u00bb por lo que era apenas la segunda vez que un Papa visitaba una mezquita, despu\u00e9s de que San Juan Pablo II visitara una brevemente en Siria en 2001.<\/p>\n<p>No hubo dudas en 2014 cuando el Papa Francisco visit\u00f3 la Mezquita Azul: permaneci\u00f3 dos minutos de oraci\u00f3n silenciosa mirando hacia el este, con la cabeza inclinada, los ojos cerrados y las manos entrelazadas frente a \u00e9l. El Gran Mufti de Estambul, Rahmi Yaran, dijo despu\u00e9s al Papa: \u00abQue Dios lo acepte\u00bb.<\/p>\n<p><strong>EL PAPA LE\u00d3N SE UNE A LOS PATRIARCAS ORIENTALES Y OCCIDENTALES EN TURQU\u00cdA PARA ORAR POR LA UNIDAD DE LOS CRISTIANOS<\/strong><\/p>\n<p>Con Leo, sin embargo, incluso el Vaticano pareci\u00f3 tomar por sorpresa su decisi\u00f3n de no orar. La Santa Sede tuvo que corregir el registro oficial de la visita despu\u00e9s de que originalmente mantuviera la referencia prevista de que \u00e9l hiciera una pausa para orar.<\/p>\n<p>En declaraciones a los periodistas despu\u00e9s de la visita, el im\u00e1n Tunca dijo que le hab\u00eda dicho al Papa: \u00abNo es mi casa, no es tu casa, (es la) casa de Al\u00e1\u00bb. Dijo que invit\u00f3 a Leo a adorar, \u00abpero \u00e9l dijo: &#8216;Est\u00e1 bien'\u00bb.<\/p>\n<p>\u00abQuer\u00eda ver la mezquita, quer\u00eda sentir (la) atm\u00f3sfera de la mezquita, creo. Y estaba muy contento\u00bb, dijo.<\/p>\n<p>Tambi\u00e9n hubo otro cambio en el programa oficial, despu\u00e9s de que el Vaticano dijera que el jefe de la direcci\u00f3n de asuntos religiosos Diyanet de Turqu\u00eda acompa\u00f1ar\u00eda a Leo en la mezquita. No vino y un portavoz de Diyanet dijo que no deb\u00eda venir, ya que hab\u00eda recibido a Leo en Ankara.<\/p>\n<div class=\"image-ct inline\">\n<div class=\"m\"><picture><source media=\"(max-width: 767px)\" srcset=\"https:\/\/a57.foxnews.com\/static.foxnews.com\/foxnews.com\/content\/uploads\/2025\/11\/343\/192\/clerics-depart-doxology-istanbul.jpg?ve=1&amp;tl=1, https:\/\/a57.foxnews.com\/static.foxnews.com\/foxnews.com\/content\/uploads\/2025\/11\/686\/384\/clerics-depart-doxology-istanbul.jpg?ve=1&amp;tl=1 2x\" height=\"192\" width=\"343\"><source media=\"(min-width: 768px) and (max-width: 1023px)\" srcset=\"https:\/\/a57.foxnews.com\/static.foxnews.com\/foxnews.com\/content\/uploads\/2025\/11\/672\/378\/clerics-depart-doxology-istanbul.jpg?ve=1&amp;tl=1, https:\/\/a57.foxnews.com\/static.foxnews.com\/foxnews.com\/content\/uploads\/2025\/11\/1344\/756\/clerics-depart-doxology-istanbul.jpg?ve=1&amp;tl=1 2x\" height=\"378\" width=\"672\"><source media=\"(min-width: 1024px) and (max-width: 1279px)\" srcset=\"https:\/\/a57.foxnews.com\/static.foxnews.com\/foxnews.com\/content\/uploads\/2025\/11\/931\/523\/clerics-depart-doxology-istanbul.jpg?ve=1&amp;tl=1, https:\/\/a57.foxnews.com\/static.foxnews.com\/foxnews.com\/content\/uploads\/2025\/11\/1862\/1046\/clerics-depart-doxology-istanbul.jpg?ve=1&amp;tl=1 2x\" height=\"523\" width=\"931\"><source media=\"(min-width: 1280px)\" srcset=\"https:\/\/a57.foxnews.com\/static.foxnews.com\/foxnews.com\/content\/uploads\/2025\/11\/720\/405\/clerics-depart-doxology-istanbul.jpg?ve=1&amp;tl=1, https:\/\/a57.foxnews.com\/static.foxnews.com\/foxnews.com\/content\/uploads\/2025\/11\/1440\/810\/clerics-depart-doxology-istanbul.jpg?ve=1&amp;tl=1 2x\" height=\"405\" width=\"720\"><img loading=\"lazy\" decoding=\"async\" src=\"https:\/\/a57.foxnews.com\/static.foxnews.com\/foxnews.com\/content\/uploads\/2025\/11\/1200\/675\/clerics-depart-doxology-istanbul.jpg?ve=1&amp;tl=1\" alt=\"El Papa Le\u00f3n XIV y el Patriarca Ecum\u00e9nico Bartolom\u00e9 Camino al aire libre bajo paraguas con asistentes durante un d\u00eda lluvioso en Estambul.\" width=\"1200\" height=\"675\"\/><\/source><\/source><\/source><\/source><\/picture><\/div>\n<div class=\"info\">\n<div class=\"caption\">\n<p><span>El Papa Le\u00f3n XIV y el Patriarca Ecum\u00e9nico Bartolom\u00e9 I salen de un servicio de doxolog\u00eda en la Iglesia Patriarcal de San Jorge en Estambul, Turqu\u00eda, el 29 de noviembre de 2025.<\/span> <span>(Foto AP\/Francisco Seco)<\/span><\/p>\n<\/div>\n<\/div>\n<\/div>\n<p><strong>EL PAPA LE\u00d3N XIV ABRE EL PRIMER VIAJE AL EXTRANJERO EN TURQU\u00cdA CON UNA VISITA A LOS PRIMEROS CENTROS DEL CRISTIANISMO<\/strong><\/p>\n<h3>Santa Sof\u00eda qued\u00f3 fuera del itinerario<\/h3>\n<p>Los Papas anteriores tambi\u00e9n han visitado el cercano monumento de Santa Sof\u00eda, que alguna vez fue una de las catedrales hist\u00f3ricas m\u00e1s importantes del cristianismo y un sitio designado patrimonio de la humanidad por las Naciones Unidas.<\/p>\n<p>Pero Leo dej\u00f3 esa visita fuera de su itinerario. En julio de 2020, Turqu\u00eda convirti\u00f3 a Santa Sof\u00eda de museo en mezquita, una medida que gener\u00f3 cr\u00edticas internacionales generalizadas, incluso del Vaticano.<\/p>\n<p>Despu\u00e9s de la visita a la mezquita, Leo celebr\u00f3 una reuni\u00f3n privada con los l\u00edderes cristianos de Turqu\u00eda en la Iglesia Ortodoxa Siria de Mor Ephrem. Por la tarde or\u00f3 con el l\u00edder espiritual de los cristianos ortodoxos del mundo, el patriarca Bartolom\u00e9, en la iglesia patriarcal de San Jorge.<\/p>\n<p><strong>EL PRIMER PAPA AMERICANO DAR\u00c1 LA BIENVENIDA A LAS ESTRELLAS DE HOLLYWOOD AL VATICANO PARA UNA P\u00daBLICA P\u00daBLICA DEL A\u00d1O SANTO<\/strong><\/p>\n<p>All\u00ed rezaron la doxolog\u00eda, un himno de alabanza y gloria a Dios, y firmaron una declaraci\u00f3n conjunta prometiendo dar pasos valientes en el camino hacia la unidad, incluida la b\u00fasqueda de una fecha com\u00fan para la Pascua.<\/p>\n<p>Las iglesias orientales y occidentales se dividieron en el Gran Cisma de 1054, una divisi\u00f3n precipitada en gran medida por desacuerdos sobre la primac\u00eda del Papa. Si bien los lazos se han estrechado, siguen divididos y se han formado otros cismas.<\/p>\n<p>\u00abEs nuestro deseo compartido continuar el proceso de exploraci\u00f3n de una posible soluci\u00f3n para celebrar juntos la Fiesta de las Fiestas cada a\u00f1o\u00bb, dice el comunicado conjunto, refiri\u00e9ndose a la Pascua.<\/p>\n<p>El Vaticano dijo en sus declaraciones a los patriarcas reunidos que Le\u00f3n se\u00f1al\u00f3 el pr\u00f3ximo A\u00f1o Santo que celebrar\u00e1n los cristianos, en 2033, en el aniversario de la crucifixi\u00f3n de Cristo, y los invit\u00f3 a ir a Jerusal\u00e9n en \u00abun camino que conduzca a la unidad plena\u00bb.<\/p>\n<p>El \u00faltimo evento de Leo fue una misa cat\u00f3lica en el Volkswagen Arena de Estambul para la comunidad cat\u00f3lica del pa\u00eds, que asciende a 33.000 personas en un pa\u00eds de m\u00e1s de 85 millones de habitantes, la mayor\u00eda de los cuales son musulmanes sun\u00edes.<\/p>\n<h3>La actualizaci\u00f3n del software Airbus no perdona al Papa<\/h3>\n<p>Mientras Leo se concentraba en reforzar las relaciones con los cristianos ortodoxos y musulmanes, los organizadores del viaje se ocupaban de cuestiones m\u00e1s mundanas.<\/p>\n<div class=\"image-ct inline\">\n<div class=\"m\"><picture><source media=\"(max-width: 767px)\" srcset=\"https:\/\/a57.foxnews.com\/static.foxnews.com\/foxnews.com\/content\/uploads\/2025\/11\/343\/192\/clerics-doxology-istanbul.jpg?ve=1&amp;tl=1, https:\/\/a57.foxnews.com\/static.foxnews.com\/foxnews.com\/content\/uploads\/2025\/11\/686\/384\/clerics-doxology-istanbul.jpg?ve=1&amp;tl=1 2x\" height=\"192\" width=\"343\"><source media=\"(min-width: 768px) and (max-width: 1023px)\" srcset=\"https:\/\/a57.foxnews.com\/static.foxnews.com\/foxnews.com\/content\/uploads\/2025\/11\/672\/378\/clerics-doxology-istanbul.jpg?ve=1&amp;tl=1, https:\/\/a57.foxnews.com\/static.foxnews.com\/foxnews.com\/content\/uploads\/2025\/11\/1344\/756\/clerics-doxology-istanbul.jpg?ve=1&amp;tl=1 2x\" height=\"378\" width=\"672\"><source media=\"(min-width: 1024px) and (max-width: 1279px)\" srcset=\"https:\/\/a57.foxnews.com\/static.foxnews.com\/foxnews.com\/content\/uploads\/2025\/11\/931\/523\/clerics-doxology-istanbul.jpg?ve=1&amp;tl=1, https:\/\/a57.foxnews.com\/static.foxnews.com\/foxnews.com\/content\/uploads\/2025\/11\/1862\/1046\/clerics-doxology-istanbul.jpg?ve=1&amp;tl=1 2x\" height=\"523\" width=\"931\"><source media=\"(min-width: 1280px)\" srcset=\"https:\/\/a57.foxnews.com\/static.foxnews.com\/foxnews.com\/content\/uploads\/2025\/11\/720\/405\/clerics-doxology-istanbul.jpg?ve=1&amp;tl=1, https:\/\/a57.foxnews.com\/static.foxnews.com\/foxnews.com\/content\/uploads\/2025\/11\/1440\/810\/clerics-doxology-istanbul.jpg?ve=1&amp;tl=1 2x\" height=\"405\" width=\"720\"><img loading=\"lazy\" decoding=\"async\" src=\"https:\/\/a57.foxnews.com\/static.foxnews.com\/foxnews.com\/content\/uploads\/2025\/11\/1200\/675\/clerics-doxology-istanbul.jpg?ve=1&amp;tl=1\" alt=\"El Papa Le\u00f3n XIV y el Patriarca Ecum\u00e9nico Bartolom\u00e9 I se encuentran ante un iconostasio de oro adornado durante un servicio en Estambul.\" width=\"1200\" height=\"675\"\/><\/source><\/source><\/source><\/source><\/picture><\/div>\n<div class=\"info\">\n<div class=\"caption\">\n<p><span>El Papa Le\u00f3n XIV y el Patriarca Ecum\u00e9nico Bartolom\u00e9 I asisten a la Doxolog\u00eda en la Iglesia Patriarcal de San Jorge en Estambul, Turqu\u00eda, el 29 de noviembre de 2025.<\/span> <span>(Foto AP\/Emrah Gurel)<\/span><\/p>\n<\/div>\n<\/div>\n<\/div>\n<p><strong><u>HAGA CLIC AQU\u00cd PARA DESCARGAR LA APLICACI\u00d3N FOX NEWS <\/u><\/strong><\/p>\n<p>El Airbus A320neo de ITA Airways de Leo se encontraba entre los afectados por la actualizaci\u00f3n mundial del software Airbus, ordenada por la Agencia de Seguridad A\u00e9rea de la Uni\u00f3n Europea. La orden se produjo despu\u00e9s de que un an\u00e1lisis encontr\u00f3 que el c\u00f3digo de computadora podr\u00eda haber contribuido a una ca\u00edda repentina en la altitud de un avi\u00f3n de JetBlue el mes pasado.<\/p>\n<p>El portavoz del Vaticano, Matteo Bruni, dijo el s\u00e1bado que ITA estaba trabajando en el tema. Dijo que el monitor necesario para actualizar el avi\u00f3n estaba en camino a Estambul desde Roma junto con el t\u00e9cnico que lo instalar\u00eda.<\/p>\n<p>Est\u00e1 previsto que Leo vuele desde Estambul a Beirut, L\u00edbano, el domingo por la tarde para la segunda etapa de su viaje inaugural como Papa.<\/p>\n<p> <!----> <!----><\/div>\n\n","protected":false},"excerpt":{"rendered":"<p>NUEVO\u00a1Ahora puedes escuchar los art\u00edculos de Fox News! El Papa Le\u00f3n XIV visit\u00f3 la ic\u00f3nica Mezquita Azul de Estambul el s\u00e1bado, pero no se detuvo a orar, ya que se centr\u00f3 m\u00e1s en reforzar los lazos con los patriarcas ortodoxos y promover pasos valientes para que las iglesias orientales y occidentales se unan. Leo se &hellip;<\/p>\n","protected":false},"author":1,"featured_media":51783,"comment_status":"open","ping_status":"open","sticky":false,"template":"","format":"standard","meta":{"fifu_image_url":"https:\/\/static.foxnews.com\/foxnews.com\/content\/uploads\/2025\/11\/clerics-depart-doxology-istanbul.jpg","fifu_image_alt":"","footnotes":""},"categories":[13],"tags":[],"class_list":["post-51781","post","type-post","status-publish","format-standard","has-post-thumbnail","","category-mundo"],"_links":{"self":[{"href":"https:\/\/noticiasveraces.com\/index.php?rest_route=\/wp\/v2\/posts\/51781","targetHints":{"allow":["GET"]}}],"collection":[{"href":"https:\/\/noticiasveraces.com\/index.php?rest_route=\/wp\/v2\/posts"}],"about":[{"href":"https:\/\/noticiasveraces.com\/index.php?rest_route=\/wp\/v2\/types\/post"}],"author":[{"embeddable":true,"href":"https:\/\/noticiasveraces.com\/index.php?rest_route=\/wp\/v2\/users\/1"}],"replies":[{"embeddable":true,"href":"https:\/\/noticiasveraces.com\/index.php?rest_route=%2Fwp%2Fv2%2Fcomments&post=51781"}],"version-history":[{"count":0,"href":"https:\/\/noticiasveraces.com\/index.php?rest_route=\/wp\/v2\/posts\/51781\/revisions"}],"wp:featuredmedia":[{"embeddable":true,"href":"https:\/\/noticiasveraces.com\/index.php?rest_route=\/wp\/v2\/media\/51783"}],"wp:attachment":[{"href":"https:\/\/noticiasveraces.com\/index.php?rest_route=%2Fwp%2Fv2%2Fmedia&parent=51781"}],"wp:term":[{"taxonomy":"category","embeddable":true,"href":"https:\/\/noticiasveraces.com\/index.php?rest_route=%2Fwp%2Fv2%2Fcategories&post=51781"},{"taxonomy":"post_tag","embeddable":true,"href":"https:\/\/noticiasveraces.com\/index.php?rest_route=%2Fwp%2Fv2%2Ftags&post=51781"}],"curies":[{"name":"wp","href":"https:\/\/api.w.org\/{rel}","templated":true}]}}