{"id":51779,"date":"2025-11-29T11:01:06","date_gmt":"2025-11-29T15:01:06","guid":{"rendered":"https:\/\/noticiasveraces.com\/?p=51779"},"modified":"2025-11-29T11:01:06","modified_gmt":"2025-11-29T15:01:06","slug":"rodriguez-venezuela-consolida-un-resurgir-productivo-a-pesar-del-bloqueo","status":"publish","type":"post","link":"https:\/\/noticiasveraces.com\/?p=51779","title":{"rendered":"Rodr\u00edguez: Venezuela consolida un resurgir productivo a pesar del bloqueo"},"content":{"rendered":"<p> \n<\/p>\n<div>\n<p>La vicepresidenta Ejecutiva de la Rep\u00fablica, Delcy Rodr\u00edguez, encabez\u00f3 la inauguraci\u00f3n del IV Encuentro Internacional de Caf\u00e9s de Especialidad Venezolano 2025, celebrado en el Parque Sim\u00f3n Bol\u00edvar de La Carlota. En este espacio, catadores nacionales e internacionales reconocieron la calidad de los mejores caf\u00e9s producidos en Venezuela, s\u00edmbolo del esfuerzo colectivo de un pa\u00eds que ha sabido vencer las agresiones econ\u00f3micas.<\/p>\n<p>\u201cLo que hemos aprendido en estos a\u00f1os de bloqueo, es que hemos tenido que diversificar. Hoy el pueblo venezolano puede decir con orgullo, que gracias a la uni\u00f3n productiva nacional, nosotros nos abastecemos en alimentos y ahora estamos en un proceso de exportaci\u00f3n\u201d, asegur\u00f3.<\/p>\n<p>Rodr\u00edguez destac\u00f3 que lo que hoy se vive en Venezuela es un resurgir productivo en sectores agr\u00edcola, pesquero y energ\u00e9tico, con el caf\u00e9 como emblema de esa victoria. \u201cCon el caf\u00e9 se cumple un c\u00edrculo virtuoso: producci\u00f3n con un incremento del 55%, abastecimiento pleno del mercado nacional y un 500% de aumento en las exportaciones\u201d, afirm\u00f3.<\/p>\n<p>Este logro responde a la instrucci\u00f3n del presidente Nicol\u00e1s Maduro de impulsar los motores de la econom\u00eda y diversificar la producci\u00f3n, dejando atr\u00e1s la dependencia petrolera. \u201cNo podemos ser vulnerables a un solo sector, porque eso fue lo que permiti\u00f3 que desde el gobierno de Estados Unidos y sus sat\u00e9lites intentaran bloquear a nuestro pa\u00eds\u201d, reflexion\u00f3.<\/p>\n<p>Gracias a la unidad productiva nacional, Venezuela hoy se abastece de alimentos y avanza en un proceso de exportaci\u00f3n que ya alcanza 250 mil hect\u00e1reas de caf\u00e9 de calidad exportadora, distribuidas en 16 pa\u00edses de distintos continentes.<\/p>\n<p>\u201cEl caf\u00e9 cumple todos los atributos que el presidente pidi\u00f3 en ese nuevo modelo econ\u00f3mico, un modelo que diversifica y fortalece la producci\u00f3n nacional\u201d, a\u00f1adi\u00f3 Rodr\u00edguez.<\/p>\n<h2 id=\"venezuela-unida-derrotando-el-bloqueo-criminal\" class=\"wp-block-heading\">Venezuela unida derrotando el bloqueo criminal<\/h2>\n<p>La vicepresidenta subray\u00f3 que las agresiones econ\u00f3micas impuestas por el imperialismo no han doblegado al pueblo, sino que han despertado un esplendor de la venezolanidad, una fuerza de resistencia y creatividad que ha permitido profundizar el modelo productivo.<\/p>\n<p>\u201cHemos incrementado la producci\u00f3n en 55%, abastecemos el mercado nacional y la exportaci\u00f3n ha tenido un boom de crecimiento con m\u00e1s de 500%\u201d, indic\u00f3 al rechazar a quienes promueven el bloqueo del pa\u00eds.<\/p>\n<p>\u201cQuienes bloquean a nuestro pa\u00eds tendr\u00e1n que rectificar, porque lo que buscaban era que el pueblo se rindiera. Pero el pueblo venezolano est\u00e1 consciente de que nadie nos va a mandar desde afuera. Aqu\u00ed rige la soberan\u00eda popular y la democracia participativa y protag\u00f3nica, que cada d\u00eda se consolida m\u00e1s\u201d, expres\u00f3 con firmeza.<\/p>\n<p>El IV Encuentro Internacional de Caf\u00e9s de Especialidad Venezolano 2025 se convierte as\u00ed en un s\u00edmbolo de victoria: un pa\u00eds que, pese al bloqueo y la guerra econ\u00f3mica, se levanta con dignidad, produce con excelencia y exporta con orgullo, demostrando al mundo que Venezuela no se rinde, Venezuela vence.<\/p>\n<\/div>\n\n","protected":false},"excerpt":{"rendered":"<p>La vicepresidenta Ejecutiva de la Rep\u00fablica, Delcy Rodr\u00edguez, encabez\u00f3 la inauguraci\u00f3n del IV Encuentro Internacional de Caf\u00e9s de Especialidad Venezolano 2025, celebrado en el Parque Sim\u00f3n Bol\u00edvar de La Carlota. En este espacio, catadores nacionales e internacionales reconocieron la calidad de los mejores caf\u00e9s producidos en Venezuela, s\u00edmbolo del esfuerzo colectivo de un pa\u00eds que &hellip;<\/p>\n","protected":false},"author":1,"featured_media":51780,"comment_status":"open","ping_status":"open","sticky":false,"template":"","format":"standard","meta":{"fifu_image_url":"https:\/\/ultimasnoticias.com.ve\/wp-content\/uploads\/2025\/11\/7258752e-b68b-48c3-b5f3-177a54855b85-1.jpg","fifu_image_alt":"","footnotes":""},"categories":[13],"tags":[],"class_list":["post-51779","post","type-post","status-publish","format-standard","has-post-thumbnail","","category-mundo"],"_links":{"self":[{"href":"https:\/\/noticiasveraces.com\/index.php?rest_route=\/wp\/v2\/posts\/51779","targetHints":{"allow":["GET"]}}],"collection":[{"href":"https:\/\/noticiasveraces.com\/index.php?rest_route=\/wp\/v2\/posts"}],"about":[{"href":"https:\/\/noticiasveraces.com\/index.php?rest_route=\/wp\/v2\/types\/post"}],"author":[{"embeddable":true,"href":"https:\/\/noticiasveraces.com\/index.php?rest_route=\/wp\/v2\/users\/1"}],"replies":[{"embeddable":true,"href":"https:\/\/noticiasveraces.com\/index.php?rest_route=%2Fwp%2Fv2%2Fcomments&post=51779"}],"version-history":[{"count":0,"href":"https:\/\/noticiasveraces.com\/index.php?rest_route=\/wp\/v2\/posts\/51779\/revisions"}],"wp:featuredmedia":[{"embeddable":true,"href":"https:\/\/noticiasveraces.com\/index.php?rest_route=\/wp\/v2\/media\/51780"}],"wp:attachment":[{"href":"https:\/\/noticiasveraces.com\/index.php?rest_route=%2Fwp%2Fv2%2Fmedia&parent=51779"}],"wp:term":[{"taxonomy":"category","embeddable":true,"href":"https:\/\/noticiasveraces.com\/index.php?rest_route=%2Fwp%2Fv2%2Fcategories&post=51779"},{"taxonomy":"post_tag","embeddable":true,"href":"https:\/\/noticiasveraces.com\/index.php?rest_route=%2Fwp%2Fv2%2Ftags&post=51779"}],"curies":[{"name":"wp","href":"https:\/\/api.w.org\/{rel}","templated":true}]}}