{"id":51773,"date":"2025-11-29T08:38:50","date_gmt":"2025-11-29T12:38:50","guid":{"rendered":"https:\/\/noticiasveraces.com\/?p=51773"},"modified":"2025-11-29T08:38:50","modified_gmt":"2025-11-29T12:38:50","slug":"san-vicente-y-las-granadinas-elige-nuevo-primer-ministro-y-maduro-pierde-un-aliado","status":"publish","type":"post","link":"https:\/\/noticiasveraces.com\/?p=51773","title":{"rendered":"San Vicente y las Granadinas elige nuevo primer ministro y Maduro pierde un aliado"},"content":{"rendered":"<p> \n<\/p>\n<div>\n<article>\n<div class=\"image-featured\">\n<img src=\"data:image\/png;base64,iVBORw0KGgoAAAANSUhEUgAABQAAAAM0AQAAAADMpLLbAAAAAnRSTlMAAHaTzTgAAACXSURBVHja7cEBDQAAAMKg909tDjegAAAAAAAAAAAAAAAAAAAAAAAAAAAAAAAAAAAAAAAAAAAAAAAAAAAAAAAAAAAAAAAAAAAAAAAAAAAAAAAAAAAAAAAAAAAAAAAAAAAAAAAAAAAAAAAAAAAAAAAAAAAAAAAAAAAAAAAAAAAAAAAAAAAAAAAAAAAAAAAAAAAAAAAAAIBHAwPSAAE+faf2AAAAAElFTkSuQmCC\" alt=\"San-Vicente-y-las-Granadinas\" data-src=\"https:\/\/elnacional-uploads.nyc3.digitaloceanspaces.com\/wp-content\/uploads\/2025\/11\/29083454\/San-Vicente-y-las-Granadinas-1280x820.jpg\" decoding=\"async\" class=\"lazyload\" data-eio-rwidth=\"1280\" data-eio-rheight=\"820\"\/><img decoding=\"async\" src=\"https:\/\/elnacional-uploads.nyc3.digitaloceanspaces.com\/wp-content\/uploads\/2025\/11\/29083454\/San-Vicente-y-las-Granadinas-1280x820.jpg\" alt=\"San-Vicente-y-las-Granadinas\" data-eio=\"l\"\/><figcaption>Godwin Friday es el nuevo primer ministro de San Vicente y las Granadinas. Foto: Searchlight<\/figcaption><\/div>\n<p>El peque\u00f1o archipi\u00e9lago caribe\u00f1o de <strong>San Vicente y las Granadinas eligi\u00f3 a Godwin Friday como primer ministro<\/strong>quien reemplaza a Ralph Gonsalves, una figura de la izquierda en el continente, que gobern\u00f3 desde 2001 y era conocido por su apoyo al presidente venezolano, Nicol\u00e1s Maduro.<\/p>\n<p><strong>La isla cambia hacia un gobierno de centroderecha mientras Estados Unidos despliega en la regi\u00f3n un operativo antidrogas<\/strong> dirigido especialmente contra el presunto narcotr\u00e1fico proveniente de Venezuela, cuyo gobierno lo se\u00f1ala Washington de liderar un cartel de drogas.<\/p>\n<p>Friday gan\u00f3 14 de los 15 esca\u00f1os parlamentarios para derrotar al \u00abCamarada Ralph\u00bb, como era conocido Gonsalves, un aliado cercano de l\u00edderes de izquierda en Latinoam\u00e9rica, en particular del brasile\u00f1o Luiz In\u00e1cio Lula da Silva, del cubano Miguel D\u00edaz-Canel y de Maduro.<\/p>\n<p><strong>El exgobernante no ha hecho declaraciones tras su derrota en las elecciones<\/strong>que puso fin a 25 a\u00f1os de gobierno, pero su hijo, el exministro de Finanzas Camilo Gonsalves, reconoci\u00f3 su derrota en su circunscripci\u00f3n.<\/p>\n<p>Gonsalves era un aliado de Maduro en organismos regionales como la Comunidad de Estados Latinoamericanos y Caribe\u00f1os (Celac), e incluso lo ayud\u00f3 a organizar en 2023 un encuentro con el presidente guyan\u00e9s Irfaan Ali para discutir sobre la centenaria disputa entre Venezuela y Guyana por el Esequibo, un territorio rico en petr\u00f3leo que reclama Caracas.<\/p>\n<p>El nuevo primer ministro es un historiador de 66 a\u00f1os que promete un mejor futuro para el archipi\u00e9lago tur\u00edstico, antigua colonia inglesa, con una poblaci\u00f3n de 100.000 habitantes.<\/p>\n<p><strong>\u00abS\u00e9 que somos un pa\u00eds pobre, pero podemos hacer mucho m\u00e1s con lo que tenemos que lo que estamos haciendo actualmente. Exhorto a todos a trabajar en ese sentido\u00bb<\/strong>. As\u00ed lo declar\u00f3 Friday poco despu\u00e9s de haber jurado el cargo el viernes.<\/p>\n<\/article>\n<\/div>\n\n","protected":false},"excerpt":{"rendered":"<p>Godwin Friday es el nuevo primer ministro de San Vicente y las Granadinas. Foto: Searchlight El peque\u00f1o archipi\u00e9lago caribe\u00f1o de San Vicente y las Granadinas eligi\u00f3 a Godwin Friday como primer ministroquien reemplaza a Ralph Gonsalves, una figura de la izquierda en el continente, que gobern\u00f3 desde 2001 y era conocido por su apoyo al &hellip;<\/p>\n","protected":false},"author":1,"featured_media":51775,"comment_status":"open","ping_status":"open","sticky":false,"template":"","format":"standard","meta":{"fifu_image_url":"https:\/\/elnacional-uploads.nyc3.digitaloceanspaces.com\/wp-content\/uploads\/2025\/11\/29083454\/San-Vicente-y-las-Granadinas.jpg","fifu_image_alt":"","footnotes":""},"categories":[13],"tags":[],"class_list":["post-51773","post","type-post","status-publish","format-standard","has-post-thumbnail","","category-mundo"],"_links":{"self":[{"href":"https:\/\/noticiasveraces.com\/index.php?rest_route=\/wp\/v2\/posts\/51773","targetHints":{"allow":["GET"]}}],"collection":[{"href":"https:\/\/noticiasveraces.com\/index.php?rest_route=\/wp\/v2\/posts"}],"about":[{"href":"https:\/\/noticiasveraces.com\/index.php?rest_route=\/wp\/v2\/types\/post"}],"author":[{"embeddable":true,"href":"https:\/\/noticiasveraces.com\/index.php?rest_route=\/wp\/v2\/users\/1"}],"replies":[{"embeddable":true,"href":"https:\/\/noticiasveraces.com\/index.php?rest_route=%2Fwp%2Fv2%2Fcomments&post=51773"}],"version-history":[{"count":0,"href":"https:\/\/noticiasveraces.com\/index.php?rest_route=\/wp\/v2\/posts\/51773\/revisions"}],"wp:featuredmedia":[{"embeddable":true,"href":"https:\/\/noticiasveraces.com\/index.php?rest_route=\/wp\/v2\/media\/51775"}],"wp:attachment":[{"href":"https:\/\/noticiasveraces.com\/index.php?rest_route=%2Fwp%2Fv2%2Fmedia&parent=51773"}],"wp:term":[{"taxonomy":"category","embeddable":true,"href":"https:\/\/noticiasveraces.com\/index.php?rest_route=%2Fwp%2Fv2%2Fcategories&post=51773"},{"taxonomy":"post_tag","embeddable":true,"href":"https:\/\/noticiasveraces.com\/index.php?rest_route=%2Fwp%2Fv2%2Ftags&post=51773"}],"curies":[{"name":"wp","href":"https:\/\/api.w.org\/{rel}","templated":true}]}}