{"id":51762,"date":"2025-11-29T08:16:46","date_gmt":"2025-11-29T12:16:46","guid":{"rendered":"https:\/\/noticiasveraces.com\/?p=51762"},"modified":"2025-11-29T08:16:46","modified_gmt":"2025-11-29T12:16:46","slug":"la-actividad-fisica-en-la-mediana-edad-reduce-el-riesgo-de-demencia-hasta-en-un-45-segun-un-estudio","status":"publish","type":"post","link":"https:\/\/noticiasveraces.com\/?p=51762","title":{"rendered":"La actividad f\u00edsica en la mediana edad reduce el riesgo de demencia hasta en un 45%, seg\u00fan un estudio"},"content":{"rendered":"<p> \n<\/p>\n<div>\n<div id=\"beyondwords-wrapper\" class=\"beyondwords-wrapper\">\n<p><span class=\"label-bg\">NUEVO<\/span>\u00a1Ahora puedes escuchar los art\u00edculos de Fox News!\n  <\/p>\n<\/div>\n<p class=\"speakable\">Aumentar la actividad f\u00edsica en la mediana edad o m\u00e1s tarde puede reducir las posibilidades de desarrollar demencia hasta en un 45%, seg\u00fan un estudio reciente publicado en JAMA Network Open.<\/p>\n<p class=\"speakable\">Investigadores de la Escuela de Salud P\u00fablica de la Universidad de Boston analizaron datos de m\u00e1s de 4.300 personas en el Framingham Heart Study Offspring, todos los cuales no padec\u00edan demencia al comienzo del estudio.<\/p>\n<p>Los individuos completaron un cuestionario en el que informaban la cantidad de sue\u00f1o y el nivel de actividad f\u00edsica (sedentaria, ligera, moderada o intensa), seg\u00fan el informe del estudio.<\/p>\n<p><strong>EL RIESGO DE DEMENCIA PODR\u00cdA ESTAR VINCULADO CON LA VELOCIDAD AL CAMINAR, SUGIERE UN ESTUDIO<\/strong><\/p>\n<h2><strong>Dise\u00f1o del estudio y hallazgos clave.<\/strong><\/h2>\n<p>Los investigadores analizaron la actividad f\u00edsica de los individuos a lo largo de tres etapas de la vida: la edad adulta temprana (de 26 a 44 a\u00f1os), la mediana edad (de 45 a 64 a\u00f1os) y la vejez (de 65 a 88 a\u00f1os).<\/p>\n<div class=\"image-ct inline\">\n<div class=\"m\"><picture><source media=\"(max-width: 767px)\" srcset=\"https:\/\/a57.foxnews.com\/static.foxnews.com\/foxnews.com\/content\/uploads\/2025\/11\/343\/192\/mature-woman-dementia-risk.jpg?ve=1&amp;tl=1, https:\/\/a57.foxnews.com\/static.foxnews.com\/foxnews.com\/content\/uploads\/2025\/11\/686\/384\/mature-woman-dementia-risk.jpg?ve=1&amp;tl=1 2x\" height=\"192\" width=\"343\"><source media=\"(min-width: 768px) and (max-width: 1023px)\" srcset=\"https:\/\/a57.foxnews.com\/static.foxnews.com\/foxnews.com\/content\/uploads\/2025\/11\/672\/378\/mature-woman-dementia-risk.jpg?ve=1&amp;tl=1, https:\/\/a57.foxnews.com\/static.foxnews.com\/foxnews.com\/content\/uploads\/2025\/11\/1344\/756\/mature-woman-dementia-risk.jpg?ve=1&amp;tl=1 2x\" height=\"378\" width=\"672\"><source media=\"(min-width: 1024px) and (max-width: 1279px)\" srcset=\"https:\/\/a57.foxnews.com\/static.foxnews.com\/foxnews.com\/content\/uploads\/2025\/11\/931\/523\/mature-woman-dementia-risk.jpg?ve=1&amp;tl=1, https:\/\/a57.foxnews.com\/static.foxnews.com\/foxnews.com\/content\/uploads\/2025\/11\/1862\/1046\/mature-woman-dementia-risk.jpg?ve=1&amp;tl=1 2x\" height=\"523\" width=\"931\"><source media=\"(min-width: 1280px)\" srcset=\"https:\/\/a57.foxnews.com\/static.foxnews.com\/foxnews.com\/content\/uploads\/2025\/11\/720\/405\/mature-woman-dementia-risk.jpg?ve=1&amp;tl=1, https:\/\/a57.foxnews.com\/static.foxnews.com\/foxnews.com\/content\/uploads\/2025\/11\/1440\/810\/mature-woman-dementia-risk.jpg?ve=1&amp;tl=1 2x\" height=\"405\" width=\"720\"><img loading=\"lazy\" decoding=\"async\" src=\"https:\/\/a57.foxnews.com\/static.foxnews.com\/foxnews.com\/content\/uploads\/2025\/11\/1200\/675\/mature-woman-dementia-risk.jpg?ve=1&amp;tl=1\" alt=\"Mujer madura en clase de ejercicio\" width=\"1200\" height=\"675\"\/><\/source><\/source><\/source><\/source><\/picture><\/div>\n<div class=\"info\">\n<div class=\"caption\">\n<p><span>Aumentar la actividad f\u00edsica en la mediana edad o m\u00e1s tarde puede reducir las posibilidades de desarrollar demencia hasta en un 45%, seg\u00fan un estudio reciente publicado en JAMA Network Open.<\/span> <span>(iStock)<\/span><\/p>\n<\/div>\n<\/div>\n<\/div>\n<p>Siguieron a los participantes durante un per\u00edodo promedio de 37,2, 25,9 y 14,5 a\u00f1os, respectivamente, para controlar la aparici\u00f3n del Alzheimer y otros tipos de demencia.<\/p>\n<p>Aquellos en los dos quintiles superiores de actividad f\u00edsica en la mediana edad se asociaron con un 40% menos de riesgo de demencia por todas las causas durante un per\u00edodo de 26 a\u00f1os, en comparaci\u00f3n con aquellos con el nivel de actividad m\u00e1s bajo.<\/p>\n<p><strong>LAS TASAS DE DEMENCIA SON M\u00c1S BAJAS EN LAS PERSONAS QUE COMEN ESTA DIETA ESPEC\u00cdFICA, MUESTRA UNA INVESTIGACI\u00d3N<\/strong><\/p>\n<p>Las personas en los dos quintiles superiores de actividad f\u00edsica en la vejez se asociaron con un riesgo de demencia entre un 36% y un 45% menor en 15 a\u00f1os.<\/p>\n<div class=\"image-ct inline\">\n<div class=\"m\"><picture><source media=\"(max-width: 767px)\" srcset=\"https:\/\/a57.foxnews.com\/static.foxnews.com\/foxnews.com\/content\/uploads\/2025\/03\/343\/192\/older-man-push-ups.jpg?ve=1&amp;tl=1, https:\/\/a57.foxnews.com\/static.foxnews.com\/foxnews.com\/content\/uploads\/2025\/03\/686\/384\/older-man-push-ups.jpg?ve=1&amp;tl=1 2x\" height=\"192\" width=\"343\"><source media=\"(min-width: 768px) and (max-width: 1023px)\" srcset=\"https:\/\/a57.foxnews.com\/static.foxnews.com\/foxnews.com\/content\/uploads\/2025\/03\/672\/378\/older-man-push-ups.jpg?ve=1&amp;tl=1, https:\/\/a57.foxnews.com\/static.foxnews.com\/foxnews.com\/content\/uploads\/2025\/03\/1344\/756\/older-man-push-ups.jpg?ve=1&amp;tl=1 2x\" height=\"378\" width=\"672\"><source media=\"(min-width: 1024px) and (max-width: 1279px)\" srcset=\"https:\/\/a57.foxnews.com\/static.foxnews.com\/foxnews.com\/content\/uploads\/2025\/03\/931\/523\/older-man-push-ups.jpg?ve=1&amp;tl=1, https:\/\/a57.foxnews.com\/static.foxnews.com\/foxnews.com\/content\/uploads\/2025\/03\/1862\/1046\/older-man-push-ups.jpg?ve=1&amp;tl=1 2x\" height=\"523\" width=\"931\"><source media=\"(min-width: 1280px)\" srcset=\"https:\/\/a57.foxnews.com\/static.foxnews.com\/foxnews.com\/content\/uploads\/2025\/03\/720\/405\/older-man-push-ups.jpg?ve=1&amp;tl=1, https:\/\/a57.foxnews.com\/static.foxnews.com\/foxnews.com\/content\/uploads\/2025\/03\/1440\/810\/older-man-push-ups.jpg?ve=1&amp;tl=1 2x\" height=\"405\" width=\"720\"><img loading=\"lazy\" decoding=\"async\" src=\"https:\/\/a57.foxnews.com\/static.foxnews.com\/foxnews.com\/content\/uploads\/2025\/03\/1200\/675\/older-man-push-ups.jpg?ve=1&amp;tl=1\" alt=\"Hombre haciendo flexiones\" width=\"1200\" height=\"675\"\/><\/source><\/source><\/source><\/source><\/picture><\/div>\n<div class=\"info\">\n<div class=\"caption\">\n<p><span>Aquellos con mayor actividad f\u00edsica en la mediana edad se asociaron con un 40% menos de riesgo de demencia por todas las causas durante un per\u00edodo de 26 a\u00f1os, en comparaci\u00f3n con aquellos con el nivel de actividad m\u00e1s bajo.<\/span> <span>(iStock)<\/span><\/p>\n<\/div>\n<\/div>\n<\/div>\n<p>\u00abEstos resultados pueden ayudar a informar estrategias m\u00e1s precisas y efectivas para prevenir o retrasar la aparici\u00f3n de la demencia en la vejez, y respaldar la evidencia de que los beneficios de la actividad f\u00edsica en el cerebro pueden extenderse a una edad m\u00e1s temprana de lo que se pensaba anteriormente\u00bb, dijo a Fox News Digital el autor del estudio Phillip Hwang, Ph.D., del Departamento de Epidemiolog\u00eda de la Escuela de Salud P\u00fablica de la Universidad de Boston. <\/p>\n<p><strong>HAGA CLIC AQU\u00cd PARA DESCARGAR LA APLICACI\u00d3N FOX NEWS<\/strong><\/p>\n<p>Una mayor actividad en la mediana edad se asoci\u00f3 con un menor riesgo de demencia s\u00f3lo en personas sin APOE4, una variante gen\u00e9tica relacionada con un mayor riesgo de Alzheimer.<\/p>\n<p>Sin embargo, este no fue el caso con el grupo de mayor actividad en la vejez, que mostr\u00f3 un riesgo reducido de demencia tanto entre los portadores de APOE4 como entre aquellos sin el gen, seg\u00fan el estudio.<\/p>\n<h2>El v\u00ednculo ejercicio-cerebro<\/h2>\n<p>\u00abExisten varios mecanismos posibles mediante los cuales se cree que la actividad f\u00edsica reduce el riesgo de demencia, como mejorar la estructura y funci\u00f3n del cerebro, reducir la inflamaci\u00f3n y ejercer beneficios sobre la funci\u00f3n vascular\u00bb, dijo Hwang a Fox News Digital.<\/p>\n<p><strong>HAGA CLIC AQU\u00cd PARA SUSCRIBIRSE A NUESTRO BOLET\u00cdN DE SALUD<\/strong><\/p>\n<p>Seg\u00fan el investigador, la actividad f\u00edsica tambi\u00e9n puede afectar directamente a la patolog\u00eda de la enfermedad de Alzheimer, como la acumulaci\u00f3n de beta-amiloide t\u00f3xico en el cerebro.<\/p>\n<div class=\"image-ct inline\">\n<div class=\"m\"><picture><source media=\"(max-width: 767px)\" srcset=\"https:\/\/a57.foxnews.com\/static.foxnews.com\/foxnews.com\/content\/uploads\/2025\/08\/343\/192\/new-alzheimer-study-women.jpg?ve=1&amp;tl=1, https:\/\/a57.foxnews.com\/static.foxnews.com\/foxnews.com\/content\/uploads\/2025\/08\/686\/384\/new-alzheimer-study-women.jpg?ve=1&amp;tl=1 2x\" height=\"192\" width=\"343\"><source media=\"(min-width: 768px) and (max-width: 1023px)\" srcset=\"https:\/\/a57.foxnews.com\/static.foxnews.com\/foxnews.com\/content\/uploads\/2025\/08\/672\/378\/new-alzheimer-study-women.jpg?ve=1&amp;tl=1, https:\/\/a57.foxnews.com\/static.foxnews.com\/foxnews.com\/content\/uploads\/2025\/08\/1344\/756\/new-alzheimer-study-women.jpg?ve=1&amp;tl=1 2x\" height=\"378\" width=\"672\"><source media=\"(min-width: 1024px) and (max-width: 1279px)\" srcset=\"https:\/\/a57.foxnews.com\/static.foxnews.com\/foxnews.com\/content\/uploads\/2025\/08\/931\/523\/new-alzheimer-study-women.jpg?ve=1&amp;tl=1, https:\/\/a57.foxnews.com\/static.foxnews.com\/foxnews.com\/content\/uploads\/2025\/08\/1862\/1046\/new-alzheimer-study-women.jpg?ve=1&amp;tl=1 2x\" height=\"523\" width=\"931\"><source media=\"(min-width: 1280px)\" srcset=\"https:\/\/a57.foxnews.com\/static.foxnews.com\/foxnews.com\/content\/uploads\/2025\/08\/720\/405\/new-alzheimer-study-women.jpg?ve=1&amp;tl=1, https:\/\/a57.foxnews.com\/static.foxnews.com\/foxnews.com\/content\/uploads\/2025\/08\/1440\/810\/new-alzheimer-study-women.jpg?ve=1&amp;tl=1 2x\" height=\"405\" width=\"720\"><img loading=\"lazy\" decoding=\"async\" src=\"https:\/\/a57.foxnews.com\/static.foxnews.com\/foxnews.com\/content\/uploads\/2025\/08\/1200\/675\/new-alzheimer-study-women.jpg?ve=1&amp;tl=1\" alt=\"Un nuevo estudio sobre el Alzheimer sugiere que las mujeres necesitan m\u00e1s omega 3\" width=\"1200\" height=\"675\"\/><\/source><\/source><\/source><\/source><\/picture><\/div>\n<div class=\"info\">\n<div class=\"caption\">\n<p><span>La actividad f\u00edsica tambi\u00e9n puede afectar directamente la patolog\u00eda de la enfermedad de Alzheimer, como la acumulaci\u00f3n de beta-amiloide t\u00f3xico en el cerebro.<\/span> <span>(iStock)<\/span><\/p>\n<\/div>\n<\/div>\n<\/div>\n<p>\u00abEstos mecanismos potenciales pueden contribuir a facilitar la reserva cognitiva, lo que puede retrasar el deterioro cognitivo en la vejez\u00bb.<\/p>\n<p>Se necesita m\u00e1s investigaci\u00f3n para comprender si todas estas posibles causas ocurren al mismo tiempo a lo largo de la vida de una persona, o si surgen diferentes causas en diferentes etapas, dijeron los investigadores.<\/p>\n<h2><strong>Reacciones de expertos<\/strong><\/h2>\n<p>La Dra. Cathryn Devons, MD, especialista en medicina geri\u00e1trica en el Hospital Phelps Northwell Health en Sleepy Hollow, Nueva York, no particip\u00f3 en el estudio, pero coment\u00f3 los hallazgos.<\/p>\n<p><strong>PRUEBA CON NUESTRO \u00daLTIMO QUIZ DE ESTILO DE VIDA<\/strong><\/p>\n<p>El ejercicio puede reducir el riesgo de hipertensi\u00f3n, accidente cerebrovascular, enfermedades vasculares, niveles de colesterol y diabetes: \u00abtodas las cosas que lo ponen en riesgo de sufrir problemas circulatorios en el cerebro\u00bb, dijo a Fox News Digital.<\/p>\n<p>El m\u00e9dico tambi\u00e9n se\u00f1al\u00f3 que se sabe que el ejercicio ayuda a reducir la inflamaci\u00f3n, lo que puede proteger la salud del cerebro.<\/p>\n<h2><strong>Limitaciones del estudio<\/strong><\/h2>\n<p>Una limitaci\u00f3n del estudio es que la actividad f\u00edsica se bas\u00f3 en informes propios, dijo Hwang a Fox News Digital.<\/p>\n<div class=\"image-ct inline\">\n<div class=\"m\"><picture><source media=\"(max-width: 767px)\" srcset=\"https:\/\/a57.foxnews.com\/static.foxnews.com\/foxnews.com\/content\/uploads\/2024\/07\/343\/192\/Alzheimers.png?ve=1&amp;tl=1, https:\/\/a57.foxnews.com\/static.foxnews.com\/foxnews.com\/content\/uploads\/2024\/07\/686\/384\/Alzheimers.png?ve=1&amp;tl=1 2x\" height=\"192\" width=\"343\"><source media=\"(min-width: 768px) and (max-width: 1023px)\" srcset=\"https:\/\/a57.foxnews.com\/static.foxnews.com\/foxnews.com\/content\/uploads\/2024\/07\/672\/378\/Alzheimers.png?ve=1&amp;tl=1, https:\/\/a57.foxnews.com\/static.foxnews.com\/foxnews.com\/content\/uploads\/2024\/07\/1344\/756\/Alzheimers.png?ve=1&amp;tl=1 2x\" height=\"378\" width=\"672\"><source media=\"(min-width: 1024px) and (max-width: 1279px)\" srcset=\"https:\/\/a57.foxnews.com\/static.foxnews.com\/foxnews.com\/content\/uploads\/2024\/07\/931\/523\/Alzheimers.png?ve=1&amp;tl=1, https:\/\/a57.foxnews.com\/static.foxnews.com\/foxnews.com\/content\/uploads\/2024\/07\/1862\/1046\/Alzheimers.png?ve=1&amp;tl=1 2x\" height=\"523\" width=\"931\"><source media=\"(min-width: 1280px)\" srcset=\"https:\/\/a57.foxnews.com\/static.foxnews.com\/foxnews.com\/content\/uploads\/2024\/07\/720\/405\/Alzheimers.png?ve=1&amp;tl=1, https:\/\/a57.foxnews.com\/static.foxnews.com\/foxnews.com\/content\/uploads\/2024\/07\/1440\/810\/Alzheimers.png?ve=1&amp;tl=1 2x\" height=\"405\" width=\"720\"><img loading=\"lazy\" decoding=\"async\" src=\"https:\/\/a57.foxnews.com\/static.foxnews.com\/foxnews.com\/content\/uploads\/2024\/07\/1200\/675\/Alzheimers.png?ve=1&amp;tl=1\" alt=\"Resultados de la exploraci\u00f3n PET\" width=\"1200\" height=\"675\"\/><\/source><\/source><\/source><\/source><\/picture><\/div>\n<div class=\"info\">\n<div class=\"caption\">\n<p><span>La actividad f\u00edsica tambi\u00e9n puede afectar directamente la patolog\u00eda de la enfermedad de Alzheimer, como la acumulaci\u00f3n de beta-amiloide t\u00f3xico en el cerebro.<\/span> <span>(Foto AP\/Evan Vucci, archivo)<\/span><\/p>\n<\/div>\n<\/div>\n<\/div>\n<p>\u00abAunque podemos decir a partir de estos resultados que unos niveles m\u00e1s altos de actividad f\u00edsica general se asocian con un riesgo reducido de demencia, estos resultados no pueden traducirse bien en recomendaciones sobre tipos de ejercicio espec\u00edficos\u00bb, afirm\u00f3.<\/p>\n<p>Adem\u00e1s, el nivel de actividad f\u00edsica en la edad adulta temprana no se relacion\u00f3 con la demencia por todas las causas o la demencia de Alzheimer.<\/p>\n<p><strong>HAGA CLIC AQU\u00cd PARA M\u00c1S HISTORIAS DE SALUD<\/strong><\/p>\n<p>\u00abEs posible que no hayamos tenido suficiente poder para detectar asociaciones con la actividad f\u00edsica en los primeros a\u00f1os de la vida adulta debido al peque\u00f1o n\u00famero de casos de demencia en este grupo de edad\u00bb, anotaron los autores.<\/p>\n<p>Devons estuvo de acuerdo en que si bien el estudio puede tener limitaciones, respalda la idea de que el ejercicio reduce el riesgo de demencia.<\/p>\n<p> <!----> <\/p>\n<div class=\"article-meta\">\n<div class=\"author-bio\">\n<p>Amy McGorry es redactora colaboradora de salud para Fox News Digital. S\u00edguela en Twitter <a href=\"http:\/\/twitter.com\/amymcgorry?lang=en\" target=\"_blank\">@amymcgorry<\/a>.<\/p>\n<\/div>\n<\/div>\n<\/div>\n<p><script async src=\"https:\/\/platform.twitter.com\/widgets.js\" charset=\"utf-8\"><\/script><br \/>\n<br \/>\n","protected":false},"excerpt":{"rendered":"<p>NUEVO\u00a1Ahora puedes escuchar los art\u00edculos de Fox News! Aumentar la actividad f\u00edsica en la mediana edad o m\u00e1s tarde puede reducir las posibilidades de desarrollar demencia hasta en un 45%, seg\u00fan un estudio reciente publicado en JAMA Network Open. Investigadores de la Escuela de Salud P\u00fablica de la Universidad de Boston analizaron datos de m\u00e1s &hellip;<\/p>\n","protected":false},"author":1,"featured_media":51764,"comment_status":"open","ping_status":"open","sticky":false,"template":"","format":"standard","meta":{"fifu_image_url":"https:\/\/a57.foxnews.com\/static.foxnews.com\/foxnews.com\/content\/uploads\/2025\/11\/1200\/675\/mature-woman-dementia-risk.jpg?ve=1&tl=1","fifu_image_alt":"","footnotes":""},"categories":[8],"tags":[],"class_list":["post-51762","post","type-post","status-publish","format-standard","has-post-thumbnail","","category-salud"],"_links":{"self":[{"href":"https:\/\/noticiasveraces.com\/index.php?rest_route=\/wp\/v2\/posts\/51762","targetHints":{"allow":["GET"]}}],"collection":[{"href":"https:\/\/noticiasveraces.com\/index.php?rest_route=\/wp\/v2\/posts"}],"about":[{"href":"https:\/\/noticiasveraces.com\/index.php?rest_route=\/wp\/v2\/types\/post"}],"author":[{"embeddable":true,"href":"https:\/\/noticiasveraces.com\/index.php?rest_route=\/wp\/v2\/users\/1"}],"replies":[{"embeddable":true,"href":"https:\/\/noticiasveraces.com\/index.php?rest_route=%2Fwp%2Fv2%2Fcomments&post=51762"}],"version-history":[{"count":0,"href":"https:\/\/noticiasveraces.com\/index.php?rest_route=\/wp\/v2\/posts\/51762\/revisions"}],"wp:featuredmedia":[{"embeddable":true,"href":"https:\/\/noticiasveraces.com\/index.php?rest_route=\/wp\/v2\/media\/51764"}],"wp:attachment":[{"href":"https:\/\/noticiasveraces.com\/index.php?rest_route=%2Fwp%2Fv2%2Fmedia&parent=51762"}],"wp:term":[{"taxonomy":"category","embeddable":true,"href":"https:\/\/noticiasveraces.com\/index.php?rest_route=%2Fwp%2Fv2%2Fcategories&post=51762"},{"taxonomy":"post_tag","embeddable":true,"href":"https:\/\/noticiasveraces.com\/index.php?rest_route=%2Fwp%2Fv2%2Ftags&post=51762"}],"curies":[{"name":"wp","href":"https:\/\/api.w.org\/{rel}","templated":true}]}}