{"id":51755,"date":"2025-11-29T08:00:03","date_gmt":"2025-11-29T12:00:03","guid":{"rendered":"https:\/\/noticiasveraces.com\/?p=51755"},"modified":"2025-11-29T08:00:03","modified_gmt":"2025-11-29T12:00:03","slug":"uruguay-le-pide-a-godin-que-se-sume-al-cuerpo-tecnico-de-bielsa-como-nexo-de-union","status":"publish","type":"post","link":"https:\/\/noticiasveraces.com\/?p=51755","title":{"rendered":"Uruguay le pide a God\u00edn que se sume al cuerpo t\u00e9cnico de Bielsa como &#8216;nexo de uni\u00f3n&#8217;"},"content":{"rendered":"<p> \n<\/p>\n<div>\n<p data-mrf-recirculation=\"Links P\u00e1rrafos\" class=\"ue-c-article__paragraph paragraph xai-icon-container ue-c-article--first-letter-highlighted\">diego <strong>God\u00edn es el nombre que se baraja en Uruguay como posible nexo de uni\u00f3n entre el cuerpo t\u00e9cnico de Marcelo Bielsa<\/strong>seleccionador de La Celeste, y los jugadores, dentro del conflicto que traen ambas partes y que est\u00e1 provocando dudas en el seno de la AUF sobre el manejo del entrenador argentino.<span\/><span class=\"xai-icon\"\/><\/p>\n<p data-mrf-recirculation=\"Links P\u00e1rrafos\" class=\"ue-c-article__paragraph paragraph xai-icon-container\">El propio <strong>Bielsa habr\u00eda propuesto al Comit\u00e9 Ejecutivo de la Asociaci\u00f3n Uruguaya de F\u00fatbol (AUF) <\/strong>al m\u00edtico exdefensa del Atl\u00e9tico de Madrid, ya retirado, como integrante del staff de la Celeste.<span\/><span class=\"xai-icon\"\/><\/p>\n<figure class=\"ue-c-article__media ue-c-article__media--video  video-player\"><figcaption class=\"ue-c-article__media-caption\" itemprop=\"description\">\n<p><span class=\"ue-c-article__media-description\">Marcelo Bielsa: \u00abYo soy t\u00f3xico y lo vivo como un carma\u00bb<\/span><\/p>\n<\/figcaption><\/figure>\n<p data-mrf-recirculation=\"Links P\u00e1rrafos\" class=\"ue-c-article__paragraph paragraph xai-icon-container\">Todo sali\u00f3 de la reuni\u00f3n de m\u00e1s de cuatro horas que mantuvieron las partes (AUF y Bielsa) esta semana en el Complejo de la AUF. Un &#8216;meeting&#8217; en el <strong>que se trat\u00f3 la continuidad de Bielsa tras muchos rumores sobre su salida<\/strong>. Finalmente, se decidi\u00f3 seguir con &#8216;El Loco&#8217; hasta el Mundial&#8230; y luego ya se ver\u00e1.<span\/><span class=\"xai-icon\"\/><\/p>\n<figure class=\"ue-c-article__media ue-c-article__media--video  video-player\"><figcaption class=\"ue-c-article__media-caption\" itemprop=\"description\">\n<p><span class=\"ue-c-article__media-description\">Bielsa se siente avergonzado, pero no dimite<\/span><\/p>\n<\/figcaption><\/figure>\n<p data-mrf-recirculation=\"Links P\u00e1rrafos\" class=\"ue-c-article__paragraph paragraph xai-icon-container\">Recordemos que <strong>el conflicto entre Bielsa y vestuario parece grande y nadie mejor que God\u00edn para intentar solucionar <\/strong>esto. El exjugador a\u00fan no ha tenido ninguna experiencia en un cuerpo t\u00e9cnico aunque su idea es la de dedicarse al f\u00fatbol tras unos a\u00f1os de asueto tras su retirada.<span\/><span class=\"xai-icon\"\/><\/p>\n<p data-mrf-recirculation=\"Links P\u00e1rrafos\" class=\"ue-c-article__paragraph paragraph xai-icon-container\"><strong>God\u00edn es el jugador que m\u00e1s partidos ha jugado con la selecci\u00f3n uruguaya (161<\/strong> y ocho goles) y es el mejor defensa en la historia del f\u00fatbol Celeste.<span\/><span class=\"xai-icon\"\/><\/p>\n<\/div>\n\n","protected":false},"excerpt":{"rendered":"<p>diego God\u00edn es el nombre que se baraja en Uruguay como posible nexo de uni\u00f3n entre el cuerpo t\u00e9cnico de Marcelo Bielsaseleccionador de La Celeste, y los jugadores, dentro del conflicto que traen ambas partes y que est\u00e1 provocando dudas en el seno de la AUF sobre el manejo del entrenador argentino. El propio Bielsa &hellip;<\/p>\n","protected":false},"author":1,"featured_media":51756,"comment_status":"open","ping_status":"open","sticky":false,"template":"","format":"standard","meta":{"fifu_image_url":"https:\/\/objetos-xlk.estaticos-marca.com\/files\/article_main_microformat\/\/uploads\/2025\/11\/29\/692aca05c1844.jpeg","fifu_image_alt":"","footnotes":""},"categories":[6],"tags":[],"class_list":["post-51755","post","type-post","status-publish","format-standard","has-post-thumbnail","","category-deportes"],"_links":{"self":[{"href":"https:\/\/noticiasveraces.com\/index.php?rest_route=\/wp\/v2\/posts\/51755","targetHints":{"allow":["GET"]}}],"collection":[{"href":"https:\/\/noticiasveraces.com\/index.php?rest_route=\/wp\/v2\/posts"}],"about":[{"href":"https:\/\/noticiasveraces.com\/index.php?rest_route=\/wp\/v2\/types\/post"}],"author":[{"embeddable":true,"href":"https:\/\/noticiasveraces.com\/index.php?rest_route=\/wp\/v2\/users\/1"}],"replies":[{"embeddable":true,"href":"https:\/\/noticiasveraces.com\/index.php?rest_route=%2Fwp%2Fv2%2Fcomments&post=51755"}],"version-history":[{"count":0,"href":"https:\/\/noticiasveraces.com\/index.php?rest_route=\/wp\/v2\/posts\/51755\/revisions"}],"wp:featuredmedia":[{"embeddable":true,"href":"https:\/\/noticiasveraces.com\/index.php?rest_route=\/wp\/v2\/media\/51756"}],"wp:attachment":[{"href":"https:\/\/noticiasveraces.com\/index.php?rest_route=%2Fwp%2Fv2%2Fmedia&parent=51755"}],"wp:term":[{"taxonomy":"category","embeddable":true,"href":"https:\/\/noticiasveraces.com\/index.php?rest_route=%2Fwp%2Fv2%2Fcategories&post=51755"},{"taxonomy":"post_tag","embeddable":true,"href":"https:\/\/noticiasveraces.com\/index.php?rest_route=%2Fwp%2Fv2%2Ftags&post=51755"}],"curies":[{"name":"wp","href":"https:\/\/api.w.org\/{rel}","templated":true}]}}