{"id":51749,"date":"2025-11-29T07:56:14","date_gmt":"2025-11-29T11:56:14","guid":{"rendered":"https:\/\/noticiasveraces.com\/?p=51749"},"modified":"2025-11-29T07:56:14","modified_gmt":"2025-11-29T11:56:14","slug":"papa-leon-xiv-entro-a-la-mezquita-azul-de-estambul-y-rompe-la-tradicion-al-no-rezar","status":"publish","type":"post","link":"https:\/\/noticiasveraces.com\/?p=51749","title":{"rendered":"Papa Le\u00f3n XIV entr\u00f3 a la Mezquita Azul de Estambul y rompe la tradici\u00f3n al no rezar"},"content":{"rendered":"<p> \n<\/p>\n<div id=\"\">\n<p><strong>El papa Le\u00f3n XIV entr\u00f3 este s\u00e1bado por primera vez en su pontificado en una mezquita<\/strong>al visitar la de Sultan Ahmed, conocida como la Mezquita Azul de Estambul. Sin embargo, no or\u00f3, como s\u00ed hicieron sus predecesores, durante el tercer d\u00eda de visita a Turqu\u00eda.<\/p>\n<p>El muec\u00edn de la mezquita, Askin Musa Tunca, que acompa\u00f1\u00f3 a Le\u00f3n XIV, explic\u00f3 a los medios que al inicio le dijeron que el papa iba a rezar aqu\u00ed, pero que cuando le pregunt\u00f3 si quer\u00eda tener un \u00abmomento de alabanza\u00bb, el papa le dijo que \u00abno, que solo quer\u00eda visitarla\u00bb.<\/p>\n<p><strong>El pont\u00edfice estadounidense y peruano estuvo acompa\u00f1ado por Ali Erbas, presidente de la Direcci\u00f3n de Asuntos Religiosos (Diyanet) <\/strong>y se convierte as\u00ed en el cuarto papa que entra en una mezquita, y el tercero en esta de Sultan Ahmed, donde tambi\u00e9n estuvieron Benedicto XVI y Francisco, public\u00f3 la agencia de noticias EFE.<\/p>\n<p>Se esperaba un momento de recogimiento silencioso mirando a la Meca como hicieron tanto Benedicto XVI como Francisco, pero Le\u00f3n XIV decidi\u00f3 no hacerlo, a pesar de la invitaci\u00f3n.<\/p>\n<p>\u00abSe le explic\u00f3 que \u00e9sta era la casa de Al\u00e1 y que pod\u00eda tener un momento de alabanza\u00bb, pero contest\u00f3 \u00abque estaba bien as\u00ed\u00bb y que continuaba \u00abdando una vuelta\u00bb por la mezquita, que recorri\u00f3 durante 20 minutos mientras escuchaba las explicaciones del muec\u00edn, quien gu\u00eda la oraci\u00f3n.<\/p>\n<p>Como manda la cultura isl\u00e1mica, Le\u00f3n XIV tuvo que descalzarse para entrar y despu\u00e9s admir\u00f3 los colores de las b\u00f3vedas de Sult\u00e1n Ahmed.<\/p>\n<p>La circunstancia necesit\u00f3 una declaraci\u00f3n del Vaticano. <strong>\u00abEl papa Le\u00f3n XIV ha vivido la mezquita en silencio, en esp\u00edritu de recogimiento y de escucha, con profundo respeto del lugar y de la fe de los que rezan all\u00ed\u00bb<\/strong>. As\u00ed lo explic\u00f3 la oficina de prensa de la Santa Sede.<\/p>\n<p><strong>Juan Pablo II fue el primer pont\u00edfice que entr\u00f3 en una mezquita<\/strong>cuando visit\u00f3 Damasco en 2001, en un momento hist\u00f3rico, ya que ninguno hab\u00eda visitado nunca este lugar. \u00c9l mismo visit\u00f3 en el a\u00f1o 2000 la Explanada de las Mezquitas en Jerusal\u00e9n, pero no entr\u00f3 en ninguna.<\/p>\n<p>La Mezquita Azul est\u00e1 situada en la plaza de Sultanahmet y la construyeron a principios del siglo XVII. Su nombre deriva de los maravillosos mosaicos de azulejos azules de Iznik que est\u00e1n en su patio interior.<\/p>\n<p>Su construcci\u00f3n cre\u00f3 grandes pol\u00e9micas en el mundo musulm\u00e1n, pues sus seis minaretes se consideraban un atentado sacr\u00edlego al rivalizar con La Meca.<\/p>\n<h2 class=\"wp-block-heading\" id=\"h-datos-de-la-mezquita-que-visito-el-papa-leon-xiv\">Datos de la mezquita que visit\u00f3 el papa Le\u00f3n XIV<\/h2>\n<p>Tanto que la respuesta de La Meca fue agregar un minarete m\u00e1s a su mezquita para as\u00ed imponer su superioridad como lugar de nacimiento del profeta Mahoma y de peregrinaci\u00f3n de los musulmanes.<\/p>\n<p><strong>La Mezquita Azul, situada enfrente de Hagia Sophia (Santa Sof\u00eda), fue construida por Sin\u00e1n Ibn Abdulmennan, o Mimar Sin\u00e1n (en turco, \u00abArquitecto Sin\u00e1n\u00bb), <\/strong>que fue el jefe de los arquitectos imperiales y sus ideas revolucionaron la concepci\u00f3n est\u00e9tica del Islam.<\/p>\n<p>En su viaje en 2006, Benedicto XVI rez\u00f3 en esta mezquita delante del mihrab, la hornacina en la pared que indica la direcci\u00f3n de la Meca, y el entonces portavoz del Vaticano, Federico Lombardi, tuvo que especificar que se trat\u00f3 de un momento de \u00abrecogimiento\u00bb. Este gesto marc\u00f3 un hito para las relaciones con el islam. Adem\u00e1s sirvi\u00f3 para borrar la pol\u00e9mica surgida tras el discurso del papa alem\u00e1n en Ratisbona.<\/p>\n<p>En 2014, el papa Francisco tambi\u00e9n tuvo un momento de \u00abadoraci\u00f3n silenciosa\u201d en el mismo lugar que su antecesor.<\/p>\n<\/div>\n\n","protected":false},"excerpt":{"rendered":"<p>El papa Le\u00f3n XIV entr\u00f3 este s\u00e1bado por primera vez en su pontificado en una mezquitaal visitar la de Sultan Ahmed, conocida como la Mezquita Azul de Estambul. Sin embargo, no or\u00f3, como s\u00ed hicieron sus predecesores, durante el tercer d\u00eda de visita a Turqu\u00eda. El muec\u00edn de la mezquita, Askin Musa Tunca, que acompa\u00f1\u00f3 &hellip;<\/p>\n","protected":false},"author":1,"featured_media":51750,"comment_status":"open","ping_status":"open","sticky":false,"template":"","format":"standard","meta":{"fifu_image_url":"https:\/\/elnacional-uploads.nyc3.digitaloceanspaces.com\/wp-content\/uploads\/2025\/11\/29073144\/Papa-Leon-1-1.jpg","fifu_image_alt":"","footnotes":""},"categories":[4],"tags":[],"class_list":["post-51749","post","type-post","status-publish","format-standard","has-post-thumbnail","","category-historias-destacadas"],"_links":{"self":[{"href":"https:\/\/noticiasveraces.com\/index.php?rest_route=\/wp\/v2\/posts\/51749","targetHints":{"allow":["GET"]}}],"collection":[{"href":"https:\/\/noticiasveraces.com\/index.php?rest_route=\/wp\/v2\/posts"}],"about":[{"href":"https:\/\/noticiasveraces.com\/index.php?rest_route=\/wp\/v2\/types\/post"}],"author":[{"embeddable":true,"href":"https:\/\/noticiasveraces.com\/index.php?rest_route=\/wp\/v2\/users\/1"}],"replies":[{"embeddable":true,"href":"https:\/\/noticiasveraces.com\/index.php?rest_route=%2Fwp%2Fv2%2Fcomments&post=51749"}],"version-history":[{"count":0,"href":"https:\/\/noticiasveraces.com\/index.php?rest_route=\/wp\/v2\/posts\/51749\/revisions"}],"wp:featuredmedia":[{"embeddable":true,"href":"https:\/\/noticiasveraces.com\/index.php?rest_route=\/wp\/v2\/media\/51750"}],"wp:attachment":[{"href":"https:\/\/noticiasveraces.com\/index.php?rest_route=%2Fwp%2Fv2%2Fmedia&parent=51749"}],"wp:term":[{"taxonomy":"category","embeddable":true,"href":"https:\/\/noticiasveraces.com\/index.php?rest_route=%2Fwp%2Fv2%2Fcategories&post=51749"},{"taxonomy":"post_tag","embeddable":true,"href":"https:\/\/noticiasveraces.com\/index.php?rest_route=%2Fwp%2Fv2%2Ftags&post=51749"}],"curies":[{"name":"wp","href":"https:\/\/api.w.org\/{rel}","templated":true}]}}