{"id":51731,"date":"2025-11-29T01:44:29","date_gmt":"2025-11-29T05:44:29","guid":{"rendered":"https:\/\/noticiasveraces.com\/?p=51731"},"modified":"2025-11-29T01:44:29","modified_gmt":"2025-11-29T05:44:29","slug":"el-perdedor-en-jefe-exconsejero-de-trump-insta-a-arrestar-a-zelenski-tras-la-caida-de-su-mano-derecha","status":"publish","type":"post","link":"https:\/\/noticiasveraces.com\/?p=51731","title":{"rendered":"\u00abEl perdedor en jefe\u00bb: Exconsejero de Trump insta a arrestar a Zelenski tras la ca\u00edda de su &#8216;mano derecha&#8217;"},"content":{"rendered":"<p> \n<\/p>\n<div>\n<p>El exconsejero de seguridad nacional de Estados Unidos, teniente general Michael Flynn,\u00a0public\u00f3\u00a0en la red social X un mensaje en el que lanz\u00f3 una serie de acusaciones directas contra el l\u00edder del r\u00e9gimen ucraniano, Vlad\u00edmir Zelenski.<\/p>\n<p>\u00abEl <strong>perdedor en jefe<\/strong>Zelenski, junto con su c\u00edrculo \u00edntimo corrupto, <strong>deben ser arrestados<\/strong>\u00ab, escribi\u00f3, en una cr\u00edtica frontal a la dirigencia ucraniana.<\/p>\n<div class=\"ReadMore-root Section-root Section-is1to3-xs_is1to1\" data-widgets=\"ReadMore\">\n<div class=\"Section-container Section-isRow-isTop-isWrap\">\n<article class=\"Card-root Card-is1to1 Card-default \">\n<div class=\"Card-imageWrap\">\n<div class=\"Card-picture\">\n<picture class=\"Picture-root Picture-default\"><!--[if IE 9]><video style=\"display: none;\"><![endif]--><source media=\"(-webkit-min-device-pixel-ratio: 2) and (min-resolution: 120dpi)\" data-srcset=\"&#10;                                            https:\/\/mfes.b37m.ru\/actualidad\/public_images\/2025.11\/thumbnail\/6929ce9859bf5b1e026e52be.jpg 850w,&#10;                                    https:\/\/mfes.b37m.ru\/actualidad\/public_images\/2025.11\/article\/6929ce9859bf5b1e026e52be.jpg 1960w,            \" srcset=\"&#10;                                    data:image\/png;base64,iVBORw0KGgoAAAANSUhEUgAAABAAAAAJCAQAAACRI2S5AAAAEElEQVR42mNkIAAYRxWAAQAG9gAKqv6+AwAAAABJRU5ErkJggg==&#10;                            \"><source data-srcset=\"&#10;                                            https:\/\/mfes.b37m.ru\/actualidad\/public_images\/2025.11\/thumbnail\/6929ce9859bf5b1e026e52be.jpg 460,&#10;                                  https:\/\/mfes.b37m.ru\/actualidad\/public_images\/2025.11\/article\/6929ce9859bf5b1e026e52be.jpg 980w,&#10;            \" srcset=\"&#10;                                    data:image\/png;base64,iVBORw0KGgoAAAANSUhEUgAAABAAAAAJCAQAAACRI2S5AAAAEElEQVR42mNkIAAYRxWAAQAG9gAKqv6+AwAAAABJRU5ErkJggg==&#10;                            \"><!--[if IE 9]><\/video><![endif]--><img decoding=\"async\" data-sizes=\"auto\" src=\"&#10;                                    data:image\/png;base64,iVBORw0KGgoAAAANSUhEUgAAABAAAAAJCAQAAACRI2S5AAAAEElEQVR42mNkIAAYRxWAAQAG9gAKqv6+AwAAAABJRU5ErkJggg==&#10;                            \" class=\"Picture-root Picture-default lazyload\" data-src=\"https:\/\/mfes.b37m.ru\/actualidad\/public_images\/2025.11\/thumbnail\/6929ce9859bf5b1e026e52be.jpg\" alt=\"El d\u00eda que Zelenski prometi\u00f3 que Andr\u00e9i Yermak se ir\u00eda con \u00e9l\"\/><\/source><\/source><\/picture><!-- noscript pattern --><img decoding=\"async\" src=\"https:\/\/mfes.b37m.ru\/actualidad\/public_images\/2025.11\/article\/6929ce9859bf5b1e026e52be.jpg\" alt=\"El d\u00eda que Zelenski prometi\u00f3 que Andr\u00e9i Yermak se ir\u00eda con \u00e9l\"\/>    <\/div>\n<\/p><\/div>\n<\/article><\/div>\n<\/p><\/div>\n<p>Asimismo, exhort\u00f3 a realizar una <strong>\u00abinvestigaci\u00f3n leg\u00edtima\u00bb<\/strong> sobre lo que describi\u00f3 como \u00aba\u00f1os de desperdicio, fraude y abuso\u00bb,\u00a0t\u00e9rminos con los\u00a0que sostiene que los fondos enviados a Ucrania habr\u00edan sido mal utilizados. A su juicio, \u00abse deben recuperar las <strong>decenas de miles de millones de d\u00f3lares robados<\/strong>\u00ab, y acus\u00f3 directamente de apropiaci\u00f3n indebida al entorno de Kiev.<\/p>\n<p>Sin embargo, la figura de Andr\u00e9i Yermak, <strong>mano derecha de Zelenski<\/strong> como jefe de\u00a0su Oficina, ha sido sacudida por un esc\u00e1ndalo de corrupci\u00f3n. Este viernes, las agencias anticorrupci\u00f3n de Ucrania registraron su domicilio y su oficina en el marco de una investigaci\u00f3n contra una supuesta red de contratos fraudulentos en el sector energ\u00e9tico. Poco despu\u00e9s, <strong>present\u00f3 su renuncia al cargo<\/strong>.<\/p>\n<h3>Megaesc\u00e1ndalo de corrupci\u00f3n<\/h3>\n<div class=\"ReadMore-root Section-root Section-is1to3-xs_is1to1\" data-widgets=\"ReadMore\">\n<div class=\"Section-container Section-isRow-isTop-isWrap\">\n<article class=\"Card-root Card-is1to1 Card-default \">\n<div class=\"Card-imageWrap\">\n<div class=\"Card-picture\">\n<picture class=\"Picture-root Picture-default\"><!--[if IE 9]><video style=\"display: none;\"><![endif]--><source media=\"(-webkit-min-device-pixel-ratio: 2) and (min-resolution: 120dpi)\" data-srcset=\"&#10;                                            https:\/\/mfes.b37m.ru\/actualidad\/public_images\/2025.11\/thumbnail\/692a493ce9ff7114490c99dc.jpg 850w,&#10;                                    https:\/\/mfes.b37m.ru\/actualidad\/public_images\/2025.11\/article\/692a493ce9ff7114490c99dc.jpg 1960w,            \" srcset=\"&#10;                                    data:image\/png;base64,iVBORw0KGgoAAAANSUhEUgAAABAAAAAJCAQAAACRI2S5AAAAEElEQVR42mNkIAAYRxWAAQAG9gAKqv6+AwAAAABJRU5ErkJggg==&#10;                            \"><source data-srcset=\"&#10;                                            https:\/\/mfes.b37m.ru\/actualidad\/public_images\/2025.11\/thumbnail\/692a493ce9ff7114490c99dc.jpg 460,&#10;                                  https:\/\/mfes.b37m.ru\/actualidad\/public_images\/2025.11\/article\/692a493ce9ff7114490c99dc.jpg 980w,&#10;            \" srcset=\"&#10;                                    data:image\/png;base64,iVBORw0KGgoAAAANSUhEUgAAABAAAAAJCAQAAACRI2S5AAAAEElEQVR42mNkIAAYRxWAAQAG9gAKqv6+AwAAAABJRU5ErkJggg==&#10;                            \"><!--[if IE 9]><\/video><![endif]--><img decoding=\"async\" data-sizes=\"auto\" src=\"&#10;                                    data:image\/png;base64,iVBORw0KGgoAAAANSUhEUgAAABAAAAAJCAQAAACRI2S5AAAAEElEQVR42mNkIAAYRxWAAQAG9gAKqv6+AwAAAABJRU5ErkJggg==&#10;                            \" class=\"Picture-root Picture-default lazyload\" data-src=\"https:\/\/mfes.b37m.ru\/actualidad\/public_images\/2025.11\/thumbnail\/692a493ce9ff7114490c99dc.jpg\" alt=\"La dimisi\u00f3n de la 'mano derecha' de Zelenski: \u00bfun 'sacrificio' para mantener a flote al r\u00e9gimen?\"\/><\/source><\/source><\/picture><!-- noscript pattern --><img decoding=\"async\" src=\"https:\/\/mfes.b37m.ru\/actualidad\/public_images\/2025.11\/article\/692a493ce9ff7114490c99dc.jpg\" alt=\"La dimisi\u00f3n de la 'mano derecha' de Zelenski: \u00bfun 'sacrificio' para mantener a flote al r\u00e9gimen?\"\/>    <\/div>\n<\/p><\/div>\n<\/article><\/div>\n<\/p><\/div>\n<p><strong>Fajos de millares de d\u00f3lares y euros en efectivo<\/strong> decomisados durante las redadas de los agentes anticorrupci\u00f3n, <strong>escuchas en las viviendas de los sospechosos<\/strong>grabaciones secretas de conversaciones telef\u00f3nicas y horas de material por analizar dieron una base s\u00f3lida para sustentar las investigaciones y destapar la megacorrupci\u00f3n que ha corro\u00eddo a la c\u00fapula del r\u00e9gimen de Kiev. <\/p>\n<p>A mediados de noviembre, la\u00a0NABU\u00a0comunic\u00f3\u00a0que hab\u00eda detenido\u00a0a cinco personas e identificado a otros siete sospechosos en una investigaci\u00f3n\u00a0sobre sobornos por unos <strong>100 millones de d\u00f3lares<\/strong> en el sector energ\u00e9tico. Seg\u00fan las indagaciones, los contratistas de la\u00a0compa\u00f1\u00eda estatal de energ\u00eda at\u00f3mica Energo\u00e1tom, en pleno conflicto militar, pagaron\u00a0comisiones ilegales de entre 10 % y 15 % del valor de los contratos, bajo la amenaza de bloqueo de pagos y la p\u00e9rdida de la condici\u00f3n de proveedor.<\/p>\n<p><em><strong>Para saber m\u00e1s sobre Yermak, la mano derecha de Zelenski, lea\u00a0nuestro art\u00edculo<\/strong><\/em><\/p>\n<p><em><strong>Para saber m\u00e1s sobre\u00a0el megaesc\u00e1ndalo de corrupci\u00f3n que atrapa a Zelenski, lea\u00a0nuestro art\u00edculo<\/strong><\/em><\/p>\n<\/div>\n\n","protected":false},"excerpt":{"rendered":"<p>El exconsejero de seguridad nacional de Estados Unidos, teniente general Michael Flynn,\u00a0public\u00f3\u00a0en la red social X un mensaje en el que lanz\u00f3 una serie de acusaciones directas contra el l\u00edder del r\u00e9gimen ucraniano, Vlad\u00edmir Zelenski. \u00abEl perdedor en jefeZelenski, junto con su c\u00edrculo \u00edntimo corrupto, deben ser arrestados\u00ab, escribi\u00f3, en una cr\u00edtica frontal a la &hellip;<\/p>\n","protected":false},"author":1,"featured_media":51733,"comment_status":"open","ping_status":"open","sticky":false,"template":"","format":"standard","meta":{"fifu_image_url":"https:\/\/mfes.b37m.ru\/actualidad\/public_images\/2025.11\/article\/692a6655e9ff71145934730c.jpg","fifu_image_alt":"","footnotes":""},"categories":[13],"tags":[],"class_list":["post-51731","post","type-post","status-publish","format-standard","has-post-thumbnail","","category-mundo"],"_links":{"self":[{"href":"https:\/\/noticiasveraces.com\/index.php?rest_route=\/wp\/v2\/posts\/51731","targetHints":{"allow":["GET"]}}],"collection":[{"href":"https:\/\/noticiasveraces.com\/index.php?rest_route=\/wp\/v2\/posts"}],"about":[{"href":"https:\/\/noticiasveraces.com\/index.php?rest_route=\/wp\/v2\/types\/post"}],"author":[{"embeddable":true,"href":"https:\/\/noticiasveraces.com\/index.php?rest_route=\/wp\/v2\/users\/1"}],"replies":[{"embeddable":true,"href":"https:\/\/noticiasveraces.com\/index.php?rest_route=%2Fwp%2Fv2%2Fcomments&post=51731"}],"version-history":[{"count":0,"href":"https:\/\/noticiasveraces.com\/index.php?rest_route=\/wp\/v2\/posts\/51731\/revisions"}],"wp:featuredmedia":[{"embeddable":true,"href":"https:\/\/noticiasveraces.com\/index.php?rest_route=\/wp\/v2\/media\/51733"}],"wp:attachment":[{"href":"https:\/\/noticiasveraces.com\/index.php?rest_route=%2Fwp%2Fv2%2Fmedia&parent=51731"}],"wp:term":[{"taxonomy":"category","embeddable":true,"href":"https:\/\/noticiasveraces.com\/index.php?rest_route=%2Fwp%2Fv2%2Fcategories&post=51731"},{"taxonomy":"post_tag","embeddable":true,"href":"https:\/\/noticiasveraces.com\/index.php?rest_route=%2Fwp%2Fv2%2Ftags&post=51731"}],"curies":[{"name":"wp","href":"https:\/\/api.w.org\/{rel}","templated":true}]}}