{"id":51699,"date":"2025-11-28T20:51:35","date_gmt":"2025-11-29T00:51:35","guid":{"rendered":"https:\/\/noticiasveraces.com\/?p=51699"},"modified":"2025-11-28T20:51:35","modified_gmt":"2025-11-29T00:51:35","slug":"inusual-tiroteo-de-las-fdi-con-terroristas-de-al-jamaa-al-islamiyya-en-siria","status":"publish","type":"post","link":"https:\/\/noticiasveraces.com\/?p=51699","title":{"rendered":"Inusual tiroteo de las FDI con terroristas de al-Jama&#8217;a al-Islamiyya en Siria"},"content":{"rendered":"<p> \n<\/p>\n<div>\n<div class=\"featured featured-video video-ct\" data-v-324c3b57=\"\"><!----> <\/p>\n<div class=\"contain\" data-v-324c3b57=\"\">  <!----> <\/p>\n<div class=\"info\" data-v-324c3b57=\"\">\n<div class=\"caption\" data-v-324c3b57=\"\">\n<h4 class=\"title\" data-v-324c3b57=\"\">Las FDI luchan contra los terroristas en una incursi\u00f3n en Siria<\/h4>\n<p data-v-324c3b57=\"\">El video de la c\u00e1mara corporal muestra un tiroteo cara a cara entre las fuerzas israel\u00edes y los terroristas en el ataque a Beit Jann mientras las tropas de las FDI capturan al sospechoso de terrorismo. (V\u00eddeo: Unidad del Portavoz de las FDI).<\/p>\n<\/div>\n<\/div>\n<\/div>\n<\/div>\n<div id=\"beyondwords-wrapper\" class=\"beyondwords-wrapper\">\n<p><span class=\"label-bg\">NUEVO<\/span>\u00a1Ahora puedes escuchar los art\u00edculos de Fox News!\n  <\/p>\n<\/div>\n<p class=\"speakable\">Las FDI publicaron el viernes im\u00e1genes de la c\u00e1mara corporal de un inusual tiroteo cara a cara en el sur de Siria, donde tropas de la 55.\u00aa Brigada fueron atacadas mientras arrestaban a miembros de al-Jama&#8217;a al-Islamiyya, un grupo terrorista sunita que Israel identifica como parte de la red m\u00e1s amplia de los Hermanos Musulmanes. <\/p>\n<p class=\"speakable\">El tiroteo transfronterizo se produce mientras la administraci\u00f3n Trump toma medidas para atacar a los afiliados de la Hermandad y aumentan las tensiones entre Netanyahu y el presidente interino de Siria.<\/p>\n<p>La operaci\u00f3n nocturna tuvo lugar en el \u00e1rea de Beit Jann, aproximadamente a 10 kil\u00f3metros dentro de Siria, bajo el mando de la 210 Divisi\u00f3n. Seg\u00fan las FDI, las tropas ingresaron al \u00e1rea para detener a sospechosos involucrados en colocar artefactos explosivos improvisados \u200b\u200by planificar futuros ataques contra Israel, incluido el posible lanzamiento de cohetes. Dos sospechosos fueron arrestados antes de que estallara un intercambio de disparos.<\/p>\n<p>Seis soldados de las FDI resultaron heridos, tres de ellos en estado grave. Varios terroristas murieron, dijeron las FDI, y los sospechosos fueron trasladados a Israel para ser interrogados.<\/p>\n<p><strong>TRUMP SE MUEVE CONTRA LA HERMANDAD MUSULMANA MIENTRAS EL GRUPO ISLAMISTA SE EXTIENDE EN OCCIDENTE<\/strong><\/p>\n<div class=\"image-ct inline\">\n<div class=\"m\"><picture><source media=\"(max-width: 767px)\" srcset=\"https:\/\/a57.foxnews.com\/static.foxnews.com\/foxnews.com\/content\/uploads\/2025\/11\/343\/192\/idf-syria-operation1.jpg?ve=1&amp;tl=1, https:\/\/a57.foxnews.com\/static.foxnews.com\/foxnews.com\/content\/uploads\/2025\/11\/686\/384\/idf-syria-operation1.jpg?ve=1&amp;tl=1 2x\" height=\"192\" width=\"343\"><source media=\"(min-width: 768px) and (max-width: 1023px)\" srcset=\"https:\/\/a57.foxnews.com\/static.foxnews.com\/foxnews.com\/content\/uploads\/2025\/11\/672\/378\/idf-syria-operation1.jpg?ve=1&amp;tl=1, https:\/\/a57.foxnews.com\/static.foxnews.com\/foxnews.com\/content\/uploads\/2025\/11\/1344\/756\/idf-syria-operation1.jpg?ve=1&amp;tl=1 2x\" height=\"378\" width=\"672\"><source media=\"(min-width: 1024px) and (max-width: 1279px)\" srcset=\"https:\/\/a57.foxnews.com\/static.foxnews.com\/foxnews.com\/content\/uploads\/2025\/11\/931\/523\/idf-syria-operation1.jpg?ve=1&amp;tl=1, https:\/\/a57.foxnews.com\/static.foxnews.com\/foxnews.com\/content\/uploads\/2025\/11\/1862\/1046\/idf-syria-operation1.jpg?ve=1&amp;tl=1 2x\" height=\"523\" width=\"931\"><source media=\"(min-width: 1280px)\" srcset=\"https:\/\/a57.foxnews.com\/static.foxnews.com\/foxnews.com\/content\/uploads\/2025\/11\/720\/405\/idf-syria-operation1.jpg?ve=1&amp;tl=1, https:\/\/a57.foxnews.com\/static.foxnews.com\/foxnews.com\/content\/uploads\/2025\/11\/1440\/810\/idf-syria-operation1.jpg?ve=1&amp;tl=1 2x\" height=\"405\" width=\"720\"><img loading=\"lazy\" decoding=\"async\" src=\"https:\/\/a57.foxnews.com\/static.foxnews.com\/foxnews.com\/content\/uploads\/2025\/11\/1200\/675\/idf-syria-operation1.jpg?ve=1&amp;tl=1\" alt=\"Tropas de las FDI avanzan por la zona de Beit Jann en el sur de Siria\" width=\"1200\" height=\"675\"\/><\/source><\/source><\/source><\/source><\/picture><\/div>\n<div class=\"info\">\n<div class=\"caption\">\n<p><span>Las tropas de las FDI se mueven a trav\u00e9s del \u00e1rea de Beit Jann en el sur de Siria durante la operaci\u00f3n nocturna para detener a miembros de Al-Jama&#8217;a al-Islamiyya, el grupo militante vinculado a los Hermanos Musulmanes. (FDI)<\/span> <span>(FDI)<\/span><\/p>\n<\/div>\n<\/div>\n<\/div>\n<p>Al-Jama&#8217;a al-Islamiyya, fundada como la rama libanesa de los Hermanos Musulmanes, ha cooperado con Hamas y Hezbollah, manteniendo infraestructura en el sur del L\u00edbano y a lo largo de la frontera entre Siria y el L\u00edbano. Las FDI dicen que han atacado repetidamente los sitios de la organizaci\u00f3n en Siria y el L\u00edbano durante la guerra actual.<\/p>\n<p>El corresponsal pol\u00edtico del Canal 12, Amit Segal, se\u00f1al\u00f3 el viernes que el incidente marca la primera vez desde diciembre de 2024, cuando las fuerzas israel\u00edes tomaron el control del lado sirio del Monte Herm\u00f3n, que las tropas israel\u00edes resultaron heridas en un tiroteo sirio.<\/p>\n<p>Segal escribi\u00f3: \u00ab\u00bfPodr\u00eda Siria convertirse en el nuevo L\u00edbano de las FDI?&#8230; Con seis soldados heridos durante la noche, la gran pregunta es si se trata de un evento aislado o si se\u00f1ala el comienzo de una larga e inc\u00f3moda presencia israel\u00ed en Siria\u00bb.<\/p>\n<p>Las tensiones entre el presidente interino sirio Ahmed al-Sharaa y el primer ministro israel\u00ed Benjam\u00edn Netanyahu se han intensificado desde la visita sin precedentes de Sharaa a Washington a principios de este mes. Sharaa se reuni\u00f3 con el presidente Donald Trump en la Casa Blanca para discutir sobre el alivio de las sanciones y la coordinaci\u00f3n antiterrorista, lo que lo convirti\u00f3 en el primer l\u00edder sirio en visitar Washington desde que comenz\u00f3 la guerra en Siria.<\/p>\n<p><strong>Las FDI atacan &#8216;objetivos terroristas&#8217; de Hamas en todo Gaza tras la denuncia de violaci\u00f3n del alto el fuego<\/strong><\/p>\n<div class=\"image-ct inline\">\n<div class=\"m\"><picture><source media=\"(max-width: 767px)\" srcset=\"https:\/\/a57.foxnews.com\/static.foxnews.com\/foxnews.com\/content\/uploads\/2025\/11\/343\/192\/idf-syria-operation2.jpg?ve=1&amp;tl=1, https:\/\/a57.foxnews.com\/static.foxnews.com\/foxnews.com\/content\/uploads\/2025\/11\/686\/384\/idf-syria-operation2.jpg?ve=1&amp;tl=1 2x\" height=\"192\" width=\"343\"><source media=\"(min-width: 768px) and (max-width: 1023px)\" srcset=\"https:\/\/a57.foxnews.com\/static.foxnews.com\/foxnews.com\/content\/uploads\/2025\/11\/672\/378\/idf-syria-operation2.jpg?ve=1&amp;tl=1, https:\/\/a57.foxnews.com\/static.foxnews.com\/foxnews.com\/content\/uploads\/2025\/11\/1344\/756\/idf-syria-operation2.jpg?ve=1&amp;tl=1 2x\" height=\"378\" width=\"672\"><source media=\"(min-width: 1024px) and (max-width: 1279px)\" srcset=\"https:\/\/a57.foxnews.com\/static.foxnews.com\/foxnews.com\/content\/uploads\/2025\/11\/931\/523\/idf-syria-operation2.jpg?ve=1&amp;tl=1, https:\/\/a57.foxnews.com\/static.foxnews.com\/foxnews.com\/content\/uploads\/2025\/11\/1862\/1046\/idf-syria-operation2.jpg?ve=1&amp;tl=1 2x\" height=\"523\" width=\"931\"><source media=\"(min-width: 1280px)\" srcset=\"https:\/\/a57.foxnews.com\/static.foxnews.com\/foxnews.com\/content\/uploads\/2025\/11\/720\/405\/idf-syria-operation2.jpg?ve=1&amp;tl=1, https:\/\/a57.foxnews.com\/static.foxnews.com\/foxnews.com\/content\/uploads\/2025\/11\/1440\/810\/idf-syria-operation2.jpg?ve=1&amp;tl=1 2x\" height=\"405\" width=\"720\"><img loading=\"lazy\" decoding=\"async\" src=\"https:\/\/a57.foxnews.com\/static.foxnews.com\/foxnews.com\/content\/uploads\/2025\/11\/1200\/675\/idf-syria-operation2.jpg?ve=1&amp;tl=1\" alt=\"Las fuerzas israel\u00edes aseguran el \u00e1rea alrededor de Beit Jann, Siria\" width=\"1200\" height=\"675\"\/><\/source><\/source><\/source><\/source><\/picture><\/div>\n<div class=\"info\">\n<div class=\"caption\">\n<p><span>Las fuerzas israel\u00edes aseguran el \u00e1rea alrededor de Beit Jann despu\u00e9s de detener a dos sospechosos y ser atacados en uno de los enfrentamientos m\u00e1s graves en el frente sirio este a\u00f1o. (FDI)<\/span> <!----><\/p>\n<\/div>\n<\/div>\n<\/div>\n<p>Netanyahu critic\u00f3 p\u00fablicamente la visita el mismo d\u00eda, diciendo que Sharaa \u00abregres\u00f3 inflada con un sentido de legitimidad internacional\u00bb y advirtiendo que cualquier discusi\u00f3n entre Estados Unidos y Siria \u00abno debe realizarse a expensas de Israel\u00bb.<\/p>\n<p>Informes adicionales en el Jerusalem Post y el Canal 12 se\u00f1alaron que los arreglos de seguridad que afectan el frente norte de Israel fueron discutidos en t\u00e9rminos amplios entre funcionarios estadounidenses y sirios, aunque no se lleg\u00f3 a acuerdos, y Washington enfatiz\u00f3 que las consultas con Israel estaban en curso.<\/p>\n<p>El enfrentamiento del viernes se produjo la misma semana en que la administraci\u00f3n Trump lanz\u00f3 un amplio esfuerzo para designar a los afiliados de la Hermandad Musulmana como organizaciones terroristas. La directiva de la Casa Blanca instruye a las agencias federales a evaluar y sancionar a las entidades de la Hermandad en pa\u00edses como Egipto, Jordania y el L\u00edbano, citando v\u00ednculos financieros, pol\u00edticos y operativos globales entre los afiliados.<\/p>\n<p><strong>EL ATAQUE DE ISRAEL EN QATAR DESENCADENA UNA RARA REPRODUCCI\u00d3N DE ESTADOS UNIDOS Y PRUEBA LA DIPLOMACIA DEL GOLFO DE TRUMP<\/strong><\/p>\n<div class=\"image-ct inline\">\n<div class=\"m\"><picture><source media=\"(max-width: 767px)\" srcset=\"https:\/\/a57.foxnews.com\/static.foxnews.com\/foxnews.com\/content\/uploads\/2025\/11\/343\/192\/idf-syria_operation3.jpg?ve=1&amp;tl=1, https:\/\/a57.foxnews.com\/static.foxnews.com\/foxnews.com\/content\/uploads\/2025\/11\/686\/384\/idf-syria_operation3.jpg?ve=1&amp;tl=1 2x\" height=\"192\" width=\"343\"><source media=\"(min-width: 768px) and (max-width: 1023px)\" srcset=\"https:\/\/a57.foxnews.com\/static.foxnews.com\/foxnews.com\/content\/uploads\/2025\/11\/672\/378\/idf-syria_operation3.jpg?ve=1&amp;tl=1, https:\/\/a57.foxnews.com\/static.foxnews.com\/foxnews.com\/content\/uploads\/2025\/11\/1344\/756\/idf-syria_operation3.jpg?ve=1&amp;tl=1 2x\" height=\"378\" width=\"672\"><source media=\"(min-width: 1024px) and (max-width: 1279px)\" srcset=\"https:\/\/a57.foxnews.com\/static.foxnews.com\/foxnews.com\/content\/uploads\/2025\/11\/931\/523\/idf-syria_operation3.jpg?ve=1&amp;tl=1, https:\/\/a57.foxnews.com\/static.foxnews.com\/foxnews.com\/content\/uploads\/2025\/11\/1862\/1046\/idf-syria_operation3.jpg?ve=1&amp;tl=1 2x\" height=\"523\" width=\"931\"><source media=\"(min-width: 1280px)\" srcset=\"https:\/\/a57.foxnews.com\/static.foxnews.com\/foxnews.com\/content\/uploads\/2025\/11\/720\/405\/idf-syria_operation3.jpg?ve=1&amp;tl=1, https:\/\/a57.foxnews.com\/static.foxnews.com\/foxnews.com\/content\/uploads\/2025\/11\/1440\/810\/idf-syria_operation3.jpg?ve=1&amp;tl=1 2x\" height=\"405\" width=\"720\"><img loading=\"lazy\" decoding=\"async\" src=\"https:\/\/a57.foxnews.com\/static.foxnews.com\/foxnews.com\/content\/uploads\/2025\/11\/1200\/675\/idf-syria_operation3.jpg?ve=1&amp;tl=1\" alt=\"Veh\u00edculos blindados de las FDI maniobran en la zona de Beit Jann, en el sur de Siria.\" width=\"1200\" height=\"675\"\/><\/source><\/source><\/source><\/source><\/picture><\/div>\n<div class=\"info\">\n<div class=\"caption\">\n<p><span>Veh\u00edculos blindados de las FDI maniobran en la zona de Beit Jann, en el sur de Siria, durante la operaci\u00f3n antiterrorista nocturna contra Al-Jama&#8217;a al-Islamiyya. (FDI)<\/span> <!----><\/p>\n<\/div>\n<\/div>\n<\/div>\n<p>La declaraci\u00f3n de la Casa Blanca dijo que la Hermandad \u00abimpulsa el terrorismo y las campa\u00f1as de desestabilizaci\u00f3n contra los intereses y aliados de Estados Unidos\u00bb.<\/p>\n<p>Sen. <u>Ted Cruz<\/u>El republicano por Texas elogi\u00f3 la medida en su podcast Verdict y le dijo al copresentador Ben Ferguson que la designaci\u00f3n marca la culminaci\u00f3n de una d\u00e9cada de esfuerzos legislativos. Cruz dijo: \u00abEstos son literalmente 10 a\u00f1os de arduo trabajo y har\u00e1n que Estados Unidos sea m\u00e1s seguro porque la Hermandad Musulmana est\u00e1 financiando a terroristas que quieren asesinarte a ti y quieren asesinarme a m\u00ed\u00bb.<\/p>\n<p>Se\u00f1al\u00f3 que muchos aliados de Estados Unidos en Medio Oriente (incluidos Egipto, Jordania, Arabia Saudita, Bahrein y los Emiratos \u00c1rabes Unidos) ya han prohibido la organizaci\u00f3n y dijeron a los oyentes: \u00abRealmente quieren que Estados Unidos haga lo que hizo el presidente Trump esta semana\u00bb.<\/p>\n<p><strong>HAGA CLIC AQU\u00cd PARA DESCARGAR LA APLICACI\u00d3N FOX NEWS<\/strong><\/p>\n<p>A medida que Washington intensifica la presi\u00f3n sobre los movimientos vinculados a la Hermandad, Israel se enfrenta cada vez m\u00e1s a grupos armados afiliados a la Hermandad en todo el territorio norte, desde Hamas en Gaza hasta al-Jama&#8217;a al-Islamiyya en Siria y el L\u00edbano.<\/p>\n<p>Con Beit Jann emergiendo como punto focal para las operaciones transfronterizas y el endurecimiento de la pol\u00edtica estadounidense, los analistas dicen que las confrontaciones regionales que involucran a grupos relacionados con la Hermandad pueden estar entrando en una nueva fase.<\/p>\n<p> <!----> <\/p>\n<div class=\"article-meta\">\n<div class=\"author-bio\">\n<p>Efrat Lachter es periodista de investigaci\u00f3n y corresponsal de guerra. Su trabajo la ha llevado a 40 pa\u00edses, entre ellos Ucrania, Rusia, Irak, Siria, Sud\u00e1n y Afganist\u00e1n. Recibi\u00f3 la Beca de Periodismo Knight-Wallace 2024. Se puede seguir a Lachter en X @efratlachter.<\/p>\n<\/div>\n<\/div>\n<\/div>\n\n","protected":false},"excerpt":{"rendered":"<p>Las FDI luchan contra los terroristas en una incursi\u00f3n en Siria El video de la c\u00e1mara corporal muestra un tiroteo cara a cara entre las fuerzas israel\u00edes y los terroristas en el ataque a Beit Jann mientras las tropas de las FDI capturan al sospechoso de terrorismo. (V\u00eddeo: Unidad del Portavoz de las FDI). NUEVO\u00a1Ahora &hellip;<\/p>\n","protected":false},"author":1,"featured_media":51701,"comment_status":"open","ping_status":"open","sticky":false,"template":"","format":"standard","meta":{"fifu_image_url":"https:\/\/static.foxnews.com\/foxnews.com\/content\/uploads\/2025\/11\/idf-syria-operation2.jpg","fifu_image_alt":"","footnotes":""},"categories":[13],"tags":[],"class_list":["post-51699","post","type-post","status-publish","format-standard","has-post-thumbnail","","category-mundo"],"_links":{"self":[{"href":"https:\/\/noticiasveraces.com\/index.php?rest_route=\/wp\/v2\/posts\/51699","targetHints":{"allow":["GET"]}}],"collection":[{"href":"https:\/\/noticiasveraces.com\/index.php?rest_route=\/wp\/v2\/posts"}],"about":[{"href":"https:\/\/noticiasveraces.com\/index.php?rest_route=\/wp\/v2\/types\/post"}],"author":[{"embeddable":true,"href":"https:\/\/noticiasveraces.com\/index.php?rest_route=\/wp\/v2\/users\/1"}],"replies":[{"embeddable":true,"href":"https:\/\/noticiasveraces.com\/index.php?rest_route=%2Fwp%2Fv2%2Fcomments&post=51699"}],"version-history":[{"count":0,"href":"https:\/\/noticiasveraces.com\/index.php?rest_route=\/wp\/v2\/posts\/51699\/revisions"}],"wp:featuredmedia":[{"embeddable":true,"href":"https:\/\/noticiasveraces.com\/index.php?rest_route=\/wp\/v2\/media\/51701"}],"wp:attachment":[{"href":"https:\/\/noticiasveraces.com\/index.php?rest_route=%2Fwp%2Fv2%2Fmedia&parent=51699"}],"wp:term":[{"taxonomy":"category","embeddable":true,"href":"https:\/\/noticiasveraces.com\/index.php?rest_route=%2Fwp%2Fv2%2Fcategories&post=51699"},{"taxonomy":"post_tag","embeddable":true,"href":"https:\/\/noticiasveraces.com\/index.php?rest_route=%2Fwp%2Fv2%2Ftags&post=51699"}],"curies":[{"name":"wp","href":"https:\/\/api.w.org\/{rel}","templated":true}]}}