{"id":51694,"date":"2025-11-28T19:42:12","date_gmt":"2025-11-28T23:42:12","guid":{"rendered":"https:\/\/noticiasveraces.com\/?p=51694"},"modified":"2025-11-28T19:42:12","modified_gmt":"2025-11-28T23:42:12","slug":"por-que-leicy-santos-y-daniela-montoya-no-jugaron-con-colombia","status":"publish","type":"post","link":"https:\/\/noticiasveraces.com\/?p=51694","title":{"rendered":"\u00bfPor qu\u00e9 Leicy Santos y Daniela Montoya no jugaron con Colombia?"},"content":{"rendered":"<p> \n<br \/><img decoding=\"async\" src=\"https:\/\/www.futbolred.com\/files\/article_graphic\/uploads\/2025\/10\/24\/68fc08a41da0d.jpeg\" \/><\/p>\n<header>\n<h3>F\u00fatbol Femenino<br \/>\n            <\/h3>\n<h1>\u00bfPor qu\u00e9 Leicy Santos y Daniela Montoya no jugaron con Colombia?<br \/>\n        <\/h1>\n<address>\n            <a>Juan Pablo Ar\u00e9valo<br \/>\n        <\/address>\n<p>        28 de noviembre 2025 , 05:27 p.\u00a0m.<\/p>\n<\/header>\n<p>Ins\u00f3lita raz\u00f3n que sac\u00f3 a las referentes de la Selecci\u00f3n contra Bolivia, en Liga de Naciones.<\/p>\n<p>Colombia visit\u00f3 a Bolivia este viernes 28 de noviembre, en partido de la tercera jornada de la  Liga de Naciones Femenina Conmebol 2025-26, en la que defend\u00eda su invicto y liderato en la tabla de posiciones.<\/p>\n<p>En el once titular sorprendi\u00f3 la ausencia de dos de sus futbolistas m\u00e1s importantes: Leicy Santos y Daniela Montoya, referentes y goleadores de la Selecci\u00f3n en las primeras fechas: Leicy tiene tres anotaciones, y Daniela suma dos.<\/p>\n<p>Desde la Federaci\u00f3n Colombiana de F\u00fatbol se demoraron para explicar los motivos de su ausencia. Incluso, sorprendi\u00f3 que en la formaci\u00f3n que entregaron a trav\u00e9s de las redes sociales, aparecieran como suplentes, pero no estaba ni en el banquillo de alternativas, ni en la tribuna del estadio Hernando Siles de La Paz.<\/p>\n<p>Sin embargo, en la transmisi\u00f3n de <i>\u2018Gol Caracol\u2019<\/i> dieron claridad sobre los verdaderos motivos de la ausencia de Santos y Montoya, sensibles bajas que se sintieron contra las bolivianas.<\/p>\n<p>Ambas jugadoras abr\u00edan ingerido alg\u00fan alimento que les caus\u00f3 problemas de salud, y presentaron una gastroenteritis. <\/p>\n\n","protected":false},"excerpt":{"rendered":"<p>F\u00fatbol Femenino \u00bfPor qu\u00e9 Leicy Santos y Daniela Montoya no jugaron con Colombia? Juan Pablo Ar\u00e9valo 28 de noviembre 2025 , 05:27 p.\u00a0m. Ins\u00f3lita raz\u00f3n que sac\u00f3 a las referentes de la Selecci\u00f3n contra Bolivia, en Liga de Naciones. Colombia visit\u00f3 a Bolivia este viernes 28 de noviembre, en partido de la tercera jornada de &hellip;<\/p>\n","protected":false},"author":1,"featured_media":51696,"comment_status":"open","ping_status":"open","sticky":false,"template":"","format":"standard","meta":{"fifu_image_url":"https:\/\/www.futbolred.com\/files\/og_thumbnail\/uploads\/2025\/10\/24\/68fc08a41da0d.jpeg","fifu_image_alt":"","footnotes":""},"categories":[6],"tags":[],"class_list":["post-51694","post","type-post","status-publish","format-standard","has-post-thumbnail","","category-deportes"],"_links":{"self":[{"href":"https:\/\/noticiasveraces.com\/index.php?rest_route=\/wp\/v2\/posts\/51694","targetHints":{"allow":["GET"]}}],"collection":[{"href":"https:\/\/noticiasveraces.com\/index.php?rest_route=\/wp\/v2\/posts"}],"about":[{"href":"https:\/\/noticiasveraces.com\/index.php?rest_route=\/wp\/v2\/types\/post"}],"author":[{"embeddable":true,"href":"https:\/\/noticiasveraces.com\/index.php?rest_route=\/wp\/v2\/users\/1"}],"replies":[{"embeddable":true,"href":"https:\/\/noticiasveraces.com\/index.php?rest_route=%2Fwp%2Fv2%2Fcomments&post=51694"}],"version-history":[{"count":0,"href":"https:\/\/noticiasveraces.com\/index.php?rest_route=\/wp\/v2\/posts\/51694\/revisions"}],"wp:featuredmedia":[{"embeddable":true,"href":"https:\/\/noticiasveraces.com\/index.php?rest_route=\/wp\/v2\/media\/51696"}],"wp:attachment":[{"href":"https:\/\/noticiasveraces.com\/index.php?rest_route=%2Fwp%2Fv2%2Fmedia&parent=51694"}],"wp:term":[{"taxonomy":"category","embeddable":true,"href":"https:\/\/noticiasveraces.com\/index.php?rest_route=%2Fwp%2Fv2%2Fcategories&post=51694"},{"taxonomy":"post_tag","embeddable":true,"href":"https:\/\/noticiasveraces.com\/index.php?rest_route=%2Fwp%2Fv2%2Ftags&post=51694"}],"curies":[{"name":"wp","href":"https:\/\/api.w.org\/{rel}","templated":true}]}}