{"id":51680,"date":"2025-11-28T18:48:41","date_gmt":"2025-11-28T22:48:41","guid":{"rendered":"https:\/\/noticiasveraces.com\/?p=51680"},"modified":"2025-11-28T18:48:41","modified_gmt":"2025-11-28T22:48:41","slug":"llego-a-venezuela-un-vuelo-con-136-migrantes-repatriados-desde-ee-uu","status":"publish","type":"post","link":"https:\/\/noticiasveraces.com\/?p=51680","title":{"rendered":"Lleg\u00f3 a Venezuela un vuelo con 136 migrantes repatriados desde EE UU"},"content":{"rendered":"<p> \n<\/p>\n<div>\n<p>El Ministerio de Interior y Justicia inform\u00f3 el viernes 28 de noviembre sobre la llegada de un vuelo de repatriaci\u00f3n con <strong>136 venezolanos desde Estados Unidos<\/strong> al Aeropuerto Internacional Sim\u00f3n Bol\u00edvar de Maiquet\u00eda en La Guaira.<\/p>\n<div class=\"ruby-table-contents rbtoc table-fw\">\n<ul class=\"toc-content h5\">\n<li>Vuelos de repatriaci\u00f3n recientes<\/li>\n<li>EE UU solicit\u00f3 permisos especiales para vuelos de repatriaci\u00f3n a Venezuela<\/li>\n<\/ul>\n<\/div>\n<p>Este vuelo se trata del n\u00famero 93 del Plan Vuelta a la Patria procedente de Arizona. El grupo de pasajeros estaba conformado por <strong>104 hombres, 24 mujeres y 8 ni\u00f1os<\/strong>de acuerdo con la publicaci\u00f3n de la cuenta oficial del Ministerio de Interior y Justicia en Instagram.<\/p>\n<p>\u00abMe espera alguien en casa, y es mi pap\u00e1, a quien no veo desde la muerte de mi madre hace 9 a\u00f1os, despu\u00e9s de haber pasado 4 largos a\u00f1os fuera del pa\u00eds como migrante y estos \u00faltimos meses como prisionero injustamente\u00bb, asegur\u00f3 Jes\u00fas Enrique, uno de los migrantes venezolanos que lleg\u00f3 en este vuelo.<\/p>\n<p>Los venezolanos repatriados recibieron atenci\u00f3n m\u00e9dica, psicol\u00f3gica, social y legal por parte de las autoridades que los recibieron en el aeropuerto.<\/p>\n<blockquote data-service=\"instagram\" data-category=\"marketing\" data-placeholder-image=\"https:\/\/eldiario.com\/wp-content\/plugins\/complianz-gdpr-premium\/assets\/images\/placeholders\/instagram-minimal.jpg\" class=\"cmplz-placeholder-element instagram-media\" data-instgrm-captioned=\"\" data-instgrm-permalink=\"https:\/\/www.instagram.com\/p\/DRnGt71kfkc\/?utm_source=ig_embed&amp;utm_campaign=loading\" data-instgrm-version=\"14\" style=\"background:#fff;border:0;border-radius:3px;margin:1px;max-width:540px;min-width:326px;padding:0;width:99.375%;width:-webkit-calc(100% - 2px);width:calc(100% - 2px);\"\/>\n<h2 id=\"vuelos-de-repatriacion-recientes\" class=\"rb-heading-index-0-830153 wp-block-heading\"><strong>Vuelos de repatriaci\u00f3n recientes<\/strong><\/h2>\n<p>El mi\u00e9rcoles 26 de noviembre, un total de 175 migrantes llegaron al Aeropuerto Internacional Sim\u00f3n Bol\u00edvar de Maiquet\u00eda, en un vuelo de repatriaci\u00f3n proveniente de Estados Unidos. Entre el grupo de venezolanos que arribaron al pa\u00eds hab\u00eda 142 hombres, 26 mujeres, 2 ni\u00f1os y 5 ni\u00f1as.<\/p>\n<p>La informaci\u00f3n fue confirmada en la cuenta de Instagram del plan Vuelta a la Patria, donde se precis\u00f3 que en este vuelo se encontraban un ni\u00f1o de 4 a\u00f1os y una adolescente de 15 a\u00f1os que \u201chab\u00edan sido separados\u201d de sus familias en EE UU.<\/p>\n<figure class=\"wp-block-image size-large\"><picture fetchpriority=\"high\" decoding=\"async\" class=\"wp-image-829798\"><source type=\"image\/webp\" sizes=\"(max-width: 1200px) 100vw, 1200px\" nitro-lazy-srcset=\"https:\/\/eldiario.com\/nitropack_static\/DWpklAePbJBFiBKvuTtiGMLbtJlHUqWt\/assets\/images\/optimized\/rev-5899980\/eldiario.com\/wp-content\/uploads\/2025\/11\/Diseno-sin-titulo-2025-11-26T180149.607-1200x800.jpg.webp 1200w, https:\/\/eldiario.com\/nitropack_static\/DWpklAePbJBFiBKvuTtiGMLbtJlHUqWt\/assets\/images\/optimized\/rev-5899980\/eldiario.com\/wp-content\/uploads\/2025\/11\/Diseno-sin-titulo-2025-11-26T180149.607-300x200.jpg.webp 300w, https:\/\/eldiario.com\/nitropack_static\/DWpklAePbJBFiBKvuTtiGMLbtJlHUqWt\/assets\/images\/optimized\/rev-5899980\/eldiario.com\/wp-content\/uploads\/2025\/11\/Diseno-sin-titulo-2025-11-26T180149.607-768x512.jpg.webp 768w, https:\/\/eldiario.com\/nitropack_static\/DWpklAePbJBFiBKvuTtiGMLbtJlHUqWt\/assets\/images\/optimized\/rev-5899980\/eldiario.com\/wp-content\/uploads\/2025\/11\/Diseno-sin-titulo-2025-11-26T180149.607-1536x1024.jpg.webp 1536w, https:\/\/eldiario.com\/nitropack_static\/DWpklAePbJBFiBKvuTtiGMLbtJlHUqWt\/assets\/images\/optimized\/rev-5899980\/eldiario.com\/wp-content\/uploads\/2025\/11\/Diseno-sin-titulo-2025-11-26T180149.607-330x220.jpg.webp 330w, https:\/\/eldiario.com\/nitropack_static\/DWpklAePbJBFiBKvuTtiGMLbtJlHUqWt\/assets\/images\/optimized\/rev-5899980\/eldiario.com\/wp-content\/uploads\/2025\/11\/Diseno-sin-titulo-2025-11-26T180149.607-420x280.jpg.webp 420w, https:\/\/eldiario.com\/nitropack_static\/DWpklAePbJBFiBKvuTtiGMLbtJlHUqWt\/assets\/images\/optimized\/rev-5899980\/eldiario.com\/wp-content\/uploads\/2025\/11\/Diseno-sin-titulo-2025-11-26T180149.607-615x410.jpg.webp 615w, https:\/\/eldiario.com\/nitropack_static\/DWpklAePbJBFiBKvuTtiGMLbtJlHUqWt\/assets\/images\/optimized\/rev-5899980\/eldiario.com\/wp-content\/uploads\/2025\/11\/Diseno-sin-titulo-2025-11-26T180149.607-860x574.jpg.webp 860w, https:\/\/eldiario.com\/nitropack_static\/DWpklAePbJBFiBKvuTtiGMLbtJlHUqWt\/assets\/images\/optimized\/rev-5899980\/eldiario.com\/wp-content\/uploads\/2025\/11\/Diseno-sin-titulo-2025-11-26T180149.607-150x100.jpg.webp 150w, https:\/\/eldiario.com\/nitropack_static\/DWpklAePbJBFiBKvuTtiGMLbtJlHUqWt\/assets\/images\/optimized\/rev-5899980\/eldiario.com\/wp-content\/uploads\/2025\/11\/Diseno-sin-titulo-2025-11-26T180149.607.jpg.webp 1600w\" nitro-lazy-empty=\"\" id=\"ODQ0OjExODU=-1\" srcset=\"data:image\/svg+xml;nitro-empty-id=ODQ0OjExODU=-1;base64,PHN2ZyB2aWV3Qm94PSIwIDAgMTIwMCA4MDAiIHdpZHRoPSIxMjAwIiBoZWlnaHQ9IjgwMCIgeG1sbnM9Imh0dHA6Ly93d3cudzMub3JnLzIwMDAvc3ZnIj48L3N2Zz4=\"\/><img fetchpriority=\"high\" width=\"1200\" height=\"800\" alt=\"Lleg\u00f3 a Venezuela un grupo de 175 migrantes repatriados desde EE UU \" sizes=\"(max-width: 1200px) 100vw, 1200px\" srcset=\"https:\/\/eldiario.com\/nitropack_static\/DWpklAePbJBFiBKvuTtiGMLbtJlHUqWt\/assets\/images\/optimized\/rev-5899980\/eldiario.com\/wp-content\/uploads\/2025\/11\/Diseno-sin-titulo-2025-11-26T180149.607-1200x800.jpg 1200w, https:\/\/eldiario.com\/nitropack_static\/DWpklAePbJBFiBKvuTtiGMLbtJlHUqWt\/assets\/images\/optimized\/rev-5899980\/eldiario.com\/wp-content\/uploads\/2025\/11\/Diseno-sin-titulo-2025-11-26T180149.607-300x200.jpg 300w, https:\/\/eldiario.com\/nitropack_static\/DWpklAePbJBFiBKvuTtiGMLbtJlHUqWt\/assets\/images\/optimized\/rev-5899980\/eldiario.com\/wp-content\/uploads\/2025\/11\/Diseno-sin-titulo-2025-11-26T180149.607-768x512.jpg 768w, https:\/\/eldiario.com\/nitropack_static\/DWpklAePbJBFiBKvuTtiGMLbtJlHUqWt\/assets\/images\/optimized\/rev-5899980\/eldiario.com\/wp-content\/uploads\/2025\/11\/Diseno-sin-titulo-2025-11-26T180149.607-1536x1024.jpg 1536w, https:\/\/eldiario.com\/nitropack_static\/DWpklAePbJBFiBKvuTtiGMLbtJlHUqWt\/assets\/images\/optimized\/rev-5899980\/eldiario.com\/wp-content\/uploads\/2025\/11\/Diseno-sin-titulo-2025-11-26T180149.607-330x220.jpg 330w, https:\/\/eldiario.com\/nitropack_static\/DWpklAePbJBFiBKvuTtiGMLbtJlHUqWt\/assets\/images\/optimized\/rev-5899980\/eldiario.com\/wp-content\/uploads\/2025\/11\/Diseno-sin-titulo-2025-11-26T180149.607-420x280.jpg 420w, https:\/\/eldiario.com\/nitropack_static\/DWpklAePbJBFiBKvuTtiGMLbtJlHUqWt\/assets\/images\/optimized\/rev-5899980\/eldiario.com\/wp-content\/uploads\/2025\/11\/Diseno-sin-titulo-2025-11-26T180149.607-615x410.jpg 615w, https:\/\/eldiario.com\/nitropack_static\/DWpklAePbJBFiBKvuTtiGMLbtJlHUqWt\/assets\/images\/optimized\/rev-5899980\/eldiario.com\/wp-content\/uploads\/2025\/11\/Diseno-sin-titulo-2025-11-26T180149.607-860x574.jpg 860w, https:\/\/eldiario.com\/nitropack_static\/DWpklAePbJBFiBKvuTtiGMLbtJlHUqWt\/assets\/images\/optimized\/rev-5899980\/eldiario.com\/wp-content\/uploads\/2025\/11\/Diseno-sin-titulo-2025-11-26T180149.607-150x100.jpg 150w, https:\/\/eldiario.com\/nitropack_static\/DWpklAePbJBFiBKvuTtiGMLbtJlHUqWt\/assets\/images\/optimized\/rev-5899980\/eldiario.com\/wp-content\/uploads\/2025\/11\/Diseno-sin-titulo-2025-11-26T180149.607.jpg 1600w\" src=\"https:\/\/eldiario.com\/nitropack_static\/DWpklAePbJBFiBKvuTtiGMLbtJlHUqWt\/assets\/images\/optimized\/rev-5899980\/eldiario.com\/wp-content\/uploads\/2025\/11\/Diseno-sin-titulo-2025-11-26T180149.607-1200x800.jpg\" class=\"nitro-lazy\" decoding=\"async\" nitro-lazy-empty=\"\" id=\"ODQ1OjEzNjI=-1\"\/> <\/picture><figcaption class=\"wp-element-caption\">Foto: vueltalapatria <\/figcaption><\/figure>\n<p>Asimismo, las autoridades informaron que este fue el vuelo n\u00famero 92 de repatriados bajo el plan Vuelta a la Patria.<\/p>\n<p>Otro de los vuelos de repatriaci\u00f3n recientes fue el del 24 de noviembre, en el que viajaron a\u00a0 Venezuela desde Estados Unidos, unos 6 ni\u00f1os, ni\u00f1as y adolescentes venezolanos. Previamente, llegaron al pa\u00eds 200 migrantes, en un vuelo proveniente de Arizona.<\/p>\n<h2 id=\"ee-uu-solicito-permisos-especiales-para-vuelos-de-repatriacion-a-venezuela\" class=\"rb-heading-index-1-830153 wp-block-heading\"><strong>EE UU solicit\u00f3 permisos especiales para vuelos de repatriaci\u00f3n a Venezuela<\/strong><\/h2>\n<p>El gobierno de Estados Unidos solicit\u00f3 el mi\u00e9rcoles 26 de noviembre \u201cpermisos especiales\u201d para realizar vuelos de repatriaci\u00f3n en aviones estadounidenses hacia Venezuela.<\/p>\n<p>El Ministerio de Transporte critic\u00f3 que la solicitud de permisos se diera mientras que EE UU \u201cinsta a las aerol\u00edneas extranjeras a suspender vuelos hacia Venezuela\u201d, luego de que el pasado viernes la Administraci\u00f3n Federal de Aviaci\u00f3n de ese pa\u00eds recomendara \u00abextremar la precauci\u00f3n\u00bb al sobrevolar territorio venezolano y el sur del Caribe ante \u00abuna situaci\u00f3n potencialmente peligrosa en la regi\u00f3n\u00bb.<\/p>\n<figure class=\"wp-block-image size-large\"><picture loading=\"lazy\" decoding=\"async\" class=\"wp-image-706270\"><source type=\"image\/webp\" sizes=\"(max-width: 1200px) 100vw, 1200px\" nitro-lazy-srcset=\"https:\/\/eldiario.com\/nitropack_static\/DWpklAePbJBFiBKvuTtiGMLbtJlHUqWt\/assets\/images\/optimized\/rev-5899980\/eldiario.com\/wp-content\/uploads\/2024\/08\/aeropuerto-internacional-simon-bolivar-de-maiquetia-1200x900.jpg.webp 1200w, https:\/\/eldiario.com\/nitropack_static\/DWpklAePbJBFiBKvuTtiGMLbtJlHUqWt\/assets\/images\/optimized\/rev-5899980\/eldiario.com\/wp-content\/uploads\/2024\/08\/aeropuerto-internacional-simon-bolivar-de-maiquetia-300x225.jpg.webp 300w, https:\/\/eldiario.com\/nitropack_static\/DWpklAePbJBFiBKvuTtiGMLbtJlHUqWt\/assets\/images\/optimized\/rev-5899980\/eldiario.com\/wp-content\/uploads\/2024\/08\/aeropuerto-internacional-simon-bolivar-de-maiquetia-768x576.jpg.webp 768w, https:\/\/eldiario.com\/nitropack_static\/DWpklAePbJBFiBKvuTtiGMLbtJlHUqWt\/assets\/images\/optimized\/rev-5899980\/eldiario.com\/wp-content\/uploads\/2024\/08\/aeropuerto-internacional-simon-bolivar-de-maiquetia-1536x1152.jpg.webp 1536w, https:\/\/eldiario.com\/nitropack_static\/DWpklAePbJBFiBKvuTtiGMLbtJlHUqWt\/assets\/images\/optimized\/rev-5899980\/eldiario.com\/wp-content\/uploads\/2024\/08\/aeropuerto-internacional-simon-bolivar-de-maiquetia-150x113.jpg.webp 150w, https:\/\/eldiario.com\/nitropack_static\/DWpklAePbJBFiBKvuTtiGMLbtJlHUqWt\/assets\/images\/optimized\/rev-5899980\/eldiario.com\/wp-content\/uploads\/2024\/08\/aeropuerto-internacional-simon-bolivar-de-maiquetia.jpg.webp 1600w\" nitro-lazy-empty=\"\" id=\"ODczOjgxMw==-1\" srcset=\"data:image\/svg+xml;nitro-empty-id=ODczOjgxMw==-1;base64,PHN2ZyB2aWV3Qm94PSIwIDAgMTIwMCA5MDAiIHdpZHRoPSIxMjAwIiBoZWlnaHQ9IjkwMCIgeG1sbnM9Imh0dHA6Ly93d3cudzMub3JnLzIwMDAvc3ZnIj48L3N2Zz4=\"\/><img loading=\"lazy\" width=\"1200\" height=\"900\" alt=\"Precios de los pasajes Caracas-Bogot\u00e1 se han duplicado y sextuplicado en las \u00faltimas dos semanas\" sizes=\"auto, (max-width: 1200px) 100vw, 1200px\" srcset=\"https:\/\/eldiario.com\/nitropack_static\/DWpklAePbJBFiBKvuTtiGMLbtJlHUqWt\/assets\/images\/optimized\/rev-5899980\/eldiario.com\/wp-content\/uploads\/2024\/08\/aeropuerto-internacional-simon-bolivar-de-maiquetia-1200x900.jpg 1200w, https:\/\/eldiario.com\/nitropack_static\/DWpklAePbJBFiBKvuTtiGMLbtJlHUqWt\/assets\/images\/optimized\/rev-5899980\/eldiario.com\/wp-content\/uploads\/2024\/08\/aeropuerto-internacional-simon-bolivar-de-maiquetia-300x225.jpg 300w, https:\/\/eldiario.com\/nitropack_static\/DWpklAePbJBFiBKvuTtiGMLbtJlHUqWt\/assets\/images\/optimized\/rev-5899980\/eldiario.com\/wp-content\/uploads\/2024\/08\/aeropuerto-internacional-simon-bolivar-de-maiquetia-768x576.jpg 768w, https:\/\/eldiario.com\/nitropack_static\/DWpklAePbJBFiBKvuTtiGMLbtJlHUqWt\/assets\/images\/optimized\/rev-5899980\/eldiario.com\/wp-content\/uploads\/2024\/08\/aeropuerto-internacional-simon-bolivar-de-maiquetia-1536x1152.jpg 1536w, https:\/\/eldiario.com\/nitropack_static\/DWpklAePbJBFiBKvuTtiGMLbtJlHUqWt\/assets\/images\/optimized\/rev-5899980\/eldiario.com\/wp-content\/uploads\/2024\/08\/aeropuerto-internacional-simon-bolivar-de-maiquetia-150x113.jpg 150w, https:\/\/eldiario.com\/nitropack_static\/DWpklAePbJBFiBKvuTtiGMLbtJlHUqWt\/assets\/images\/optimized\/rev-5899980\/eldiario.com\/wp-content\/uploads\/2024\/08\/aeropuerto-internacional-simon-bolivar-de-maiquetia.jpg 1600w\" src=\"https:\/\/eldiario.com\/nitropack_static\/DWpklAePbJBFiBKvuTtiGMLbtJlHUqWt\/assets\/images\/optimized\/rev-5899980\/eldiario.com\/wp-content\/uploads\/2024\/08\/aeropuerto-internacional-simon-bolivar-de-maiquetia-1200x900.jpg\" class=\"nitro-lazy\" decoding=\"async\" nitro-lazy-empty=\"\" id=\"ODc0OjEwNDQ=-1\"\/> <\/picture><figcaption class=\"wp-element-caption\">Foto: @IAIM_VE | Gorjeo<\/figcaption><\/figure>\n<p>\u201cLa llegada de esta aeronave demuestra la seguridad de nuestro espacio a\u00e9reo, pese a la narrativa que quiere vender el gobierno del presidente Donald Trump, imponiendo restricciones a las l\u00edneas a\u00e9reas extranjeras que mantienen vuelos comerciales hacia Venezuela\u201d, se\u00f1al\u00f3 el Ministerio en una publicaci\u00f3n de Instagram.<\/p>\n<p>El gobierno venezolano anticip\u00f3 que en los pr\u00f3ximos d\u00edas se esperaba la llegada de nuevos vuelos a Venezuela \u201cbajo el mismo esquema de repatriaci\u00f3n\u201d.<\/p>\n<\/p><\/div>\n<p><script async src=\"\/\/www.instagram.com\/embed.js\"><\/script><br \/>\n<br \/>\n","protected":false},"excerpt":{"rendered":"<p>El Ministerio de Interior y Justicia inform\u00f3 el viernes 28 de noviembre sobre la llegada de un vuelo de repatriaci\u00f3n con 136 venezolanos desde Estados Unidos al Aeropuerto Internacional Sim\u00f3n Bol\u00edvar de Maiquet\u00eda en La Guaira. Vuelos de repatriaci\u00f3n recientes EE UU solicit\u00f3 permisos especiales para vuelos de repatriaci\u00f3n a Venezuela Este vuelo se trata &hellip;<\/p>\n","protected":false},"author":1,"featured_media":51682,"comment_status":"open","ping_status":"open","sticky":false,"template":"","format":"standard","meta":{"fifu_image_url":"https:\/\/eldiario.com\/wp-content\/uploads\/2025\/11\/vuelos-de-repatriacion-Estados-Unidos.jpg","fifu_image_alt":"","footnotes":""},"categories":[13],"tags":[],"class_list":["post-51680","post","type-post","status-publish","format-standard","has-post-thumbnail","","category-mundo"],"_links":{"self":[{"href":"https:\/\/noticiasveraces.com\/index.php?rest_route=\/wp\/v2\/posts\/51680","targetHints":{"allow":["GET"]}}],"collection":[{"href":"https:\/\/noticiasveraces.com\/index.php?rest_route=\/wp\/v2\/posts"}],"about":[{"href":"https:\/\/noticiasveraces.com\/index.php?rest_route=\/wp\/v2\/types\/post"}],"author":[{"embeddable":true,"href":"https:\/\/noticiasveraces.com\/index.php?rest_route=\/wp\/v2\/users\/1"}],"replies":[{"embeddable":true,"href":"https:\/\/noticiasveraces.com\/index.php?rest_route=%2Fwp%2Fv2%2Fcomments&post=51680"}],"version-history":[{"count":0,"href":"https:\/\/noticiasveraces.com\/index.php?rest_route=\/wp\/v2\/posts\/51680\/revisions"}],"wp:featuredmedia":[{"embeddable":true,"href":"https:\/\/noticiasveraces.com\/index.php?rest_route=\/wp\/v2\/media\/51682"}],"wp:attachment":[{"href":"https:\/\/noticiasveraces.com\/index.php?rest_route=%2Fwp%2Fv2%2Fmedia&parent=51680"}],"wp:term":[{"taxonomy":"category","embeddable":true,"href":"https:\/\/noticiasveraces.com\/index.php?rest_route=%2Fwp%2Fv2%2Fcategories&post=51680"},{"taxonomy":"post_tag","embeddable":true,"href":"https:\/\/noticiasveraces.com\/index.php?rest_route=%2Fwp%2Fv2%2Ftags&post=51680"}],"curies":[{"name":"wp","href":"https:\/\/api.w.org\/{rel}","templated":true}]}}