{"id":51677,"date":"2025-11-28T17:46:52","date_gmt":"2025-11-28T21:46:52","guid":{"rendered":"https:\/\/noticiasveraces.com\/?p=51677"},"modified":"2025-11-28T17:46:52","modified_gmt":"2025-11-28T21:46:52","slug":"acusaran-de-asesinato-en-primer-grado-a-sospechoso-del-tiroteo-contra-la-guardia-nacional-en-washington-d-c","status":"publish","type":"post","link":"https:\/\/noticiasveraces.com\/?p=51677","title":{"rendered":"Acusar\u00e1n de asesinato en primer grado a sospechoso del tiroteo contra la Guardia Nacional en Washington D.C."},"content":{"rendered":"<p> \n<\/p>\n<div>\n<article>\n<div class=\"image-featured\">\n<img src=\"data:image\/png;base64,iVBORw0KGgoAAAANSUhEUgAAAlgAAAFSAQAAAAAGbpyKAAAAAnRSTlMAAHaTzTgAAAAwSURBVHja7cExAQAAAMKg9U9tDQ+gAAAAAAAAAAAAAAAAAAAAAAAAAAAAAAAAgDcDZFgAAQhbeokAAAAASUVORK5CYII=\" alt=\"tiroteo Washington\" data-src=\"https:\/\/elnacional-uploads.nyc3.digitaloceanspaces.com\/wp-content\/uploads\/2025\/11\/27124425\/rahmanullah-lakanwal-02-jpg-1764215270806_1764215272297-600x338-1.jpg\" decoding=\"async\" class=\"lazyload\" data-eio-rwidth=\"600\" data-eio-rheight=\"338\"\/><img decoding=\"async\" src=\"https:\/\/elnacional-uploads.nyc3.digitaloceanspaces.com\/wp-content\/uploads\/2025\/11\/27124425\/rahmanullah-lakanwal-02-jpg-1764215270806_1764215272297-600x338-1.jpg\" alt=\"tiroteo Washington\" data-eio=\"l\"\/><figcaption>El sospechoso viv\u00eda en Bellingham, en el estado de Washington, en la costa oeste, con su esposa y sus cinco hijos<\/figcaption><\/div>\n<p>El sospechoso del tiroteo ocurrido en Washington D.C. contra dos miembros de la Guardia Nacional ser\u00e1 acusado de asesinato en primer grado, confirm\u00f3 este viernes la fiscal de Estados Unidos para el Distrito de Columbia, Jeanine Pirro. Una de las v\u00edctimas, identificada por el presidente Donald Trump como Sarah Beckstrom, de 20 a\u00f1os de edad, falleci\u00f3 a causa de las heridas.<\/p>\n<p>\u00abSin duda habr\u00e1 muchos m\u00e1s cargos, pero estamos elevando los delitos iniciales de agresi\u00f3n a asesinato en primer grado\u00bb, declar\u00f3 Pirro en una entrevista con la cadena <em>noticias del zorro<\/em>. La fiscal adelant\u00f3 que el sospechoso se enfrentar\u00e1 al \u00abprecio m\u00e1s alto\u00bb por una \u00abatrocidad\u00bb que ha conmovido a muchos estadounidenses.<\/p>\n<p>La otra v\u00edctima, Andrew Wolfe, de 24 a\u00f1os de edad, permanece en estado cr\u00edtico, al igual que el presunto tirador, Rahmanullah Lakanwal, un ciudadano afgano de 29 a\u00f1os que fue reducido por agentes durante el incidente.<\/p>\n<p>Las autoridades contin\u00faan investigando los posibles motivos que llevaron a Lakanwal a cometer el crimen, sin ofrecer detalles adicionales. Sin embargo, se ha revelado que el sospechoso hab\u00eda trabajado para una unidad militar respaldada por la CIA en Afganist\u00e1n y fue evacuado a Estados Unidos en 2021, bajo el programa Operation Allies Welcome.<\/p>\n<p>La fiscal Pirro inform\u00f3 que se est\u00e1n solicitando y ejecutando \u00f3rdenes judiciales no solo en el estado de Washington, donde resid\u00eda el presunto tirador, sino tambi\u00e9n en otras zonas del pa\u00eds.<\/p>\n<p>El jueves, la fiscal general de Estados Unidos, Pam Bondi, ya hab\u00eda adelantado que la Justicia estadounidense podr\u00eda presentar cargos relacionados con terrorismo contra Lakanwal y buscar la pena de muerte.<\/p>\n<\/article>\n<\/div>\n\n","protected":false},"excerpt":{"rendered":"<p>El sospechoso viv\u00eda en Bellingham, en el estado de Washington, en la costa oeste, con su esposa y sus cinco hijos El sospechoso del tiroteo ocurrido en Washington D.C. contra dos miembros de la Guardia Nacional ser\u00e1 acusado de asesinato en primer grado, confirm\u00f3 este viernes la fiscal de Estados Unidos para el Distrito de &hellip;<\/p>\n","protected":false},"author":1,"featured_media":51679,"comment_status":"open","ping_status":"open","sticky":false,"template":"","format":"standard","meta":{"fifu_image_url":"https:\/\/elnacional-uploads.nyc3.digitaloceanspaces.com\/wp-content\/uploads\/2025\/11\/27124425\/rahmanullah-lakanwal-02-jpg-1764215270806_1764215272297-600x338-1.jpg","fifu_image_alt":"","footnotes":""},"categories":[13],"tags":[],"class_list":["post-51677","post","type-post","status-publish","format-standard","has-post-thumbnail","","category-mundo"],"_links":{"self":[{"href":"https:\/\/noticiasveraces.com\/index.php?rest_route=\/wp\/v2\/posts\/51677","targetHints":{"allow":["GET"]}}],"collection":[{"href":"https:\/\/noticiasveraces.com\/index.php?rest_route=\/wp\/v2\/posts"}],"about":[{"href":"https:\/\/noticiasveraces.com\/index.php?rest_route=\/wp\/v2\/types\/post"}],"author":[{"embeddable":true,"href":"https:\/\/noticiasveraces.com\/index.php?rest_route=\/wp\/v2\/users\/1"}],"replies":[{"embeddable":true,"href":"https:\/\/noticiasveraces.com\/index.php?rest_route=%2Fwp%2Fv2%2Fcomments&post=51677"}],"version-history":[{"count":0,"href":"https:\/\/noticiasveraces.com\/index.php?rest_route=\/wp\/v2\/posts\/51677\/revisions"}],"wp:featuredmedia":[{"embeddable":true,"href":"https:\/\/noticiasveraces.com\/index.php?rest_route=\/wp\/v2\/media\/51679"}],"wp:attachment":[{"href":"https:\/\/noticiasveraces.com\/index.php?rest_route=%2Fwp%2Fv2%2Fmedia&parent=51677"}],"wp:term":[{"taxonomy":"category","embeddable":true,"href":"https:\/\/noticiasveraces.com\/index.php?rest_route=%2Fwp%2Fv2%2Fcategories&post=51677"},{"taxonomy":"post_tag","embeddable":true,"href":"https:\/\/noticiasveraces.com\/index.php?rest_route=%2Fwp%2Fv2%2Ftags&post=51677"}],"curies":[{"name":"wp","href":"https:\/\/api.w.org\/{rel}","templated":true}]}}