{"id":51663,"date":"2025-11-28T15:39:12","date_gmt":"2025-11-28T19:39:12","guid":{"rendered":"https:\/\/noticiasveraces.com\/?p=51663"},"modified":"2025-11-28T15:39:12","modified_gmt":"2025-11-28T19:39:12","slug":"boletin-de-salud-de-fox-news-problema-comun-del-sueno-vinculado-a-un-trastorno-cerebral-grave","status":"publish","type":"post","link":"https:\/\/noticiasveraces.com\/?p=51663","title":{"rendered":"Bolet\u00edn de salud de Fox News: Problema com\u00fan del sue\u00f1o vinculado a un trastorno cerebral grave"},"content":{"rendered":"<p> \n<\/p>\n<div>\n<div id=\"beyondwords-wrapper\" class=\"beyondwords-wrapper\">\n<p><span class=\"label-bg\">NUEVO<\/span>\u00a1Ahora puedes escuchar los art\u00edculos de Fox News!\n  <\/p>\n<\/div>\n<p class=\"speakable\"><strong>RIESGO INQUIETADO: problema com\u00fan del sue\u00f1o relacionado con <\/strong><strong>trastorno neurol\u00f3gico grave<\/strong><\/p>\n<div class=\"ad-container tablet ad-h-50 ad-w-300\"> <\/div>\n<div class=\"ad-container mobile ad-h-250 ad-w-300 ad-placeholder-load\"> <\/div>\n<p class=\"speakable\"><strong>SE\u00d1ALES DE ADVERTENCIA: A qu\u00e9 prestar atenci\u00f3n despu\u00e9s del fallecimiento de la nieta de JFK <\/strong><strong>diagn\u00f3stico de c\u00e1ncer<\/strong><\/p>\n<div class=\"image-ct inline\">\n<div class=\"m\"><picture><source media=\"(max-width: 767px)\" srcset=\"https:\/\/a57.foxnews.com\/static.foxnews.com\/foxnews.com\/content\/uploads\/2025\/11\/343\/192\/older-man-cant-sleep.jpg?ve=1&amp;tl=1, https:\/\/a57.foxnews.com\/static.foxnews.com\/foxnews.com\/content\/uploads\/2025\/11\/686\/384\/older-man-cant-sleep.jpg?ve=1&amp;tl=1 2x\" height=\"192\" width=\"343\"><source media=\"(min-width: 768px) and (max-width: 1023px)\" srcset=\"https:\/\/a57.foxnews.com\/static.foxnews.com\/foxnews.com\/content\/uploads\/2025\/11\/672\/378\/older-man-cant-sleep.jpg?ve=1&amp;tl=1, https:\/\/a57.foxnews.com\/static.foxnews.com\/foxnews.com\/content\/uploads\/2025\/11\/1344\/756\/older-man-cant-sleep.jpg?ve=1&amp;tl=1 2x\" height=\"378\" width=\"672\"><source media=\"(min-width: 1024px) and (max-width: 1279px)\" srcset=\"https:\/\/a57.foxnews.com\/static.foxnews.com\/foxnews.com\/content\/uploads\/2025\/11\/931\/523\/older-man-cant-sleep.jpg?ve=1&amp;tl=1, https:\/\/a57.foxnews.com\/static.foxnews.com\/foxnews.com\/content\/uploads\/2025\/11\/1862\/1046\/older-man-cant-sleep.jpg?ve=1&amp;tl=1 2x\" height=\"523\" width=\"931\"><source media=\"(min-width: 1280px)\" srcset=\"https:\/\/a57.foxnews.com\/static.foxnews.com\/foxnews.com\/content\/uploads\/2025\/11\/720\/405\/older-man-cant-sleep.jpg?ve=1&amp;tl=1, https:\/\/a57.foxnews.com\/static.foxnews.com\/foxnews.com\/content\/uploads\/2025\/11\/1440\/810\/older-man-cant-sleep.jpg?ve=1&amp;tl=1 2x\" height=\"405\" width=\"720\"><img loading=\"lazy\" decoding=\"async\" src=\"https:\/\/a57.foxnews.com\/static.foxnews.com\/foxnews.com\/content\/uploads\/2025\/11\/1200\/675\/older-man-cant-sleep.jpg?ve=1&amp;tl=1\" alt=\"Hombre mayor con insomnio\" width=\"1200\" height=\"675\"\/><\/source><\/source><\/source><\/source><\/picture><\/div>\n<div class=\"info\">\n<div class=\"caption\">\n<p><span>Un nuevo estudio importante ha encontrado una conexi\u00f3n notable entre la apnea del sue\u00f1o no tratada y un mayor riesgo de enfermedad de Parkinson.<\/span> <span>(iStock)<\/span><\/p>\n<\/div>\n<\/div>\n<\/div>\n<p><strong>TENSI\u00d3N SOCIAL \u2014 <\/strong>\u00bfEn un GLP-1? C\u00f3mo sobrevivir a las comidas navide\u00f1as sin descarrilar tu progreso<\/p>\n<div class=\"ad-container desktop ad-h-50 ad-w-300\"> <\/div>\n<p><strong>BUSTER DE GRASA &#8211;<\/strong> La nueva vacuna para bajar de peso es prometedora, pero los expertos piden precauci\u00f3n<\/p>\n<div class=\"ad-container mobile ad-h-250 ad-w-300 ad-placeholder-load\"> <\/div>\n<p><strong><u>SUSCR\u00cdBETE A NUESTRO BOLET\u00cdN DE SALUD<\/u><\/strong><\/p>\n<div class=\"ad-container tablet ad-h-50 ad-w-300\"> <\/div>\n<p><strong>RIESGO INVISIBLE \u2014<\/strong> Los m\u00e9dicos advierten sobre el c\u00e1ncer mortal que se esconde a plena vista<\/p>\n<p><strong>ENTRENAMIENTO ACU\u00c1TICO \u2014 <\/strong>El nuevo pasatiempo fitness de Ivanka Trump podr\u00eda promover un envejecimiento saludable<\/p>\n<div class=\"image-ct inline\">\n<div class=\"m\"><picture><source media=\"(max-width: 767px)\" srcset=\"https:\/\/a57.foxnews.com\/static.foxnews.com\/foxnews.com\/content\/uploads\/2025\/11\/343\/192\/ivanka-trump-paddleboarding.jpg?ve=1&amp;tl=1, https:\/\/a57.foxnews.com\/static.foxnews.com\/foxnews.com\/content\/uploads\/2025\/11\/686\/384\/ivanka-trump-paddleboarding.jpg?ve=1&amp;tl=1 2x\" height=\"192\" width=\"343\"><source media=\"(min-width: 768px) and (max-width: 1023px)\" srcset=\"https:\/\/a57.foxnews.com\/static.foxnews.com\/foxnews.com\/content\/uploads\/2025\/11\/672\/378\/ivanka-trump-paddleboarding.jpg?ve=1&amp;tl=1, https:\/\/a57.foxnews.com\/static.foxnews.com\/foxnews.com\/content\/uploads\/2025\/11\/1344\/756\/ivanka-trump-paddleboarding.jpg?ve=1&amp;tl=1 2x\" height=\"378\" width=\"672\"><source media=\"(min-width: 1024px) and (max-width: 1279px)\" srcset=\"https:\/\/a57.foxnews.com\/static.foxnews.com\/foxnews.com\/content\/uploads\/2025\/11\/931\/523\/ivanka-trump-paddleboarding.jpg?ve=1&amp;tl=1, https:\/\/a57.foxnews.com\/static.foxnews.com\/foxnews.com\/content\/uploads\/2025\/11\/1862\/1046\/ivanka-trump-paddleboarding.jpg?ve=1&amp;tl=1 2x\" height=\"523\" width=\"931\"><source media=\"(min-width: 1280px)\" srcset=\"https:\/\/a57.foxnews.com\/static.foxnews.com\/foxnews.com\/content\/uploads\/2025\/11\/720\/405\/ivanka-trump-paddleboarding.jpg?ve=1&amp;tl=1, https:\/\/a57.foxnews.com\/static.foxnews.com\/foxnews.com\/content\/uploads\/2025\/11\/1440\/810\/ivanka-trump-paddleboarding.jpg?ve=1&amp;tl=1 2x\" height=\"405\" width=\"720\"><img loading=\"lazy\" decoding=\"async\" src=\"https:\/\/a57.foxnews.com\/static.foxnews.com\/foxnews.com\/content\/uploads\/2025\/11\/1200\/675\/ivanka-trump-paddleboarding.jpg?ve=1&amp;tl=1\" alt=\"Ivanka Trump vista practicando remo con un minivestido negro\" width=\"1200\" height=\"675\"\/><\/source><\/source><\/source><\/source><\/picture><\/div>\n<div class=\"info\">\n<div class=\"caption\">\n<p><span>Ivanka Trump es vista en una tabla de remo el 15 de noviembre de 2025 en Surfside, Florida.<\/span> <span>(Im\u00e1genes MEGA\/GC)<\/span><\/p>\n<\/div>\n<\/div>\n<\/div>\n<div class=\"ad-container mobile ad-h-250 ad-w-300 ad-placeholder-load\"> <\/div>\n<p><strong>BENEFICIO INESPERADO &#8211;<\/strong> La p\u00e9rdida de audici\u00f3n podr\u00eda revertirse con un popular medicamento para la disfunci\u00f3n er\u00e9ctil<\/p>\n<p><strong>\u00bfTE GUSTA LO QUE EST\u00c1S LEYENDO? HAGA CLIC AQU\u00cd PARA M\u00c1S NOTICIAS DE SALUD<\/strong><\/p>\n<div class=\"ad-container tablet ad-h-50 ad-w-300\"> <\/div>\n<p><strong>&#8216;TORMENTA PERFECTA&#8217; \u2014 <\/strong>Los m\u00e9dicos advierten sobre un aumento alarmante de las alergias alimentarias que aparecen en los adultos<\/p>\n<p> <!----> <\/p>\n<div class=\"article-meta\">\n<div class=\"author-bio\">\n<p>Este art\u00edculo fue escrito por el personal de Fox News.<\/p>\n<\/div>\n<\/div>\n<\/div>\n\n","protected":false},"excerpt":{"rendered":"<p>NUEVO\u00a1Ahora puedes escuchar los art\u00edculos de Fox News! RIESGO INQUIETADO: problema com\u00fan del sue\u00f1o relacionado con trastorno neurol\u00f3gico grave SE\u00d1ALES DE ADVERTENCIA: A qu\u00e9 prestar atenci\u00f3n despu\u00e9s del fallecimiento de la nieta de JFK diagn\u00f3stico de c\u00e1ncer Un nuevo estudio importante ha encontrado una conexi\u00f3n notable entre la apnea del sue\u00f1o no tratada y un &hellip;<\/p>\n","protected":false},"author":1,"featured_media":51665,"comment_status":"open","ping_status":"open","sticky":false,"template":"","format":"standard","meta":{"fifu_image_url":"https:\/\/a57.foxnews.com\/static.foxnews.com\/foxnews.com\/content\/uploads\/2025\/11\/1200\/675\/older-man-cant-sleep.jpg?ve=1&tl=1","fifu_image_alt":"","footnotes":""},"categories":[8],"tags":[],"class_list":["post-51663","post","type-post","status-publish","format-standard","has-post-thumbnail","","category-salud"],"_links":{"self":[{"href":"https:\/\/noticiasveraces.com\/index.php?rest_route=\/wp\/v2\/posts\/51663","targetHints":{"allow":["GET"]}}],"collection":[{"href":"https:\/\/noticiasveraces.com\/index.php?rest_route=\/wp\/v2\/posts"}],"about":[{"href":"https:\/\/noticiasveraces.com\/index.php?rest_route=\/wp\/v2\/types\/post"}],"author":[{"embeddable":true,"href":"https:\/\/noticiasveraces.com\/index.php?rest_route=\/wp\/v2\/users\/1"}],"replies":[{"embeddable":true,"href":"https:\/\/noticiasveraces.com\/index.php?rest_route=%2Fwp%2Fv2%2Fcomments&post=51663"}],"version-history":[{"count":0,"href":"https:\/\/noticiasveraces.com\/index.php?rest_route=\/wp\/v2\/posts\/51663\/revisions"}],"wp:featuredmedia":[{"embeddable":true,"href":"https:\/\/noticiasveraces.com\/index.php?rest_route=\/wp\/v2\/media\/51665"}],"wp:attachment":[{"href":"https:\/\/noticiasveraces.com\/index.php?rest_route=%2Fwp%2Fv2%2Fmedia&parent=51663"}],"wp:term":[{"taxonomy":"category","embeddable":true,"href":"https:\/\/noticiasveraces.com\/index.php?rest_route=%2Fwp%2Fv2%2Fcategories&post=51663"},{"taxonomy":"post_tag","embeddable":true,"href":"https:\/\/noticiasveraces.com\/index.php?rest_route=%2Fwp%2Fv2%2Ftags&post=51663"}],"curies":[{"name":"wp","href":"https:\/\/api.w.org\/{rel}","templated":true}]}}