{"id":51646,"date":"2025-11-28T13:10:43","date_gmt":"2025-11-28T17:10:43","guid":{"rendered":"https:\/\/noticiasveraces.com\/?p=51646"},"modified":"2025-11-28T13:10:43","modified_gmt":"2025-11-28T17:10:43","slug":"llamada-secreta-avion-de-lujo-de-nicolas-maduro-realizo-inusual-recorrido-por-venezuela","status":"publish","type":"post","link":"https:\/\/noticiasveraces.com\/?p=51646","title":{"rendered":"\u00bfLlamada secreta? Avi\u00f3n de lujo de Nicol\u00e1s Maduro realiz\u00f3 inusual recorrido por Venezuela"},"content":{"rendered":"<p> \n<\/p>\n<div id=\"post-5840238\">\n\t<!-- .entry-header --><\/p>\n<div class=\"entry-content\">\n<p>\n\t\t\t<span rel=\"author\" class=\"fn\">con una pala<\/span>\n\t\t<\/p>\n<p>\t\t<time class=\"entry-date published updated\" datetime=\"2025-11-28T13:08:18-04:00\">noviembre 28 2025, 1:08 pm<\/time><br \/>\n\t\t<span class=\"spot-im-replies-count\" data-post-id=\"5840238\"\/><\/p>\n<figure id=\"attachment_5840249\" aria-describedby=\"caption-attachment-5840249\" style=\"width: 1000px\" class=\"wp-caption alignnone\"><img fetchpriority=\"high\" decoding=\"async\" onerror=\"this.onerror=null;this.src=\" https:=\"\" class=\"wp-image-5840249 size-full\" src=\"https:\/\/sandia.datanubex.uk\/wp-content\/uploads\/2025\/11\/04mHBj27NsIsWrGZrwzUlXcwJPMEa2BtZdluxukCE65aV.jpg\" alt=\"\" width=\"1000\" height=\"622\"\/><figcaption id=\"caption-attachment-5840249\" class=\"wp-caption-text\">Foto: referencial<\/figcaption><\/figure>\n<\/p>\n<p><span style=\"font-weight: 400\">Un avi\u00f3n de lujo de Nicol\u00e1s Maduro fue captado este viernes haciendo un inusual recorrido dentro del territorio venezolano, seg\u00fan detect\u00f3 el portal de rastreo a\u00e9reo Flightradar 24. <\/span><\/p>\n<p><span style=\"font-weight: 400\">Seg\u00fan las im\u00e1genes, el avi\u00f3n Bombardier Global 6000 sali\u00f3 del aeropuerto internacional Sim\u00f3n Bol\u00edvar de Maiquet\u00eda e hizo un recorrido por la Regi\u00f3n Central, los Llanos, por el estado Bol\u00edvar, Nororiente, Regi\u00f3n Insular, hasta regresar a su punto de origen. <\/span><\/p>\n<p><!-- Begin Mailchimp Signup Form --><\/p>\n<div id=\"mc_embed_signup\">\n<p><label for=\"mce-EMAIL\">            \u00a1\u00danete al club ahora! Suscr\u00edbete al bolet\u00edn m\u00e1s importante de Venezuela          <\/label><iframe data-test-id=\"beehiiv-embed\" height=\"52\" frameborder=\"0\" scrolling=\"no\" style=\"margin: 0; border-radius: 0px !important; &#10;&#9;&#9;background-color: transparent;\" data-src=\"https:\/\/embeds.beehiiv.com\/cdab9503-16ae-4689-ad4f-1408c727a83a?slim=true\" class=\"lazyload\"><\/iframe><\/p>\n<\/div>\n<p><!--End mc_embed_signup 2--><\/p>\n<p><span style=\"font-weight: 400\">Seg\u00fan informaci\u00f3n extraoficial, este tipo de vuelo es utilizado para evitar espionajes en llamadas telef\u00f3nicas. <\/span><\/p>\n<p><span style=\"font-weight: 400\">El r\u00e9gimen de Nicol\u00e1s Maduro adquiri\u00f3 en 2024 esta avi\u00f3n de la marca Global 600, matr\u00edcula T7-102X, y est\u00e1 valorado en 25 millones de d\u00f3lares.<\/span><\/p>\n<\/p>\n<p><img loading=\"lazy\" decoding=\"async\" onerror=\"this.onerror=null;this.src=\" https:=\"\" class=\"alignnone size-full wp-image-5840246 lazyload\" alt=\"\" width=\"959\" height=\"852\" src=\"https:\/\/sandia.datanubex.uk\/wp-content\/uploads\/2025\/11\/WhatsApp-Image-2025-11-28-at-11.58.46-1.jpeg\" data-eio-rwidth=\"959\" data-eio-rheight=\"852\"\/><img loading=\"lazy\" decoding=\"async\" onerror=\"this.onerror=null;this.src=\" https:=\"\" class=\"alignnone size-full wp-image-5840246\" src=\"https:\/\/sandia.datanubex.uk\/wp-content\/uploads\/2025\/11\/WhatsApp-Image-2025-11-28-at-11.58.46-1.jpeg\" alt=\"\" width=\"959\" height=\"852\" data-eio=\"l\"\/><\/p>\n<p><!-- CONTENT END 2 -->\n\t<\/div>\n<p><!-- .entry-content --><\/p>\n<\/div>\n\n","protected":false},"excerpt":{"rendered":"<p>con una pala noviembre 28 2025, 1:08 pm Foto: referencial Un avi\u00f3n de lujo de Nicol\u00e1s Maduro fue captado este viernes haciendo un inusual recorrido dentro del territorio venezolano, seg\u00fan detect\u00f3 el portal de rastreo a\u00e9reo Flightradar 24. Seg\u00fan las im\u00e1genes, el avi\u00f3n Bombardier Global 6000 sali\u00f3 del aeropuerto internacional Sim\u00f3n Bol\u00edvar de Maiquet\u00eda e &hellip;<\/p>\n","protected":false},"author":1,"featured_media":51647,"comment_status":"open","ping_status":"open","sticky":false,"template":"","format":"standard","meta":{"fifu_image_url":"https:\/\/sandia.datanubex.uk\/wp-content\/uploads\/2025\/11\/04mHBj27NsIsWrGZrwzUlXcwJPMEa2BtZdluxukCE65aV.jpg","fifu_image_alt":"","footnotes":""},"categories":[4],"tags":[],"class_list":["post-51646","post","type-post","status-publish","format-standard","has-post-thumbnail","","category-historias-destacadas"],"_links":{"self":[{"href":"https:\/\/noticiasveraces.com\/index.php?rest_route=\/wp\/v2\/posts\/51646","targetHints":{"allow":["GET"]}}],"collection":[{"href":"https:\/\/noticiasveraces.com\/index.php?rest_route=\/wp\/v2\/posts"}],"about":[{"href":"https:\/\/noticiasveraces.com\/index.php?rest_route=\/wp\/v2\/types\/post"}],"author":[{"embeddable":true,"href":"https:\/\/noticiasveraces.com\/index.php?rest_route=\/wp\/v2\/users\/1"}],"replies":[{"embeddable":true,"href":"https:\/\/noticiasveraces.com\/index.php?rest_route=%2Fwp%2Fv2%2Fcomments&post=51646"}],"version-history":[{"count":0,"href":"https:\/\/noticiasveraces.com\/index.php?rest_route=\/wp\/v2\/posts\/51646\/revisions"}],"wp:featuredmedia":[{"embeddable":true,"href":"https:\/\/noticiasveraces.com\/index.php?rest_route=\/wp\/v2\/media\/51647"}],"wp:attachment":[{"href":"https:\/\/noticiasveraces.com\/index.php?rest_route=%2Fwp%2Fv2%2Fmedia&parent=51646"}],"wp:term":[{"taxonomy":"category","embeddable":true,"href":"https:\/\/noticiasveraces.com\/index.php?rest_route=%2Fwp%2Fv2%2Fcategories&post=51646"},{"taxonomy":"post_tag","embeddable":true,"href":"https:\/\/noticiasveraces.com\/index.php?rest_route=%2Fwp%2Fv2%2Ftags&post=51646"}],"curies":[{"name":"wp","href":"https:\/\/api.w.org\/{rel}","templated":true}]}}