{"id":51617,"date":"2025-11-28T07:37:58","date_gmt":"2025-11-28T11:37:58","guid":{"rendered":"https:\/\/noticiasveraces.com\/?p=51617"},"modified":"2025-11-28T07:37:58","modified_gmt":"2025-11-28T11:37:58","slug":"la-apnea-del-sueno-duplica-el-riesgo-de-enfermedad-de-parkinson-en-un-importante-estudio-de-veteranos","status":"publish","type":"post","link":"https:\/\/noticiasveraces.com\/?p=51617","title":{"rendered":"La apnea del sue\u00f1o duplica el riesgo de enfermedad de Parkinson en un importante estudio de veteranos"},"content":{"rendered":"<p> \n<\/p>\n<div>\n<div id=\"beyondwords-wrapper\" class=\"beyondwords-wrapper\">\n<p><span class=\"label-bg\">NUEVO<\/span>\u00a1Ahora puedes escuchar los art\u00edculos de Fox News!\n  <\/p>\n<\/div>\n<p class=\"speakable\">Un nuevo estudio importante ha encontrado una conexi\u00f3n notable entre la apnea del sue\u00f1o no tratada y un mayor riesgo de enfermedad de Parkinson.<\/p>\n<p class=\"speakable\">Un equipo de investigadores de la Universidad de Ciencias y Salud de Oreg\u00f3n (OHSU) estudi\u00f3 a m\u00e1s de 11 millones de veteranos de 40 a\u00f1os o m\u00e1s que a\u00fan no padec\u00edan la enfermedad de Parkinson.<\/p>\n<p>A algunos de ellos les hab\u00edan diagnosticado apnea obstructiva del sue\u00f1o, una afecci\u00f3n en la que la respiraci\u00f3n se detiene y se reanuda repetidamente durante el sue\u00f1o. Luego, los investigadores rastrearon qui\u00e9nes desarrollaron Parkinson durante un promedio de casi cinco a\u00f1os.<\/p>\n<p><strong>LA &#8216;APNEA SOCIAL DEL SUE\u00d1O&#8217; PODR\u00cdA ESTAR ARRUINANDO EL DESCANSO DEL FIN DE SEMANA, SUGIERE UN ESTUDIO<\/strong><\/p>\n<p>Tambi\u00e9n examinaron a los veteranos que comenzaron la terapia de presi\u00f3n positiva continua en las v\u00edas respiratorias (CPAP) dentro de los dos a\u00f1os posteriores a su diagn\u00f3stico de apnea del sue\u00f1o, buscando cualquier diferencia en los resultados del Parkinson en comparaci\u00f3n con aquellos que retrasaron o nunca comenzaron la CPAP.<\/p>\n<p>El Dr. Greg Scott, pat\u00f3logo de Oreg\u00f3n y coautor del estudio, calific\u00f3 los hallazgos de \u00absorprendentes\u00bb en un comunicado de prensa.<\/p>\n<div class=\"image-ct inline\">\n<div class=\"m\"><picture><source media=\"(max-width: 767px)\" srcset=\"https:\/\/a57.foxnews.com\/static.foxnews.com\/foxnews.com\/content\/uploads\/2025\/09\/343\/192\/parkinsons-possible-cause-link.jpg?ve=1&amp;tl=1, https:\/\/a57.foxnews.com\/static.foxnews.com\/foxnews.com\/content\/uploads\/2025\/09\/686\/384\/parkinsons-possible-cause-link.jpg?ve=1&amp;tl=1 2x\" height=\"192\" width=\"343\"><source media=\"(min-width: 768px) and (max-width: 1023px)\" srcset=\"https:\/\/a57.foxnews.com\/static.foxnews.com\/foxnews.com\/content\/uploads\/2025\/09\/672\/378\/parkinsons-possible-cause-link.jpg?ve=1&amp;tl=1, https:\/\/a57.foxnews.com\/static.foxnews.com\/foxnews.com\/content\/uploads\/2025\/09\/1344\/756\/parkinsons-possible-cause-link.jpg?ve=1&amp;tl=1 2x\" height=\"378\" width=\"672\"><source media=\"(min-width: 1024px) and (max-width: 1279px)\" srcset=\"https:\/\/a57.foxnews.com\/static.foxnews.com\/foxnews.com\/content\/uploads\/2025\/09\/931\/523\/parkinsons-possible-cause-link.jpg?ve=1&amp;tl=1, https:\/\/a57.foxnews.com\/static.foxnews.com\/foxnews.com\/content\/uploads\/2025\/09\/1862\/1046\/parkinsons-possible-cause-link.jpg?ve=1&amp;tl=1 2x\" height=\"523\" width=\"931\"><source media=\"(min-width: 1280px)\" srcset=\"https:\/\/a57.foxnews.com\/static.foxnews.com\/foxnews.com\/content\/uploads\/2025\/09\/720\/405\/parkinsons-possible-cause-link.jpg?ve=1&amp;tl=1, https:\/\/a57.foxnews.com\/static.foxnews.com\/foxnews.com\/content\/uploads\/2025\/09\/1440\/810\/parkinsons-possible-cause-link.jpg?ve=1&amp;tl=1 2x\" height=\"405\" width=\"720\"><img loading=\"lazy\" decoding=\"async\" src=\"https:\/\/a57.foxnews.com\/static.foxnews.com\/foxnews.com\/content\/uploads\/2025\/09\/1200\/675\/parkinsons-possible-cause-link.jpg?ve=1&amp;tl=1\" alt=\"Hombre mayor mirando a lo lejos, con las manos de alguien en el hombro\" width=\"1200\" height=\"675\"\/><\/source><\/source><\/source><\/source><\/picture><\/div>\n<div class=\"info\">\n<div class=\"caption\">\n<p><span>El estudio analiz\u00f3 a m\u00e1s de 11 millones de veteranos estadounidenses de 40 a\u00f1os o m\u00e1s, con un seguimiento promedio de unos cinco a\u00f1os.<\/span> <span>(iStock)<\/span><\/p>\n<\/div>\n<\/div>\n<\/div>\n<p>\u00abLas personas que todav\u00eda ten\u00edan Parkinson pero hab\u00edan estado usando CPAP tuvieron menos fracturas, menos ca\u00eddas y menor mortalidad. Probamos esto rigurosamente y el resultado sigui\u00f3 ocurriendo\u00bb, dijo.<\/p>\n<p>La investigaci\u00f3n, publicada en JAMA Neurology, se basa en registros de veteranos estadounidenses que fueron tratados a trav\u00e9s del Departamento de Asuntos de Veteranos entre 1999 y 2022. Los datos se ajustaron por edad, sexo, raza, tabaquismo y otros factores de salud.<\/p>\n<p><strong>SE ENCUENTRA VIRUS &#8216;INOFENSIVO&#8217; ACECHANDO EN EL CEREBRO DE LOS PACIENTES DE PARKINSON, MUESTRA UN NUEVO ESTUDIO<\/strong><\/p>\n<p>El estudio encontr\u00f3 que los veteranos con apnea del sue\u00f1o no tratada ten\u00edan casi el doble de probabilidades de desarrollar Parkinson que aquellos sin apnea. Durante unos cinco a\u00f1os, esto se tradujo en aproximadamente uno o dos casos adicionales de Parkinson por cada 1.000 personas.<\/p>\n<div class=\"image-ct inline\">\n<div class=\"m\"><picture><source media=\"(max-width: 767px)\" srcset=\"https:\/\/a57.foxnews.com\/static.foxnews.com\/foxnews.com\/content\/uploads\/2025\/11\/343\/192\/sleep-apnea-parkinsons.jpg?ve=1&amp;tl=1, https:\/\/a57.foxnews.com\/static.foxnews.com\/foxnews.com\/content\/uploads\/2025\/11\/686\/384\/sleep-apnea-parkinsons.jpg?ve=1&amp;tl=1 2x\" height=\"192\" width=\"343\"><source media=\"(min-width: 768px) and (max-width: 1023px)\" srcset=\"https:\/\/a57.foxnews.com\/static.foxnews.com\/foxnews.com\/content\/uploads\/2025\/11\/672\/378\/sleep-apnea-parkinsons.jpg?ve=1&amp;tl=1, https:\/\/a57.foxnews.com\/static.foxnews.com\/foxnews.com\/content\/uploads\/2025\/11\/1344\/756\/sleep-apnea-parkinsons.jpg?ve=1&amp;tl=1 2x\" height=\"378\" width=\"672\"><source media=\"(min-width: 1024px) and (max-width: 1279px)\" srcset=\"https:\/\/a57.foxnews.com\/static.foxnews.com\/foxnews.com\/content\/uploads\/2025\/11\/931\/523\/sleep-apnea-parkinsons.jpg?ve=1&amp;tl=1, https:\/\/a57.foxnews.com\/static.foxnews.com\/foxnews.com\/content\/uploads\/2025\/11\/1862\/1046\/sleep-apnea-parkinsons.jpg?ve=1&amp;tl=1 2x\" height=\"523\" width=\"931\"><source media=\"(min-width: 1280px)\" srcset=\"https:\/\/a57.foxnews.com\/static.foxnews.com\/foxnews.com\/content\/uploads\/2025\/11\/720\/405\/sleep-apnea-parkinsons.jpg?ve=1&amp;tl=1, https:\/\/a57.foxnews.com\/static.foxnews.com\/foxnews.com\/content\/uploads\/2025\/11\/1440\/810\/sleep-apnea-parkinsons.jpg?ve=1&amp;tl=1 2x\" height=\"405\" width=\"720\"><img loading=\"lazy\" decoding=\"async\" src=\"https:\/\/a57.foxnews.com\/static.foxnews.com\/foxnews.com\/content\/uploads\/2025\/11\/1200\/675\/sleep-apnea-parkinsons.jpg?ve=1&amp;tl=1\" alt=\"El hombre con m\u00e1scara CPAP duerme de lado.\" width=\"1200\" height=\"675\"\/><\/source><\/source><\/source><\/source><\/picture><\/div>\n<div class=\"info\">\n<div class=\"caption\">\n<p><span>El uso temprano de CPAP se relacion\u00f3 con 2,3 casos menos de Parkinson por cada 1.000 personas, aproximadamente un caso prevenido por cada 439 tratados durante cinco a\u00f1os.<\/span> <span>(iStock)<\/span><\/p>\n<\/div>\n<\/div>\n<\/div>\n<p>Entre los veteranos que comenzaron la terapia CPAP temprano, el riesgo fue aproximadamente un 30 por ciento menor. <\/p>\n<p>Esa reducci\u00f3n represent\u00f3 aproximadamente 2,3 casos menos de Parkinson por cada 1.000 personas, lo que significa que el tratamiento temprano con CPAP podr\u00eda prevenir un caso por cada 439 personas tratadas durante cinco a\u00f1os.<\/p>\n<p><strong>LA CONTAMINACI\u00d3N DEL AIRE PUEDE JUGAR UN PAPEL M\u00c1S GRANDE EN EL DECLIVE COGNITIVO DE LO QUE CUALQUIERA SE PENSABA<\/strong><\/p>\n<p>\u00abLa mejor estrategia para una enfermedad neurodegenerativa es la prevenci\u00f3n y la detecci\u00f3n temprana de los factores de riesgo, antes de que el da\u00f1o est\u00e9 hecho\u00bb, afirm\u00f3 Scott.<\/p>\n<div class=\"image-ct inline\">\n<div class=\"m\"><picture><source media=\"(max-width: 767px)\" srcset=\"https:\/\/a57.foxnews.com\/static.foxnews.com\/foxnews.com\/content\/uploads\/2025\/07\/343\/192\/parkinsons.jpg?ve=1&amp;tl=1, https:\/\/a57.foxnews.com\/static.foxnews.com\/foxnews.com\/content\/uploads\/2025\/07\/686\/384\/parkinsons.jpg?ve=1&amp;tl=1 2x\" height=\"192\" width=\"343\"><source media=\"(min-width: 768px) and (max-width: 1023px)\" srcset=\"https:\/\/a57.foxnews.com\/static.foxnews.com\/foxnews.com\/content\/uploads\/2025\/07\/672\/378\/parkinsons.jpg?ve=1&amp;tl=1, https:\/\/a57.foxnews.com\/static.foxnews.com\/foxnews.com\/content\/uploads\/2025\/07\/1344\/756\/parkinsons.jpg?ve=1&amp;tl=1 2x\" height=\"378\" width=\"672\"><source media=\"(min-width: 1024px) and (max-width: 1279px)\" srcset=\"https:\/\/a57.foxnews.com\/static.foxnews.com\/foxnews.com\/content\/uploads\/2025\/07\/931\/523\/parkinsons.jpg?ve=1&amp;tl=1, https:\/\/a57.foxnews.com\/static.foxnews.com\/foxnews.com\/content\/uploads\/2025\/07\/1862\/1046\/parkinsons.jpg?ve=1&amp;tl=1 2x\" height=\"523\" width=\"931\"><source media=\"(min-width: 1280px)\" srcset=\"https:\/\/a57.foxnews.com\/static.foxnews.com\/foxnews.com\/content\/uploads\/2025\/07\/720\/405\/parkinsons.jpg?ve=1&amp;tl=1, https:\/\/a57.foxnews.com\/static.foxnews.com\/foxnews.com\/content\/uploads\/2025\/07\/1440\/810\/parkinsons.jpg?ve=1&amp;tl=1 2x\" height=\"405\" width=\"720\"><img loading=\"lazy\" decoding=\"async\" src=\"https:\/\/a57.foxnews.com\/static.foxnews.com\/foxnews.com\/content\/uploads\/2025\/07\/1200\/675\/parkinsons.jpg?ve=1&amp;tl=1\" alt=\"Hombre con enfermedad de Parkinson toma su propia mano\" width=\"1200\" height=\"675\"\/><\/source><\/source><\/source><\/source><\/picture><\/div>\n<div class=\"info\">\n<div class=\"caption\">\n<p><span>Los investigadores sugieren que la falta de ox\u00edgeno, la inflamaci\u00f3n y los procesos de limpieza cerebral interrumpidos pueden explicar el v\u00ednculo entre la apnea del sue\u00f1o y la neurodegeneraci\u00f3n.<\/span> <span>(iStock)<\/span><\/p>\n<\/div>\n<\/div>\n<\/div>\n<p>Los investigadores proponen varias razones potenciales para este v\u00ednculo. Las ca\u00eddas repetidas de ox\u00edgeno durante el sue\u00f1o pueden da\u00f1ar las neuronas, aumentar la inflamaci\u00f3n e interferir con la capacidad del cerebro para eliminar los desechos, permitiendo que se acumulen prote\u00ednas t\u00f3xicas.<\/p>\n<p><strong>HAGA CLIC AQU\u00cd PARA DESCARGAR LA APLICACI\u00d3N FOX NEWS<\/strong><\/p>\n<p>\u00abSi dejas de respirar varias veces por hora y tus niveles de ox\u00edgeno disminuyen&#8230; esencialmente est\u00e1s aturdiendo esas c\u00e9lulas cerebrales cada vez que eso sucede\u00bb, dijo el Dr. Lee Neilson, neur\u00f3logo de OHSU y autor principal del estudio, en el mismo comunicado de prensa.<\/p>\n<p><strong><u>HAGA CLIC AQU\u00cd PARA SUSCRIBIRSE A NUESTRO BOLET\u00cdN DE SALUD<\/u><\/strong><\/p>\n<p>Al estabilizar el ox\u00edgeno y mejorar la continuidad del sue\u00f1o, los cient\u00edficos creen que la CPAP puede reducir ese estr\u00e9s y proteger el tejido cerebral con el tiempo.<\/p>\n<div class=\"image-ct inline\">\n<div class=\"m\"><picture><source media=\"(max-width: 767px)\" srcset=\"https:\/\/a57.foxnews.com\/static.foxnews.com\/foxnews.com\/content\/uploads\/2025\/11\/343\/192\/man-sleeping.jpg?ve=1&amp;tl=1, https:\/\/a57.foxnews.com\/static.foxnews.com\/foxnews.com\/content\/uploads\/2025\/11\/686\/384\/man-sleeping.jpg?ve=1&amp;tl=1 2x\" height=\"192\" width=\"343\"><source media=\"(min-width: 768px) and (max-width: 1023px)\" srcset=\"https:\/\/a57.foxnews.com\/static.foxnews.com\/foxnews.com\/content\/uploads\/2025\/11\/672\/378\/man-sleeping.jpg?ve=1&amp;tl=1, https:\/\/a57.foxnews.com\/static.foxnews.com\/foxnews.com\/content\/uploads\/2025\/11\/1344\/756\/man-sleeping.jpg?ve=1&amp;tl=1 2x\" height=\"378\" width=\"672\"><source media=\"(min-width: 1024px) and (max-width: 1279px)\" srcset=\"https:\/\/a57.foxnews.com\/static.foxnews.com\/foxnews.com\/content\/uploads\/2025\/11\/931\/523\/man-sleeping.jpg?ve=1&amp;tl=1, https:\/\/a57.foxnews.com\/static.foxnews.com\/foxnews.com\/content\/uploads\/2025\/11\/1862\/1046\/man-sleeping.jpg?ve=1&amp;tl=1 2x\" height=\"523\" width=\"931\"><source media=\"(min-width: 1280px)\" srcset=\"https:\/\/a57.foxnews.com\/static.foxnews.com\/foxnews.com\/content\/uploads\/2025\/11\/720\/405\/man-sleeping.jpg?ve=1&amp;tl=1, https:\/\/a57.foxnews.com\/static.foxnews.com\/foxnews.com\/content\/uploads\/2025\/11\/1440\/810\/man-sleeping.jpg?ve=1&amp;tl=1 2x\" height=\"405\" width=\"720\"><img loading=\"lazy\" decoding=\"async\" src=\"https:\/\/a57.foxnews.com\/static.foxnews.com\/foxnews.com\/content\/uploads\/2025\/11\/1200\/675\/man-sleeping.jpg?ve=1&amp;tl=1\" alt=\"Hombre de lado en la cama\" width=\"1200\" height=\"675\"\/><\/source><\/source><\/source><\/source><\/picture><\/div>\n<div class=\"info\">\n<div class=\"caption\">\n<p><span>Debido a que el estudio fue observacional, muestra correlaci\u00f3n, no prueba de causalidad.<\/span> <span>(iStock)<\/span><\/p>\n<\/div>\n<\/div>\n<\/div>\n<p>Sin embargo, los autores del estudio enfatizaron que sus hallazgos s\u00f3lo muestran una asociaci\u00f3n entre los trastornos del sue\u00f1o y las enfermedades neurol\u00f3gicas.<\/p>\n<p><strong><u>PRUEBA CON NUESTRO \u00daLTIMO QUIZ DE ESTILO DE VIDA<\/u><\/strong><\/p>\n<p>Debido a que se trat\u00f3 de un an\u00e1lisis observacional, no puede probar definitivamente que la apnea del sue\u00f1o cause el Parkinson.<\/p>\n<p>El equipo tambi\u00e9n carec\u00eda de datos detallados sobre la constancia con la que los participantes utilizaban sus dispositivos CPAP. Adem\u00e1s, la mayor\u00eda de los veteranos del estudio eran hombres mayores, lo que significa que es posible que los resultados no se puedan generalizar a otras poblaciones.<\/p>\n<p><strong><u>HAGA CLIC AQU\u00cd PARA M\u00c1S HISTORIAS DE SALUD<\/u><\/strong><\/p>\n<p>Adem\u00e1s, los investigadores observaron que los primeros signos de Parkinson, incluidos los trastornos del sue\u00f1o, podr\u00edan haber llevado a algunas personas a ser diagnosticadas con apnea en primer lugar.<\/p>\n<p> <!----> <\/p>\n<div class=\"article-meta\">\n<div class=\"author-bio\">\n<p>Khloe Quill es asistente de producci\u00f3n de estilo de vida en Fox News Digital. Ella y el equipo de estilo de vida cubren una variedad de temas que incluyen comida y bebida, viajes y salud. <\/p>\n<\/div>\n<\/div>\n<\/div>\n\n","protected":false},"excerpt":{"rendered":"<p>NUEVO\u00a1Ahora puedes escuchar los art\u00edculos de Fox News! Un nuevo estudio importante ha encontrado una conexi\u00f3n notable entre la apnea del sue\u00f1o no tratada y un mayor riesgo de enfermedad de Parkinson. Un equipo de investigadores de la Universidad de Ciencias y Salud de Oreg\u00f3n (OHSU) estudi\u00f3 a m\u00e1s de 11 millones de veteranos de &hellip;<\/p>\n","protected":false},"author":1,"featured_media":51619,"comment_status":"open","ping_status":"open","sticky":false,"template":"","format":"standard","meta":{"fifu_image_url":"https:\/\/a57.foxnews.com\/static.foxnews.com\/foxnews.com\/content\/uploads\/2025\/09\/1200\/675\/parkinsons-possible-cause-link.jpg?ve=1&tl=1","fifu_image_alt":"","footnotes":""},"categories":[8],"tags":[],"class_list":["post-51617","post","type-post","status-publish","format-standard","has-post-thumbnail","","category-salud"],"_links":{"self":[{"href":"https:\/\/noticiasveraces.com\/index.php?rest_route=\/wp\/v2\/posts\/51617","targetHints":{"allow":["GET"]}}],"collection":[{"href":"https:\/\/noticiasveraces.com\/index.php?rest_route=\/wp\/v2\/posts"}],"about":[{"href":"https:\/\/noticiasveraces.com\/index.php?rest_route=\/wp\/v2\/types\/post"}],"author":[{"embeddable":true,"href":"https:\/\/noticiasveraces.com\/index.php?rest_route=\/wp\/v2\/users\/1"}],"replies":[{"embeddable":true,"href":"https:\/\/noticiasveraces.com\/index.php?rest_route=%2Fwp%2Fv2%2Fcomments&post=51617"}],"version-history":[{"count":0,"href":"https:\/\/noticiasveraces.com\/index.php?rest_route=\/wp\/v2\/posts\/51617\/revisions"}],"wp:featuredmedia":[{"embeddable":true,"href":"https:\/\/noticiasveraces.com\/index.php?rest_route=\/wp\/v2\/media\/51619"}],"wp:attachment":[{"href":"https:\/\/noticiasveraces.com\/index.php?rest_route=%2Fwp%2Fv2%2Fmedia&parent=51617"}],"wp:term":[{"taxonomy":"category","embeddable":true,"href":"https:\/\/noticiasveraces.com\/index.php?rest_route=%2Fwp%2Fv2%2Fcategories&post=51617"},{"taxonomy":"post_tag","embeddable":true,"href":"https:\/\/noticiasveraces.com\/index.php?rest_route=%2Fwp%2Fv2%2Ftags&post=51617"}],"curies":[{"name":"wp","href":"https:\/\/api.w.org\/{rel}","templated":true}]}}