{"id":51529,"date":"2025-11-27T04:17:50","date_gmt":"2025-11-27T08:17:50","guid":{"rendered":"https:\/\/noticiasveraces.com\/?p=51529"},"modified":"2025-11-27T04:17:50","modified_gmt":"2025-11-27T08:17:50","slug":"rusia-enviara-al-espacio-el-cohete-de-los-suenos-con-el-arte-de-ninos-con-cancer","status":"publish","type":"post","link":"https:\/\/noticiasveraces.com\/?p=51529","title":{"rendered":"Rusia enviar\u00e1 al espacio el &#8216;cohete de los sue\u00f1os&#8217; con el arte de ni\u00f1os con c\u00e1ncer"},"content":{"rendered":"<p> \n<\/p>\n<div>\n<p>Este 27 de noviembre, desde el cosm\u00f3dromo de Baikonur, en Kazajist\u00e1n, partir\u00e1 hacia la Estaci\u00f3n Espacial Internacional la nave tripulada <strong>Soyuz MS-28<\/strong>informa Roscosmos.<\/p>\n<p>En una publicaci\u00f3n en redes, la corporaci\u00f3n mostr\u00f3 el fuselaje del cohete portador Soyuz-2.1a.<\/p>\n<figure class=\"RTImage-root\">\n<div class=\"RTImage-image RTImage-original\"><picture class=\"Picture-root Picture-original\"><!--[if IE 9]><video style=\"display: none;\"><![endif]--><source media=\"(-webkit-min-device-pixel-ratio: 2) and (min-resolution: 120dpi)\" data-srcset=\"&#10;                                            https:\/\/mfes.b37m.ru\/actualidad\/public_images\/2025.11\/original\/6928063659bf5b109600b40a.jpg 850w,&#10;                                    https:\/\/mfes.b37m.ru\/actualidad\/public_images\/2025.11\/original\/6928063659bf5b109600b40a.jpg 1960w,            \" srcset=\"&#10;                                    data:image\/png;base64,iVBORw0KGgoAAAANSUhEUgAAABAAAAAJCAQAAACRI2S5AAAAEElEQVR42mNkIAAYRxWAAQAG9gAKqv6+AwAAAABJRU5ErkJggg==&#10;                            \"><source data-srcset=\"&#10;                                            https:\/\/mfes.b37m.ru\/actualidad\/public_images\/2025.11\/original\/6928063659bf5b109600b40a.jpg 460w,&#10;                                  https:\/\/mfes.b37m.ru\/actualidad\/public_images\/2025.11\/original\/6928063659bf5b109600b40a.jpg 980w,&#10;            \" srcset=\"&#10;                                    data:image\/png;base64,iVBORw0KGgoAAAANSUhEUgAAABAAAAAJCAQAAACRI2S5AAAAEElEQVR42mNkIAAYRxWAAQAG9gAKqv6+AwAAAABJRU5ErkJggg==&#10;                            \"><!--[if IE 9]><\/video><![endif]--><img decoding=\"async\" data-sizes=\"auto\" src=\"&#10;                                    data:image\/png;base64,iVBORw0KGgoAAAANSUhEUgAAABAAAAAJCAQAAACRI2S5AAAAEElEQVR42mNkIAAYRxWAAQAG9gAKqv6+AwAAAABJRU5ErkJggg==&#10;                            \" class=\"Picture-root Picture-original lazyload\" data-src=\"https:\/\/mfes.b37m.ru\/actualidad\/public_images\/2025.11\/original\/6928063659bf5b109600b40a.jpg\" alt=\"\"\/><\/source><\/source><\/picture><!-- noscript pattern --><img decoding=\"async\" src=\"https:\/\/mfes.b37m.ru\/actualidad\/public_images\/2025.11\/original\/6928063659bf5b109600b40a.jpg\" alt=\"\"\/><\/div>\n<\/figure>\n<p>\u00ab<strong>Por primera vez en la historia<\/strong>este cohete fue adornado con dibujos realizados por ni\u00f1os con c\u00e1ncer. En \u00e9l, ni\u00f1os de <strong>50 ciudades de Rusia y de 14 pa\u00edses<\/strong> del mundo plasmaron su sue\u00f1o espacial\u00bb, reza el comunicado.<\/p>\n<div class=\"ReadMore-root Section-root Section-is1to3-xs_is1to1\" data-widgets=\"ReadMore\">\n<div class=\"Section-container Section-isRow-isTop-isWrap\">\n<article class=\"Card-root Card-is1to1 Card-default \">\n<div class=\"Card-imageWrap\">\n<div class=\"Card-picture\">\n<picture class=\"Picture-root Picture-default\"><!--[if IE 9]><video style=\"display: none;\"><![endif]--><source media=\"(-webkit-min-device-pixel-ratio: 2) and (min-resolution: 120dpi)\" data-srcset=\"&#10;                                            https:\/\/mfes.b37m.ru\/actualidad\/public_images\/2025.11\/thumbnail\/6918742a59bf5b10f42639c1.jpg 850w,&#10;                                    https:\/\/mfes.b37m.ru\/actualidad\/public_images\/2025.11\/article\/6918742a59bf5b10f42639c1.jpg 1960w,            \" srcset=\"&#10;                                    data:image\/png;base64,iVBORw0KGgoAAAANSUhEUgAAABAAAAAJCAQAAACRI2S5AAAAEElEQVR42mNkIAAYRxWAAQAG9gAKqv6+AwAAAABJRU5ErkJggg==&#10;                            \"><source data-srcset=\"&#10;                                            https:\/\/mfes.b37m.ru\/actualidad\/public_images\/2025.11\/thumbnail\/6918742a59bf5b10f42639c1.jpg 460,&#10;                                  https:\/\/mfes.b37m.ru\/actualidad\/public_images\/2025.11\/article\/6918742a59bf5b10f42639c1.jpg 980w,&#10;            \" srcset=\"&#10;                                    data:image\/png;base64,iVBORw0KGgoAAAANSUhEUgAAABAAAAAJCAQAAACRI2S5AAAAEElEQVR42mNkIAAYRxWAAQAG9gAKqv6+AwAAAABJRU5ErkJggg==&#10;                            \"><!--[if IE 9]><\/video><![endif]--><img decoding=\"async\" data-sizes=\"auto\" src=\"&#10;                                    data:image\/png;base64,iVBORw0KGgoAAAANSUhEUgAAABAAAAAJCAQAAACRI2S5AAAAEElEQVR42mNkIAAYRxWAAQAG9gAKqv6+AwAAAABJRU5ErkJggg==&#10;                            \" class=\"Picture-root Picture-default lazyload\" data-src=\"https:\/\/mfes.b37m.ru\/actualidad\/public_images\/2025.11\/thumbnail\/6918742a59bf5b10f42639c1.jpg\" alt=\"VIDEO: As\u00ed se ve desde la \u00f3rbita la primera nevada en Mosc\u00fa\"\/><\/source><\/source><\/picture><!-- noscript pattern --><img decoding=\"async\" src=\"https:\/\/mfes.b37m.ru\/actualidad\/public_images\/2025.11\/article\/6918742a59bf5b10f42639c1.jpg\" alt=\"VIDEO: As\u00ed se ve desde la \u00f3rbita la primera nevada en Mosc\u00fa\"\/>    <\/div>\n<\/p><\/div>\n<\/article><\/div>\n<\/p><\/div>\n<p>A bordo de la nave ir\u00e1n el comandante Sergu\u00e9i Kud-Sverchkov (Rusia) y los ingenieros de vuelo Sergu\u00e9i Mik\u00e1ev (Rusia) y Christopher Williams (Estados Unidos). El lanzamiento est\u00e1 programado para las 12:27, hora de Mosc\u00fa, y se podr\u00e1 ver en directo.<\/p>\n<p>M\u00e1s de 50 ni\u00f1os acudir\u00e1n al despegue para enviar su \u00ab<strong>sue\u00f1o infantil<\/strong>\u00bb al espacio, a\u00f1adi\u00f3 la organizaci\u00f3n.<\/p>\n<\/div>\n\n","protected":false},"excerpt":{"rendered":"<p>Este 27 de noviembre, desde el cosm\u00f3dromo de Baikonur, en Kazajist\u00e1n, partir\u00e1 hacia la Estaci\u00f3n Espacial Internacional la nave tripulada Soyuz MS-28informa Roscosmos. En una publicaci\u00f3n en redes, la corporaci\u00f3n mostr\u00f3 el fuselaje del cohete portador Soyuz-2.1a. \u00abPor primera vez en la historiaeste cohete fue adornado con dibujos realizados por ni\u00f1os con c\u00e1ncer. En \u00e9l, &hellip;<\/p>\n","protected":false},"author":1,"featured_media":51531,"comment_status":"open","ping_status":"open","sticky":false,"template":"","format":"standard","meta":{"fifu_image_url":"https:\/\/mfes.b37m.ru\/actualidad\/public_images\/2025.11\/article\/692805e1e9ff715a70740dff.jpg","fifu_image_alt":"","footnotes":""},"categories":[13],"tags":[],"class_list":["post-51529","post","type-post","status-publish","format-standard","has-post-thumbnail","","category-mundo"],"_links":{"self":[{"href":"https:\/\/noticiasveraces.com\/index.php?rest_route=\/wp\/v2\/posts\/51529","targetHints":{"allow":["GET"]}}],"collection":[{"href":"https:\/\/noticiasveraces.com\/index.php?rest_route=\/wp\/v2\/posts"}],"about":[{"href":"https:\/\/noticiasveraces.com\/index.php?rest_route=\/wp\/v2\/types\/post"}],"author":[{"embeddable":true,"href":"https:\/\/noticiasveraces.com\/index.php?rest_route=\/wp\/v2\/users\/1"}],"replies":[{"embeddable":true,"href":"https:\/\/noticiasveraces.com\/index.php?rest_route=%2Fwp%2Fv2%2Fcomments&post=51529"}],"version-history":[{"count":0,"href":"https:\/\/noticiasveraces.com\/index.php?rest_route=\/wp\/v2\/posts\/51529\/revisions"}],"wp:featuredmedia":[{"embeddable":true,"href":"https:\/\/noticiasveraces.com\/index.php?rest_route=\/wp\/v2\/media\/51531"}],"wp:attachment":[{"href":"https:\/\/noticiasveraces.com\/index.php?rest_route=%2Fwp%2Fv2%2Fmedia&parent=51529"}],"wp:term":[{"taxonomy":"category","embeddable":true,"href":"https:\/\/noticiasveraces.com\/index.php?rest_route=%2Fwp%2Fv2%2Fcategories&post=51529"},{"taxonomy":"post_tag","embeddable":true,"href":"https:\/\/noticiasveraces.com\/index.php?rest_route=%2Fwp%2Fv2%2Ftags&post=51529"}],"curies":[{"name":"wp","href":"https:\/\/api.w.org\/{rel}","templated":true}]}}