{"id":51518,"date":"2025-11-27T03:13:06","date_gmt":"2025-11-27T07:13:06","guid":{"rendered":"https:\/\/noticiasveraces.com\/?p=51518"},"modified":"2025-11-27T03:13:06","modified_gmt":"2025-11-27T07:13:06","slug":"la-confesion-de-sebastian-mendez-sobre-falcao-garcia-que-ha-causado-revuelo-ocurrio-en-river-plate-curiosidades-de-futbol","status":"publish","type":"post","link":"https:\/\/noticiasveraces.com\/?p=51518","title":{"rendered":"La confesi\u00f3n de Sebasti\u00e1n M\u00e9ndez sobre Falcao Garc\u00eda que ha causado revuelo: ocurri\u00f3 en River Plate | Curiosidades de f\u00fatbol"},"content":{"rendered":"<p> \n<br \/><img decoding=\"async\" src=\"https:\/\/www.futbolred.com\/files\/article_graphic\/uploads\/2022\/07\/11\/62cc8beb9aca9.jpeg\" \/><\/p>\n<div id=\"cuerpoArticulo\">\n<p class=\"texto intro cnx-companion-firstparagraph\" id=\"p259251-m794-793-795\">Falcao Garc\u00eda vuelve a estar en el centro de la atenci\u00f3n, pero esta vez, no por algo relacionado con su futuro o un posible retiro; sino debido a que un excompa\u00f1ero de River Plate sorprendi\u00f3 con una confesi\u00f3n in\u00e9dita. <\/p>\n<p>Y es que Sebasti\u00e1n &#8216;El Gallego&#8217; M\u00e9ndez habl\u00f3 del cap\u00edtulo que vivi\u00f3 con Radamel, quien en medio de un partido, lo lesion\u00f3 en una jugada fortuita. Sin embargo, meses despu\u00e9s, quiso lesionar al delantero colombiano. <\/p>\n<p class=\"texto contenido-parrafo-articulo cnx-companion-paragraph\" id=\"p259251-m857-3-858\">\u201cMe fractur\u00f3. Me fractur\u00f3 el platillo tibial. Ten\u00eda la pierna caliente, cuando llegue al vestuario me sacaron tres jeringas de sangre y pens\u00e9 que me retiraba. Pens\u00e9 que no jugaba m\u00e1s\u201d, afirm\u00f3 M\u00e9ndez en di\u00e1logo con Sportscenter de ESPN. <\/p>\n<p>El ya jugador retirado se refiere a la dura entrada que protagoniz\u00f3 Falcao durante un partido entre River Plate vs San Lorenzo en mayo de 2008 por Copa Libertadores. <\/p>\n<p>Tras recuperarse y volver a la acci\u00f3n, M\u00e9ndez volvi\u00f3 a enfrentar a Radamel, esta vez, por el torneo local y all\u00ed le propin\u00f3 una fuerte patada que le cost\u00f3 tres fechas de sanci\u00f3n. <\/p>\n<p>\u00abTuve tres jugadas me acuerdo en el partido para ir a lastimarlo. Si \u00e9l recib\u00eda, le pod\u00eda pegar en el gemelo y se me sali\u00f3 la cadena en el \u00faltimo momento. Es una locura, me parece una estupidez ahora que lo veo\u00bb, afirm\u00f3 el exfutbolista. <\/p>\n<p>Adem\u00e1s, reconoce que: \u00abHice una estupidez, lo pod\u00eda haber lastimado tambi\u00e9n. Si lo agarraba mejor, lo lastimaba feo y me hubiese arrepentido much\u00edsimo\u201d. <\/p>\n<p>Para cerrar, M\u00e9ndez dej\u00f3 un mensaje de reflexi\u00f3n y aclar\u00f3 que no guarda rencor. \u00abPiensa en todas las cosas que le habr\u00e1n pasado a \u00e9l y todas las que me pasaron a m\u00ed y todas las que nos pasaron. Le mandamos un abrazo, por supuesto que le mandamos un abrazo con gusto. Por supuesto que s\u00ed, ya pas\u00f3 mucho tiempo\u201d, concluy\u00f3.<\/p>\n<\/div>\n\n","protected":false},"excerpt":{"rendered":"<p>Falcao Garc\u00eda vuelve a estar en el centro de la atenci\u00f3n, pero esta vez, no por algo relacionado con su futuro o un posible retiro; sino debido a que un excompa\u00f1ero de River Plate sorprendi\u00f3 con una confesi\u00f3n in\u00e9dita. Y es que Sebasti\u00e1n &#8216;El Gallego&#8217; M\u00e9ndez habl\u00f3 del cap\u00edtulo que vivi\u00f3 con Radamel, quien en &hellip;<\/p>\n","protected":false},"author":1,"featured_media":51520,"comment_status":"open","ping_status":"open","sticky":false,"template":"","format":"standard","meta":{"fifu_image_url":"https:\/\/www.futbolred.com\/files\/og_thumbnail\/uploads\/2022\/07\/11\/62cc8beb9aca9.jpeg","fifu_image_alt":"","footnotes":""},"categories":[6],"tags":[],"class_list":["post-51518","post","type-post","status-publish","format-standard","has-post-thumbnail","","category-deportes"],"_links":{"self":[{"href":"https:\/\/noticiasveraces.com\/index.php?rest_route=\/wp\/v2\/posts\/51518","targetHints":{"allow":["GET"]}}],"collection":[{"href":"https:\/\/noticiasveraces.com\/index.php?rest_route=\/wp\/v2\/posts"}],"about":[{"href":"https:\/\/noticiasveraces.com\/index.php?rest_route=\/wp\/v2\/types\/post"}],"author":[{"embeddable":true,"href":"https:\/\/noticiasveraces.com\/index.php?rest_route=\/wp\/v2\/users\/1"}],"replies":[{"embeddable":true,"href":"https:\/\/noticiasveraces.com\/index.php?rest_route=%2Fwp%2Fv2%2Fcomments&post=51518"}],"version-history":[{"count":0,"href":"https:\/\/noticiasveraces.com\/index.php?rest_route=\/wp\/v2\/posts\/51518\/revisions"}],"wp:featuredmedia":[{"embeddable":true,"href":"https:\/\/noticiasveraces.com\/index.php?rest_route=\/wp\/v2\/media\/51520"}],"wp:attachment":[{"href":"https:\/\/noticiasveraces.com\/index.php?rest_route=%2Fwp%2Fv2%2Fmedia&parent=51518"}],"wp:term":[{"taxonomy":"category","embeddable":true,"href":"https:\/\/noticiasveraces.com\/index.php?rest_route=%2Fwp%2Fv2%2Fcategories&post=51518"},{"taxonomy":"post_tag","embeddable":true,"href":"https:\/\/noticiasveraces.com\/index.php?rest_route=%2Fwp%2Fv2%2Ftags&post=51518"}],"curies":[{"name":"wp","href":"https:\/\/api.w.org\/{rel}","templated":true}]}}