{"id":51513,"date":"2025-11-27T02:28:05","date_gmt":"2025-11-27T06:28:05","guid":{"rendered":"https:\/\/noticiasveraces.com\/?p=51513"},"modified":"2025-11-27T02:28:05","modified_gmt":"2025-11-27T06:28:05","slug":"venezuela-revoco-concesiones-a-seis-aerolineas-internacionales-por-cancelar-vuelos-el-diario-venezuela","status":"publish","type":"post","link":"https:\/\/noticiasveraces.com\/?p=51513","title":{"rendered":"Venezuela revoc\u00f3 concesiones a seis aerol\u00edneas internacionales por cancelar vuelos &#8211; El Diario Venezuela"},"content":{"rendered":"<p> \n<\/p>\n<div>\n<p>El gobierno de Nicol\u00e1s Maduro revoc\u00f3 este mi\u00e9rcoles 26 de noviembre la <strong>concesi\u00f3n de vuelo<\/strong> a las aerol\u00edneas <strong>ib\u00e9rica<\/strong>, <strong>GRIFO<\/strong>, <strong>avianca<\/strong>, <strong>Latam Colombia<\/strong>, <strong>Aerol\u00edneas turcas<\/strong> y <strong>gol<\/strong>al acusarlas de \u201c<strong>sumarse a las acciones de terrorismo de Estado<\/strong>\u201d promovidas por Estados Unidos y cancelar \u201cunilateralmente\u201d sus operaciones hacia y desde Venezuela, seg\u00fan una publicaci\u00f3n del Ministerio de Transporte y del Instituto Nacional de Aeron\u00e1utica Civil (<strong>OTRO<\/strong>).<\/p>\n<div class=\"ruby-table-contents rbtoc table-fw\">\n<ul class=\"toc-content h5\">\n<li>Advertencias previas y plazos fijados por el INAC<\/li>\n<li>Cancelaciones y consecuencias por los avisos internacionales<\/li>\n<\/ul>\n<\/div>\n<p>A trav\u00e9s de su cuenta en Instagram, el organismo aeron\u00e1utico sostuvo que estas compa\u00f1\u00edas \u201c<strong>incumplieron<\/strong> con la obligaci\u00f3n de mantener la conectividad a\u00e9rea\u201d luego de que Washington emitiera un aviso internacional instando a \u201cextremar la precauci\u00f3n\u201d al sobrevolar el territorio venezolano y el sur del Caribe.<\/p>\n<blockquote data-service=\"instagram\" data-category=\"marketing\" data-placeholder-image=\"https:\/\/eldiario.com\/wp-content\/plugins\/complianz-gdpr-premium\/assets\/images\/placeholders\/instagram-minimal.jpg\" class=\"cmplz-placeholder-element instagram-media\" data-instgrm-captioned=\"\" data-instgrm-permalink=\"https:\/\/www.instagram.com\/p\/DRi3oOljHZi\/?utm_source=ig_embed&amp;utm_campaign=loading\" data-instgrm-version=\"14\" style=\"background:#fff;border:0;border-radius:3px;box-shadow:0 0 1px 0 rgba(0,0,0,.5),0 1px 10px 0 rgba(0,0,0,.15);margin:1px;max-width:540px;min-width:326px;padding:0;width:99.375%;width:-webkit-calc(100% - 2px);width:calc(100% - 2px);\"\/>\n<p>Previo a la medida, el ministro de Interior, Diosdado Cabello, afirm\u00f3 que el gobierno <strong>\u201cse reserva el derecho de admisi\u00f3n\u201d<\/strong> en materia de operaci\u00f3n a\u00e9rea. Insisti\u00f3 en que las empresas fueron notificadas con claridad del plazo y que, si no reanudaban sus vuelos en ese lapso, \u201c<strong>no los reanudaran m\u00e1s<\/strong>\u201d. Asegur\u00f3 que Venezuela \u201cse queda con su dignidad\u201d frente a lo que consider\u00f3 presiones externas.<\/p>\n<h2 id=\"advertencias-previas-y-plazos-fijados-por-el-inac\" class=\"rb-heading-index-0-829843 wp-block-heading\"><strong>Advertencias previas y plazos fijados por el INAC<\/strong><\/h2>\n<p>El martes 25 de noviembre, Venezuela hab\u00eda advertido que las aerol\u00edneas que suspendieron sus vuelos tendr\u00edan hasta el <strong>mi\u00e9rcoles al mediod\u00eda<\/strong> (12:00 pm) para <strong>reanudar sus operaciones<\/strong>bajo amenaza de perder sus permisos de \u201c<strong>vuelo permanente<\/strong>\u201d. <\/p>\n<p>Una fuente del Ministerio de Transporte se\u00f1al\u00f3 a EFE, en ese entonces, que \u201cel Estado venezolano fij\u00f3 posici\u00f3n\u201d y que tomar\u00eda \u201clas acciones correspondientes\u201d en caso de incumplimiento.<\/p>\n<p>El INAC, adscrito al Ministerio de Transporte, inform\u00f3 el lunes a los representantes de las aerol\u00edneas que dispon\u00edan de un plazo de <strong>48 horas<\/strong> para restablecer sus vuelos, medida que <strong>entr\u00f3 en vigor a las 12:00 pm<\/strong> del mismo d\u00eda.<\/p>\n<p>La <strong>Asociaci\u00f3n Internacional del Transporte A\u00e9reo (IATA)<\/strong> confirm\u00f3 que Venezuela hab\u00eda dado estas 48 horas bajo advertencia de retirar <strong>derechos de tr\u00e1fico a\u00e9reo<\/strong> a las compa\u00f1\u00edas que mantuvieran suspendidas sus operaciones.<\/p>\n<h2 id=\"cancelaciones-y-consecuencias-por-los-avisos-internacionales\" class=\"rb-heading-index-1-829843 wp-block-heading\"><strong>Cancelaciones y consecuencias por los avisos internacionales<\/strong><\/h2>\n<p>Pese a las restricciones, mantienen sus operaciones las aerol\u00edneas <strong>Copa<\/strong>, <strong>Wingo<\/strong>, <strong>Boliviana de Aviaci\u00f3n<\/strong>, <strong>Sat\u00edn<\/strong>as\u00ed como las venezolanas <strong>Avi\u00f3n<\/strong> y <strong>Conviasa<\/strong>. Por su parte, <strong>L\u00e1ser<\/strong> y <strong>Estelar<\/strong>que conectan con Madrid mediante Plus Ultra e Iberojet, informaron sobre la suspensi\u00f3n temporal de estos servicios hasta el 1\u00b0 de diciembre, atendiendo a las recomendaciones de la autoridad aeron\u00e1utica espa\u00f1ola.<\/p>\n<p>El gobierno venezolano sostiene que el despliegue naval y a\u00e9reo de <strong>Estados Unidos<\/strong> en el Caribe representa una amenaza dirigida a desestabilizar al pa\u00eds, mientras Washington asegura que se trata de operaciones antinarc\u00f3ticos. <\/p>\n<p>Estas tensiones aumentaron luego de que la <strong>FAA<\/strong> emitiera el <strong>21 de noviembre<\/strong> un aviso instando a los vuelos comerciales a <strong>\u201cextremar la precauci\u00f3n\u201d<\/strong> al sobrevolar Venezuela y el sur del Caribe, en un contexto marcado por el incremento de la presencia militar estadounidense en la zona.<\/p>\n<p><em>Este contenido incluye informaci\u00f3n suministrada por la Agencia EFE. Editado, verificado y contextualizado por el equipo editorial de <strong>El Diario<\/strong>. Conoce nuestra pol\u00edtica sobre el uso de contenidos de EFE<\/em><em> <\/em>aqu\u00ed<\/p>\n<p>.  <\/p><\/div>\n<p><script async src=\"\/\/www.instagram.com\/embed.js\"><\/script><br \/>\n<br \/>\n","protected":false},"excerpt":{"rendered":"<p>El gobierno de Nicol\u00e1s Maduro revoc\u00f3 este mi\u00e9rcoles 26 de noviembre la concesi\u00f3n de vuelo a las aerol\u00edneas ib\u00e9rica, GRIFO, avianca, Latam Colombia, Aerol\u00edneas turcas y golal acusarlas de \u201csumarse a las acciones de terrorismo de Estado\u201d promovidas por Estados Unidos y cancelar \u201cunilateralmente\u201d sus operaciones hacia y desde Venezuela, seg\u00fan una publicaci\u00f3n del Ministerio &hellip;<\/p>\n","protected":false},"author":1,"featured_media":51514,"comment_status":"open","ping_status":"open","sticky":false,"template":"","format":"standard","meta":{"fifu_image_url":"https:\/\/eldiario.com\/wp-content\/uploads\/2025\/11\/21c473760f3e541bfc74452324e298a8d06c7884-1.jpg","fifu_image_alt":"","footnotes":""},"categories":[4],"tags":[],"class_list":["post-51513","post","type-post","status-publish","format-standard","has-post-thumbnail","","category-historias-destacadas"],"_links":{"self":[{"href":"https:\/\/noticiasveraces.com\/index.php?rest_route=\/wp\/v2\/posts\/51513","targetHints":{"allow":["GET"]}}],"collection":[{"href":"https:\/\/noticiasveraces.com\/index.php?rest_route=\/wp\/v2\/posts"}],"about":[{"href":"https:\/\/noticiasveraces.com\/index.php?rest_route=\/wp\/v2\/types\/post"}],"author":[{"embeddable":true,"href":"https:\/\/noticiasveraces.com\/index.php?rest_route=\/wp\/v2\/users\/1"}],"replies":[{"embeddable":true,"href":"https:\/\/noticiasveraces.com\/index.php?rest_route=%2Fwp%2Fv2%2Fcomments&post=51513"}],"version-history":[{"count":0,"href":"https:\/\/noticiasveraces.com\/index.php?rest_route=\/wp\/v2\/posts\/51513\/revisions"}],"wp:featuredmedia":[{"embeddable":true,"href":"https:\/\/noticiasveraces.com\/index.php?rest_route=\/wp\/v2\/media\/51514"}],"wp:attachment":[{"href":"https:\/\/noticiasveraces.com\/index.php?rest_route=%2Fwp%2Fv2%2Fmedia&parent=51513"}],"wp:term":[{"taxonomy":"category","embeddable":true,"href":"https:\/\/noticiasveraces.com\/index.php?rest_route=%2Fwp%2Fv2%2Fcategories&post=51513"},{"taxonomy":"post_tag","embeddable":true,"href":"https:\/\/noticiasveraces.com\/index.php?rest_route=%2Fwp%2Fv2%2Ftags&post=51513"}],"curies":[{"name":"wp","href":"https:\/\/api.w.org\/{rel}","templated":true}]}}