{"id":51510,"date":"2025-11-27T01:40:08","date_gmt":"2025-11-27T05:40:08","guid":{"rendered":"https:\/\/noticiasveraces.com\/?p=51510"},"modified":"2025-11-27T01:40:08","modified_gmt":"2025-11-27T05:40:08","slug":"ee-uu-recibe-autorizacion-para-operar-de-forma-temporal-en-aeropuertos-de-republica-dominicana","status":"publish","type":"post","link":"https:\/\/noticiasveraces.com\/?p=51510","title":{"rendered":"EE. UU. recibe autorizaci\u00f3n para operar de forma temporal en aeropuertos de Rep\u00fablica Dominicana"},"content":{"rendered":"<p> \n<\/p>\n<div>\n<p>En presencia del secretario de Defensa estadounidense, Pete Hegseth, el presidente de Rep\u00fablica Dominicana, Luis Abinader, anunci\u00f3 este mi\u00e9rcoles un acuerdo \u00abt\u00e9cnico, limitado y temporal\u00bb para que Estados Unidos pueda operar en zonas a\u00e9reas restringidas en el pa\u00eds caribe\u00f1o.<\/p>\n<p>Se trata de una primera muestra p\u00fablica de apoyo importante de una naci\u00f3n de la regi\u00f3n al despliegue militar de Washington \u2013bautizado &#8216;Operaci\u00f3n Lanza del Sur&#8217;\u2013, que tiene como misi\u00f3n, seg\u00fan la administraci\u00f3n Trump, la lucha contra el tr\u00e1fico de drogas y a Venezuela como principal foco de tensi\u00f3n.<\/p>\n<p>En Santo Domingo, Abinader exhibi\u00f3 su sinton\u00eda con Hegseth, quien elogi\u00f3 a Rep\u00fablica Dominicana porque \u00abha dado un paso al frente\u00bb y, por esa raz\u00f3n, \u00abdecidimos venir primero\u00bb al pa\u00eds. Tambi\u00e9n garantiz\u00f3 que Estados Unidos respetar\u00e1 la soberan\u00eda y las leyes del pa\u00eds caribe\u00f1o.<\/p>\n<p>De su lado, Abinader justific\u00f3 la medida, que seg\u00fan \u00e9l se enmarca en los\u00a0\u00abpermisos especiales\u00bb concedidos a Estados Unidos bajo los protocolos de cooperaci\u00f3n bilateral en asuntos de seguridad.<\/p>\n<p>\u201cEl prop\u00f3sito es claro: fortalecer el anillo de protecci\u00f3n a\u00e9rea y mar\u00edtima que mantienen nuestras Fuerzas Armadas, un refuerzo decisivo para prevenir la entrada de narc\u00f3ticos y asestar un golpe m\u00e1s contundente al crimen organizado transnacional\u201d, afirm\u00f3.<\/p>\n<div class=\"m-em-image\">\n<figure class=\"m-item-image m-item-image--original m-item-image--has-caption\">\n<picture class=\"a-picture a-picture--original\"><source type=\"image\/webp\" srcset=\"https:\/\/s.france24.com\/media\/display\/cf7f2770-cb38-11f0-b732-005056a90284\/w:246\/FOTO-EEUU-DOMINICANA-HEGSETH.webp 246w,https:\/\/s.france24.com\/media\/display\/cf7f2770-cb38-11f0-b732-005056a90284\/w:388\/FOTO-EEUU-DOMINICANA-HEGSETH.webp 388w,https:\/\/s.france24.com\/media\/display\/cf7f2770-cb38-11f0-b732-005056a90284\/w:720\/FOTO-EEUU-DOMINICANA-HEGSETH.webp 720w,https:\/\/s.france24.com\/media\/display\/cf7f2770-cb38-11f0-b732-005056a90284\/w:980\/FOTO-EEUU-DOMINICANA-HEGSETH.webp 980w\" sizes=\"(max-width: 1023px) calc(100vw - 32px), (min-width: 1024px) 850px\"><img decoding=\"async\" fetchpriority=\"low\" src=\"https:\/\/s.france24.com\/media\/display\/cf7f2770-cb38-11f0-b732-005056a90284\/w:980\/FOTO-EEUU-DOMINICANA-HEGSETH.jpg\" srcset=\"https:\/\/s.france24.com\/media\/display\/cf7f2770-cb38-11f0-b732-005056a90284\/w:246\/FOTO-EEUU-DOMINICANA-HEGSETH.jpg 246w,https:\/\/s.france24.com\/media\/display\/cf7f2770-cb38-11f0-b732-005056a90284\/w:388\/FOTO-EEUU-DOMINICANA-HEGSETH.jpg 388w,https:\/\/s.france24.com\/media\/display\/cf7f2770-cb38-11f0-b732-005056a90284\/w:720\/FOTO-EEUU-DOMINICANA-HEGSETH.jpg 720w,https:\/\/s.france24.com\/media\/display\/cf7f2770-cb38-11f0-b732-005056a90284\/w:980\/FOTO-EEUU-DOMINICANA-HEGSETH.jpg 980w\" sizes=\"(max-width: 1023px) calc(100vw - 32px), (min-width: 1024px) 850px\" alt=\"El secretario de Defensa de Estados Unidos, Pete Hegseth, habla durante una conferencia de prensa tras reunirse con el presidente dominicano, Luis Abinader, en el Palacio Nacional de Santo Domingo, Rep\u00fablica Dominicana, el 26 de noviembre de 2025.\" style=\"max-height:478px\" loading=\"lazy\" class=\"a-img \"\/><\/source><\/picture><figcaption class=\"a-figcaption\">\n                <span>El secretario de Defensa de Estados Unidos, Pete Hegseth, habla durante una conferencia de prensa tras reunirse con el presidente dominicano, Luis Abinader, en el Palacio Nacional de Santo Domingo, Rep\u00fablica Dominicana, el 26 de noviembre de 2025.<\/span>                <span>\u00a9 Ricardo Hern\u00e1ndez \/ AP<\/span>            <\/figcaption><\/figure>\n<\/p><\/div>\n<p>Aunque el presidente dominicano no brind\u00f3 detalles en una conferencia de prensa en la que no se permitieron preguntas de la prensa, s\u00ed se\u00f1al\u00f3 que se trata de un acuerdo \u00abt\u00e9cnico, limitado y temporal\u00bb. Bajo este entendimiento, Estados Unidos podr\u00e1 utilizar \u00e1reas restringidas del Aeropuerto Internacional Las Am\u00e9ricas y de la Base A\u00e9rea San Isidro para reabastecer sus aviones y transportar equipo y personal t\u00e9cnico.<\/p>\n<p>Posteriormente, la oficina del mandatario emiti\u00f3 un comunicado con m\u00e1s detalles. En \u00e9l especifica que varios aviones cisterna KC-135 apoyar\u00e1n las misiones de patrullaje a\u00e9reo y prestar\u00e1n \u00abservicios de reabastecimiento de combustible a aeronaves de pa\u00edses socios, garantizando as\u00ed operaciones sostenidas para monitorear, detectar y rastrear actividades de contrabando il\u00edcito verificadas\u201d.<\/p>\n<p>\u00abAdicionalmente, las aeronaves de carga\u00a0C-130 H\u00e9rcules, facilitar\u00e1n evacuaciones aerom\u00e9dicas, lucha contra incendios, reconocimiento meteorol\u00f3gico y asistencia en casos de desastre\u00bb, ampli\u00f3 el despacho de Abinader.<\/p>\n<h2><strong>Estados Unidos estrecha el cerco sobre Venezuela con apoyo de sus aliados regionales<\/strong><\/h2>\n<p>La visita de Hegseth a Rep\u00fablica Dominicana se da cuando Estados Unidos ha intensificado los contactos con sus aliados para reunir apoyo en su mayor despliegue militar en el Caribe en a\u00f1os, que han incluido ensayos de ataques con bombarderos B-52 y el traslado de su principal portaaviones, el USS Gerald R. Ford. Desde inicios de septiembre, los ataques a\u00e9reos contra lo que Washington califica de \u00abnarcolanchas\u00bb han matado a al menos 83 personas.<\/p>\n<p>La administraci\u00f3n Trump no suele mostrar pruebas para sostener las acusaciones contra los sospechosos muertos y tanto opositores como organizaciones de derechos humanos han denunciado estos bombardeos como \u00abejecuciones extrajudiciales\u00bb.<\/p>\n<p>Diversos expertos observan estos ataques y la aglomeraci\u00f3n de activos militares como una t\u00e1ctica para forzar la salida\u00a0del presidente venezolano Nicol\u00e1s Maduro, a quien el gobierno de Estados Unidos design\u00f3 el lunes como l\u00edder del supuesto Cartel de los Soles, designado \u00aborganizaci\u00f3n terrorista extranjera\u00bb por el Departamento de Estado.<\/p>\n<div id=\"em-WBMZ353644-F24-ES-20251127\" class=\"m-em-flash\" data-xtwitter-script=\"\"><figcaption class=\"a-figcaption\">\n<\/figcaption><div class=\"o-em-consent \">\n<div class=\"o-em-consent__content\">\n<p class=\"o-em-consent__content__text\">Para mostrar este contenido de X (Twitter), debe autorizar las cookies de medici\u00f3n de audiencia y publicidad.<\/p>\n<p>        <button class=\"a-master-button a-master-button--dark\" data-action=\"accept\">Aceptar<i class=\"a-svg a-svg--icon-check\"\/><\/button><br \/>\n        <button class=\"a-link\" data-action=\"manage\">Gestionar mis opciones<i class=\"a-svg a-svg--icon-edit\"\/><\/button>\n    <\/div>\n<\/div>\n<\/div>\n<p>Un d\u00eda antes del viaje de Hegseth a Santo Domingo, el general Dan Caine, jefe del Estado Mayor Conjunto y principal asesor militar del presidente estadounidense Donald Trump, se reuni\u00f3 con la primera ministra de Trinidad y Tobago, Kamla Persad-Bissessar. En ese pa\u00eds, Estados Unidos ha realizado recientemente ensayos militares, lo que ha elevado las tensiones con Venezuela.<\/p>\n<p>Este mi\u00e9rcoles, Persad-Bissessar asegur\u00f3 que \u00abno vamos a lanzar ninguna campa\u00f1a contra Venezuela\u00bb y que el pa\u00eds sudamericano no fue mencionado en las conversaciones con Caine. La mandataria sostuvo que los di\u00e1logos estuvieron centrados en la presencia de marines estadounidenses para realizar trabajos en la carretera de un aeropuerto y entrenar con soldados locales.<\/p>\n<p>Previamente, Caine tambi\u00e9n visit\u00f3 a tropas estadounidenses en Puerto Rico y abord\u00f3 al menos un buque de la Armada, mientras que a principios de a\u00f1o se supo que Estados Unidos contact\u00f3 a la isla caribe\u00f1a de Granada con una solicitud que no trascendi\u00f3. A inicios de noviembre, su primer ministro Dickon Mitchell se refiri\u00f3 al Parlamento sobre una posible instalaci\u00f3n de un radar temporal estadounidense en el aeropuerto internacional que \u00abno ser\u00e1 un secreto\u00a0ni violar\u00e1 las leyes nacionales o internacionales\u00bb, pero desde entonces no se ha hecho ning\u00fan anuncio.<\/p>\n<div class=\"em-video-wrapper m-em-video\" data-media-video-wbmz353645-f24-es-20251127=\"\" data-wrapper-video-player=\"\" data-show-hidden-video-player=\"WBMZ353645-F24-ES-20251127\" data-youtube-script=\"\">\n<div class=\"m-em-video__video\">\n<div class=\"o-em-consent \">\n<div class=\"o-em-consent__content\">\n<p class=\"o-em-consent__content__text\">Para mostrar este contenido de YouTube, debe autorizar las cookies de medici\u00f3n de audiencia y publicidad.<\/p>\n<p>        <button class=\"a-master-button a-master-button--dark\" data-action=\"accept\">Aceptar<i class=\"a-svg a-svg--icon-check\"\/><\/button><br \/>\n        <button class=\"a-link\" data-action=\"manage\">Gestionar mis opciones<i class=\"a-svg a-svg--icon-edit\"\/><\/button>\n    <\/div>\n<\/div>\n<div class=\"o-em-adblock\" data-adblock-content=\"\">\n<div class=\"o-em-adblock__content\">\n<p class=\"o-em-adblock__content__text\">Una extensi\u00f3n de tu navegador parece estar bloqueando la carga del reproductor de video. Para poder ver este contenido, debes desactivarla en este sitio.<\/p>\n<p>            <button class=\"a-master-button a-master-button--dark\" data-action=\"reload\">Reintentar<\/button>\n    <\/div>\n<\/div>\n<figure class=\"m-item-image m-item-image--16x9 m-item-image--has-caption\">\n<picture class=\"a-picture a-picture--16x9\"><source type=\"image\/webp\" srcset=\"https:\/\/s.france24.com\/media\/display\/0296e310-cad4-11f0-90df-005056bf30b7\/w:388\/p:16x9\/ES-20251126-071343-071529-CS.webp 388w,https:\/\/s.france24.com\/media\/display\/0296e310-cad4-11f0-90df-005056bf30b7\/w:720\/p:16x9\/ES-20251126-071343-071529-CS.webp 720w,https:\/\/s.france24.com\/media\/display\/0296e310-cad4-11f0-90df-005056bf30b7\/w:1024\/p:16x9\/ES-20251126-071343-071529-CS.webp 1024w,https:\/\/s.france24.com\/media\/display\/0296e310-cad4-11f0-90df-005056bf30b7\/w:1280\/p:16x9\/ES-20251126-071343-071529-CS.webp 1280w\" sizes=\"(max-width: 639px) calc(100vw - 32px), (max-width: 1076px) calc(100vw - 44px), 850px\"><img decoding=\"async\" fetchpriority=\"low\" src=\"https:\/\/s.france24.com\/media\/display\/0296e310-cad4-11f0-90df-005056bf30b7\/w:1280\/p:16x9\/ES-20251126-071343-071529-CS.jpg\" srcset=\"https:\/\/s.france24.com\/media\/display\/0296e310-cad4-11f0-90df-005056bf30b7\/w:388\/p:16x9\/ES-20251126-071343-071529-CS.jpg 388w,https:\/\/s.france24.com\/media\/display\/0296e310-cad4-11f0-90df-005056bf30b7\/w:720\/p:16x9\/ES-20251126-071343-071529-CS.jpg 720w,https:\/\/s.france24.com\/media\/display\/0296e310-cad4-11f0-90df-005056bf30b7\/w:1024\/p:16x9\/ES-20251126-071343-071529-CS.jpg 1024w,https:\/\/s.france24.com\/media\/display\/0296e310-cad4-11f0-90df-005056bf30b7\/w:1280\/p:16x9\/ES-20251126-071343-071529-CS.jpg 1280w\" sizes=\"auto, (max-width: 639px) calc(100vw - 32px), (max-width: 1076px) calc(100vw - 44px), 850px\" width=\"1280\" height=\"720\" alt=\"2025-11-26 12:13 Aumento de actividad militar de EE.UU. en Puerto Rico, en medio de tensiones con Venezuela\" loading=\"lazy\" class=\"a-img \"\/><\/source><\/picture><figcaption class=\"a-figcaption\">\n                <span>2025-11-26 12:13 Aumento de actividad militar de EE.UU. en Puerto Rico, en medio de tensiones con Venezuela<\/span>                <span>\u00a9 Francia 24<\/span>            <\/figcaption><\/figure>\n<\/p><\/div>\n<\/p><\/div>\n<h2><strong>Venezuela denuncia la \u00ablocura imperial\u00bb de Estados Unidos<\/strong><\/h2>\n<p>En su programa semanal &#8216;Con el mazo dando&#8217; en el canal estatal VTV, el ministro del Interior de Venezuela, Diosdado Cabello, consider\u00f3 que la autorizaci\u00f3n de Rep\u00fablica Dominicana para que Estados Unidos utilice de manera provisional dos aeropuertos forma parte de una \u00ablocura imperial\u00bb.<\/p>\n<p>\u00abEn las locuras imperiales, ellos todos los d\u00edas nos amenazan, todos los d\u00edas inventan una cosa y si no la inventan la reciclan. A m\u00ed me dan ganas de re\u00edr que hoy veo que el presidente de Rep\u00fablica Dominicana (Luis Abinader) autoriza los vuelos estadounidenses. No hab\u00edan nacido ustedes y ese aeropuerto le pertenece a los gringos. Pero ellos reciclan\u00bb, asever\u00f3.<\/p>\n<p>Cabello tambi\u00e9n afirm\u00f3 que a Washington se la ha ca\u00eddo una \u00abnarrativa\u00bb y catalog\u00f3 de \u00abinvento\u00bb al denominado Cartel de los Soles. <\/p>\n<p>\u00abHoy d\u00eda, sobre mesa, para el mundo entero, est\u00e1 claro que Estados Unidos lo que quiere es robarse los recursos naturales de Venezuela. Por eso disfrazan todo para tratar de justificar\u00bb, sentenci\u00f3 el considerado n\u00famero dos del chavismo.<\/p>\n<p>Con AP y EFE<\/p>\n<\/p><\/div>\n\n","protected":false},"excerpt":{"rendered":"<p>En presencia del secretario de Defensa estadounidense, Pete Hegseth, el presidente de Rep\u00fablica Dominicana, Luis Abinader, anunci\u00f3 este mi\u00e9rcoles un acuerdo \u00abt\u00e9cnico, limitado y temporal\u00bb para que Estados Unidos pueda operar en zonas a\u00e9reas restringidas en el pa\u00eds caribe\u00f1o. Se trata de una primera muestra p\u00fablica de apoyo importante de una naci\u00f3n de la regi\u00f3n &hellip;<\/p>\n","protected":false},"author":1,"featured_media":51512,"comment_status":"open","ping_status":"open","sticky":false,"template":"","format":"standard","meta":{"fifu_image_url":"https:\/\/s.france24.com\/media\/display\/71c07b66-cb38-11f0-a74c-005056a90284\/w:1280\/p:16x9\/FOTO-PORTADA-EEUU-DOMINICANA.jpg","fifu_image_alt":"","footnotes":""},"categories":[13],"tags":[],"class_list":["post-51510","post","type-post","status-publish","format-standard","has-post-thumbnail","","category-mundo"],"_links":{"self":[{"href":"https:\/\/noticiasveraces.com\/index.php?rest_route=\/wp\/v2\/posts\/51510","targetHints":{"allow":["GET"]}}],"collection":[{"href":"https:\/\/noticiasveraces.com\/index.php?rest_route=\/wp\/v2\/posts"}],"about":[{"href":"https:\/\/noticiasveraces.com\/index.php?rest_route=\/wp\/v2\/types\/post"}],"author":[{"embeddable":true,"href":"https:\/\/noticiasveraces.com\/index.php?rest_route=\/wp\/v2\/users\/1"}],"replies":[{"embeddable":true,"href":"https:\/\/noticiasveraces.com\/index.php?rest_route=%2Fwp%2Fv2%2Fcomments&post=51510"}],"version-history":[{"count":0,"href":"https:\/\/noticiasveraces.com\/index.php?rest_route=\/wp\/v2\/posts\/51510\/revisions"}],"wp:featuredmedia":[{"embeddable":true,"href":"https:\/\/noticiasveraces.com\/index.php?rest_route=\/wp\/v2\/media\/51512"}],"wp:attachment":[{"href":"https:\/\/noticiasveraces.com\/index.php?rest_route=%2Fwp%2Fv2%2Fmedia&parent=51510"}],"wp:term":[{"taxonomy":"category","embeddable":true,"href":"https:\/\/noticiasveraces.com\/index.php?rest_route=%2Fwp%2Fv2%2Fcategories&post=51510"},{"taxonomy":"post_tag","embeddable":true,"href":"https:\/\/noticiasveraces.com\/index.php?rest_route=%2Fwp%2Fv2%2Ftags&post=51510"}],"curies":[{"name":"wp","href":"https:\/\/api.w.org\/{rel}","templated":true}]}}