{"id":51505,"date":"2025-11-26T23:30:04","date_gmt":"2025-11-27T03:30:04","guid":{"rendered":"https:\/\/noticiasveraces.com\/?p=51505"},"modified":"2025-11-26T23:30:04","modified_gmt":"2025-11-27T03:30:04","slug":"se-espera-que-el-politico-africano-llamado-adolf-hitler-gane-las-elecciones-al-consejo","status":"publish","type":"post","link":"https:\/\/noticiasveraces.com\/?p=51505","title":{"rendered":"Se espera que el pol\u00edtico africano llamado Adolf Hitler gane las elecciones al consejo"},"content":{"rendered":"<p> \n<\/p>\n<div>\n<div id=\"beyondwords-wrapper\" class=\"beyondwords-wrapper\">\n<p><span class=\"label-bg\">NUEVO<\/span>\u00a1Ahora puedes escuchar los art\u00edculos de Fox News!\n  <\/p>\n<\/div>\n<p class=\"speakable\">Se espera que un pol\u00edtico local de Namibia llamado Adolf Hitler Uunona conserve su esca\u00f1o en el consejo en la \u00faltima ronda de elecciones regionales del pa\u00eds, atrayendo la atenci\u00f3n internacional por un nombre que, seg\u00fan \u00e9l, no tiene ning\u00fan significado ideol\u00f3gico.<\/p>\n<p class=\"speakable\">Miembro desde hace mucho tiempo del partido gobernante SWAPO de Namibia, se presenta nuevamente en el distrito electoral de Ompundja en la regi\u00f3n norte\u00f1a de Oshana. <\/p>\n<p>Si bien a\u00fan no se han publicado los recuentos finales, varios medios internacionales informan que se prev\u00e9 que gane por un amplio margen, en consonancia con elecciones anteriores. La SWAPO, que ha gobernado Namibia desde su independencia en 1990, ha pasado de sus ra\u00edces socialistas de liberaci\u00f3n a un enfoque de gobierno m\u00e1s centrista y orientado al mercado.<\/p>\n<p><strong>ALEMANIA DEVOLVER\u00c1 LA ANTIGUA CRUZ DE PIEDRA A NAMIBIA<\/strong><\/p>\n<div class=\"image-ct inline\">\n<div class=\"m\"><picture><source media=\"(max-width: 767px)\" srcset=\"https:\/\/a57.foxnews.com\/static.foxnews.com\/foxnews.com\/content\/uploads\/2025\/11\/343\/192\/adolf-hitler-namibia-wings.jpg?ve=1&amp;tl=1, https:\/\/a57.foxnews.com\/static.foxnews.com\/foxnews.com\/content\/uploads\/2025\/11\/686\/384\/adolf-hitler-namibia-wings.jpg?ve=1&amp;tl=1 2x\" height=\"192\" width=\"343\"><source media=\"(min-width: 768px) and (max-width: 1023px)\" srcset=\"https:\/\/a57.foxnews.com\/static.foxnews.com\/foxnews.com\/content\/uploads\/2025\/11\/672\/378\/adolf-hitler-namibia-wings.jpg?ve=1&amp;tl=1, https:\/\/a57.foxnews.com\/static.foxnews.com\/foxnews.com\/content\/uploads\/2025\/11\/1344\/756\/adolf-hitler-namibia-wings.jpg?ve=1&amp;tl=1 2x\" height=\"378\" width=\"672\"><source media=\"(min-width: 1024px) and (max-width: 1279px)\" srcset=\"https:\/\/a57.foxnews.com\/static.foxnews.com\/foxnews.com\/content\/uploads\/2025\/11\/931\/523\/adolf-hitler-namibia-wings.jpg?ve=1&amp;tl=1, https:\/\/a57.foxnews.com\/static.foxnews.com\/foxnews.com\/content\/uploads\/2025\/11\/1862\/1046\/adolf-hitler-namibia-wings.jpg?ve=1&amp;tl=1 2x\" height=\"523\" width=\"931\"><source media=\"(min-width: 1280px)\" srcset=\"https:\/\/a57.foxnews.com\/static.foxnews.com\/foxnews.com\/content\/uploads\/2025\/11\/720\/405\/adolf-hitler-namibia-wings.jpg?ve=1&amp;tl=1, https:\/\/a57.foxnews.com\/static.foxnews.com\/foxnews.com\/content\/uploads\/2025\/11\/1440\/810\/adolf-hitler-namibia-wings.jpg?ve=1&amp;tl=1 2x\" height=\"405\" width=\"720\"><img loading=\"lazy\" decoding=\"async\" src=\"https:\/\/a57.foxnews.com\/static.foxnews.com\/foxnews.com\/content\/uploads\/2025\/11\/1200\/675\/adolf-hitler-namibia-wings.jpg?ve=1&amp;tl=1\" alt=\"Adolf Hitler Uunona, pol\u00edtico local de Namibia\" width=\"1200\" height=\"675\"\/><\/source><\/source><\/source><\/source><\/picture><\/div>\n<div class=\"info\">\n<div class=\"caption\">\n<p><span>Se espera que Adolf Hitler Uunona, un pol\u00edtico local de Namibia, conserve su puesto en el consejo, atrayendo la atenci\u00f3n mundial por un nombre que, seg\u00fan \u00e9l, no tiene ning\u00fan v\u00ednculo con creencias extremistas.<\/span> <span>(Consejo regional de Oshana)<\/span><\/p>\n<\/div>\n<\/div>\n<\/div>\n<p>Su nombre vinculado al dictador alem\u00e1n, \u00abAdolf Hitler\u00bb, le fue dado por su padre, le dijo al medio alem\u00e1n Bild, quien, seg\u00fan afirm\u00f3, no entend\u00eda el peso hist\u00f3rico que ten\u00eda el nombre.<\/p>\n<p><strong>NAUFRAGIO DE 500 A\u00d1OS CARGADO DE ORO ENCONTRADO EN EL DESIERTO DE NAMIBIA<\/strong><\/p>\n<p>\u00abEra un nombre perfectamente normal para m\u00ed cuando era ni\u00f1a\u00bb, dijo Uunona a Bild. \u00abNo fue hasta que crec\u00ed que me di cuenta de que este hombre quer\u00eda subyugar al mundo entero y mat\u00f3 a millones de jud\u00edos\u00bb.<\/p>\n<div class=\"image-ct inline\">\n<div class=\"m\"><picture><source media=\"(max-width: 767px)\" srcset=\"https:\/\/a57.foxnews.com\/static.foxnews.com\/foxnews.com\/content\/uploads\/2025\/11\/343\/192\/argentina-nazi-hitler-statue.jpg?ve=1&amp;tl=1, https:\/\/a57.foxnews.com\/static.foxnews.com\/foxnews.com\/content\/uploads\/2025\/11\/686\/384\/argentina-nazi-hitler-statue.jpg?ve=1&amp;tl=1 2x\" height=\"192\" width=\"343\"><source media=\"(min-width: 768px) and (max-width: 1023px)\" srcset=\"https:\/\/a57.foxnews.com\/static.foxnews.com\/foxnews.com\/content\/uploads\/2025\/11\/672\/378\/argentina-nazi-hitler-statue.jpg?ve=1&amp;tl=1, https:\/\/a57.foxnews.com\/static.foxnews.com\/foxnews.com\/content\/uploads\/2025\/11\/1344\/756\/argentina-nazi-hitler-statue.jpg?ve=1&amp;tl=1 2x\" height=\"378\" width=\"672\"><source media=\"(min-width: 1024px) and (max-width: 1279px)\" srcset=\"https:\/\/a57.foxnews.com\/static.foxnews.com\/foxnews.com\/content\/uploads\/2025\/11\/931\/523\/argentina-nazi-hitler-statue.jpg?ve=1&amp;tl=1, https:\/\/a57.foxnews.com\/static.foxnews.com\/foxnews.com\/content\/uploads\/2025\/11\/1862\/1046\/argentina-nazi-hitler-statue.jpg?ve=1&amp;tl=1 2x\" height=\"523\" width=\"931\"><source media=\"(min-width: 1280px)\" srcset=\"https:\/\/a57.foxnews.com\/static.foxnews.com\/foxnews.com\/content\/uploads\/2025\/11\/720\/405\/argentina-nazi-hitler-statue.jpg?ve=1&amp;tl=1, https:\/\/a57.foxnews.com\/static.foxnews.com\/foxnews.com\/content\/uploads\/2025\/11\/1440\/810\/argentina-nazi-hitler-statue.jpg?ve=1&amp;tl=1 2x\" height=\"405\" width=\"720\"><img loading=\"lazy\" decoding=\"async\" src=\"https:\/\/a57.foxnews.com\/static.foxnews.com\/foxnews.com\/content\/uploads\/2025\/11\/1200\/675\/argentina-nazi-hitler-statue.jpg?ve=1&amp;tl=1\" alt=\"Una estatua de Hitler encontrada en Argentina\" width=\"1200\" height=\"675\"\/><\/source><\/source><\/source><\/source><\/picture><\/div>\n<div class=\"info\">\n<div class=\"caption\">\n<p><span>Un oficial de polic\u00eda se encuentra frente a un alijo de artefactos nazis descubiertos en 2017 durante una conferencia de prensa en Buenos Aires, Argentina, el 2 de octubre de 2019. <\/span> <span>(Natacha Pisarenko\/Foto AP)<\/span><\/p>\n<\/div>\n<\/div>\n<\/div>\n<p>Dijo que su nombre de infancia no reflejaba ninguna intenci\u00f3n pol\u00edtica y enfatiz\u00f3 que nunca ha tenido creencias extremistas. <\/p>\n<p>\u00abEl hecho de que tenga este nombre no significa que quiera conquistar Oshana\u00bb, dijo, a\u00f1adiendo en entrevistas anteriores que generalmente se hace llamar Adolf Uunona en la vida diaria.<\/p>\n<p>Namibia fue una colonia alemana de 1884 a 1915, y los nombres y top\u00f3nimos germ\u00e1nicos siguen siendo comunes en algunas comunidades. Los historiadores se\u00f1alan que este legado a veces resulta en combinaciones inusuales o discordantes seg\u00fan los est\u00e1ndares modernos, aunque no conllevan ning\u00fan significado ideol\u00f3gico inherente.<\/p>\n<div class=\"image-ct inline\">\n<div class=\"m\"><picture><source media=\"(max-width: 767px)\" srcset=\"https:\/\/a57.foxnews.com\/static.foxnews.com\/foxnews.com\/content\/uploads\/2025\/11\/343\/192\/namibia-flags.jpg?ve=1&amp;tl=1, https:\/\/a57.foxnews.com\/static.foxnews.com\/foxnews.com\/content\/uploads\/2025\/11\/686\/384\/namibia-flags.jpg?ve=1&amp;tl=1 2x\" height=\"192\" width=\"343\"><source media=\"(min-width: 768px) and (max-width: 1023px)\" srcset=\"https:\/\/a57.foxnews.com\/static.foxnews.com\/foxnews.com\/content\/uploads\/2025\/11\/672\/378\/namibia-flags.jpg?ve=1&amp;tl=1, https:\/\/a57.foxnews.com\/static.foxnews.com\/foxnews.com\/content\/uploads\/2025\/11\/1344\/756\/namibia-flags.jpg?ve=1&amp;tl=1 2x\" height=\"378\" width=\"672\"><source media=\"(min-width: 1024px) and (max-width: 1279px)\" srcset=\"https:\/\/a57.foxnews.com\/static.foxnews.com\/foxnews.com\/content\/uploads\/2025\/11\/931\/523\/namibia-flags.jpg?ve=1&amp;tl=1, https:\/\/a57.foxnews.com\/static.foxnews.com\/foxnews.com\/content\/uploads\/2025\/11\/1862\/1046\/namibia-flags.jpg?ve=1&amp;tl=1 2x\" height=\"523\" width=\"931\"><source media=\"(min-width: 1280px)\" srcset=\"https:\/\/a57.foxnews.com\/static.foxnews.com\/foxnews.com\/content\/uploads\/2025\/11\/720\/405\/namibia-flags.jpg?ve=1&amp;tl=1, https:\/\/a57.foxnews.com\/static.foxnews.com\/foxnews.com\/content\/uploads\/2025\/11\/1440\/810\/namibia-flags.jpg?ve=1&amp;tl=1 2x\" height=\"405\" width=\"720\"><img loading=\"lazy\" decoding=\"async\" src=\"https:\/\/a57.foxnews.com\/static.foxnews.com\/foxnews.com\/content\/uploads\/2025\/11\/1200\/675\/namibia-flags.jpg?ve=1&amp;tl=1\" alt=\"La gente ondea las banderas nacionales de Namibia.\" width=\"1200\" height=\"675\"\/><\/source><\/source><\/source><\/source><\/picture><\/div>\n<div class=\"info\">\n<div class=\"caption\">\n<p><span>Una multitud ondea banderas de Namibia.<\/span> <span>(Im\u00e1genes falsas)<\/span><\/p>\n<\/div>\n<\/div>\n<\/div>\n<p><strong>HAGA CLIC AQU\u00cd PARA DESCARGAR LA APLICACI\u00d3N FOX NEWS<\/strong><\/p>\n<p>Seg\u00fan informaci\u00f3n oficial del gobierno regional de Oshana, la circunscripci\u00f3n de Ompundja tiene 4.659 habitantes, 19 centros administrativos y una superficie de 466 kil\u00f3metros cuadrados.<\/p>\n<p> <!----> <\/p>\n<div class=\"article-meta\">\n<div class=\"author-bio\">\n<p>Efrat Lachter es periodista de investigaci\u00f3n y corresponsal de guerra. Su trabajo la ha llevado a 40 pa\u00edses, entre ellos Ucrania, Rusia, Irak, Siria, Sud\u00e1n y Afganist\u00e1n. Recibi\u00f3 la Beca de Periodismo Knight-Wallace 2024. Se puede seguir a Lachter en X @efratlachter.<\/p>\n<\/div>\n<\/div>\n<\/div>\n\n","protected":false},"excerpt":{"rendered":"<p>NUEVO\u00a1Ahora puedes escuchar los art\u00edculos de Fox News! Se espera que un pol\u00edtico local de Namibia llamado Adolf Hitler Uunona conserve su esca\u00f1o en el consejo en la \u00faltima ronda de elecciones regionales del pa\u00eds, atrayendo la atenci\u00f3n internacional por un nombre que, seg\u00fan \u00e9l, no tiene ning\u00fan significado ideol\u00f3gico. Miembro desde hace mucho tiempo &hellip;<\/p>\n","protected":false},"author":1,"featured_media":51507,"comment_status":"open","ping_status":"open","sticky":false,"template":"","format":"standard","meta":{"fifu_image_url":"https:\/\/static.foxnews.com\/foxnews.com\/content\/uploads\/2025\/11\/adolf-hitler-namibia.jpg","fifu_image_alt":"","footnotes":""},"categories":[13],"tags":[],"class_list":["post-51505","post","type-post","status-publish","format-standard","has-post-thumbnail","","category-mundo"],"_links":{"self":[{"href":"https:\/\/noticiasveraces.com\/index.php?rest_route=\/wp\/v2\/posts\/51505","targetHints":{"allow":["GET"]}}],"collection":[{"href":"https:\/\/noticiasveraces.com\/index.php?rest_route=\/wp\/v2\/posts"}],"about":[{"href":"https:\/\/noticiasveraces.com\/index.php?rest_route=\/wp\/v2\/types\/post"}],"author":[{"embeddable":true,"href":"https:\/\/noticiasveraces.com\/index.php?rest_route=\/wp\/v2\/users\/1"}],"replies":[{"embeddable":true,"href":"https:\/\/noticiasveraces.com\/index.php?rest_route=%2Fwp%2Fv2%2Fcomments&post=51505"}],"version-history":[{"count":0,"href":"https:\/\/noticiasveraces.com\/index.php?rest_route=\/wp\/v2\/posts\/51505\/revisions"}],"wp:featuredmedia":[{"embeddable":true,"href":"https:\/\/noticiasveraces.com\/index.php?rest_route=\/wp\/v2\/media\/51507"}],"wp:attachment":[{"href":"https:\/\/noticiasveraces.com\/index.php?rest_route=%2Fwp%2Fv2%2Fmedia&parent=51505"}],"wp:term":[{"taxonomy":"category","embeddable":true,"href":"https:\/\/noticiasveraces.com\/index.php?rest_route=%2Fwp%2Fv2%2Fcategories&post=51505"},{"taxonomy":"post_tag","embeddable":true,"href":"https:\/\/noticiasveraces.com\/index.php?rest_route=%2Fwp%2Fv2%2Ftags&post=51505"}],"curies":[{"name":"wp","href":"https:\/\/api.w.org\/{rel}","templated":true}]}}