{"id":51489,"date":"2025-11-26T21:25:09","date_gmt":"2025-11-27T01:25:09","guid":{"rendered":"https:\/\/noticiasveraces.com\/?p=51489"},"modified":"2025-11-26T21:25:09","modified_gmt":"2025-11-27T01:25:09","slug":"llego-a-venezuela-un-grupo-de-175-migrantes-repatriados-desde-ee-uu-el-diario-venezuela","status":"publish","type":"post","link":"https:\/\/noticiasveraces.com\/?p=51489","title":{"rendered":"Lleg\u00f3 a Venezuela un grupo de 175 migrantes repatriados desde EE UU &#8211; El Diario Venezuela"},"content":{"rendered":"<p> \n<\/p>\n<div>\n<p>Un total de <strong>175 migrantes<\/strong> llegaron el 26 de noviembre al Aeropuerto Internacional Sim\u00f3n Bol\u00edvar de Maiquet\u00eda, en un vuelo de repatriaci\u00f3n proveniente de <strong>Estados Unidos<\/strong>. Entre el grupo de venezolanos que arribaron al pa\u00eds hab\u00eda 142 hombres, 26 mujeres, 2 ni\u00f1os y 5 ni\u00f1as.<\/p>\n<p>La informaci\u00f3n fue confirmada en la cuenta de Instagram del plan <strong>Vuelta a la Patria<\/strong>donde se precis\u00f3 que en este vuelo se encontraban un ni\u00f1o de 4 a\u00f1os y una adolescente de 15 a\u00f1os que \u201chab\u00edan sido separados\u201d de sus familias en EE UU.<\/p>\n<p>Asimismo, las autoridades informaron que este fue el <strong>vuelo n\u00famero 92<\/strong> de repatriados bajo el plan Vuelta a la Patria.<\/p>\n<figure class=\"wp-block-image size-large\"><picture fetchpriority=\"high\" decoding=\"async\" class=\"wp-image-829797\"><source type=\"image\/webp\" nitro-lazy-srcset=\"https:\/\/eldiario.com\/nitropack_static\/DWpklAePbJBFiBKvuTtiGMLbtJlHUqWt\/assets\/images\/optimized\/rev-e606bed\/eldiario.com\/wp-content\/uploads\/2025\/11\/Diseno-sin-titulo-2025-11-26T180203.322-1200x800.jpg.webp \" nitro-lazy-empty=\"\" id=\"ODI2OjE0Mg==-1\" srcset=\"data:image\/svg+xml;nitro-empty-id=ODI2OjE0Mg==-1;base64,PHN2ZyB2aWV3Qm94PSIwIDAgMTIwMCA4MDAiIHdpZHRoPSIxMjAwIiBoZWlnaHQ9IjgwMCIgeG1sbnM9Imh0dHA6Ly93d3cudzMub3JnLzIwMDAvc3ZnIj48L3N2Zz4=\"\/><img fetchpriority=\"high\" width=\"1200\" height=\"800\" alt=\"Lleg\u00f3 a Venezuela un grupo de 175 migrantes repatriados desde EE UU \" src=\"https:\/\/eldiario.com\/nitropack_static\/DWpklAePbJBFiBKvuTtiGMLbtJlHUqWt\/assets\/images\/optimized\/rev-e606bed\/eldiario.com\/wp-content\/uploads\/2025\/11\/Diseno-sin-titulo-2025-11-26T180203.322-1200x800.jpg\" class=\"nitro-lazy\" decoding=\"async\" nitro-lazy-empty=\"\" id=\"ODI3OjI1NA==-1\"\/> <\/picture><figcaption class=\"wp-element-caption\">Foto: vueltalapatria <\/figcaption><\/figure>\n<h2 class=\"wp-block-heading\" id=\"h-otros-vuelos-de-repatriacion-reciente\"><strong>Otros vuelos de repatriaci\u00f3n reciente<\/strong><\/h2>\n<p>La noche del 24 de noviembre aterrizaron en Venezuela <strong>6 ni\u00f1os, ni\u00f1as y adolescentes<\/strong> venezolanos. Previamente, llegaron al pa\u00eds <strong>200 migrantes<\/strong>en un vuelo proveniente de Arizona.<\/p>\n<p>Mientras tanto, el 19 de noviembre fueron repatriados <strong>167 venezolanos<\/strong> desde EE UU. Este grupo estaba conformado por 129 hombres, 30 mujeres, 1 ni\u00f1o y 7 ni\u00f1as.<\/p>\n<p>Hasta el 21 de noviembre, las autoridades contabilizaban que han regresado <strong>m\u00e1s de 17 mil migrantes<\/strong> bajo el programa Vuelta a la Patria.<\/p>\n<p>La mayor\u00eda de los ciudadanos que han llegado a Venezuela han sido deportados por la administraci\u00f3n de <strong>Donald Trump<\/strong> desde febrero de 2025, tras un acuerdo suscrito en enero por Caracas y Washington, que no mantienen relaciones diplom\u00e1ticas desde 2019.<\/p>\n<figure class=\"wp-block-image size-large\"><img loading=\"lazy\" width=\"1200\" height=\"800\" alt=\"Lleg\u00f3 a Venezuela un vuelo con 166 venezolanos repatriados desde EE\u202fUU\" src=\"https:\/\/eldiario.com\/nitropack_static\/DWpklAePbJBFiBKvuTtiGMLbtJlHUqWt\/assets\/images\/optimized\/rev-e606bed\/eldiario.com\/wp-content\/uploads\/2025\/11\/Diseno-sin-titulo-94-1200x800.jpg\" class=\"wp-image-826303 nitro-lazy\" decoding=\"async\" nitro-lazy-empty=\"\" id=\"ODU2OjI4Mw==-1\"\/><figcaption class=\"wp-element-caption\">Foto: minjusticia_ve <\/figcaption><\/figure>\n<p>El 13 de marzo de 2025, <strong>Richard Grenell<\/strong>enviado de EE UU para Misiones Especiales, asegur\u00f3 que Venezuela \u201cacord\u00f3 reanudar los vuelos para recoger a sus ciudadanos que infringieron las leyes de inmigraci\u00f3n estadounidenses e ingresaron ilegalmente en el pa\u00eds\u201d.<\/p>\n<p>El Ministerio de Comunicaci\u00f3n de Venezuela indic\u00f3 que el gobierno estadounidense notific\u00f3 que algunas personas enviadas de regreso al pa\u00eds est\u00e1n presuntamente ligadas a <strong>actividades delictivas<\/strong> o involucradas en acciones de la banda criminal transnacional <strong>Tren de Aragua<\/strong>.<\/p>\n<p>No obstante, <strong>Diosdado Cabello<\/strong>ministro de Interior, Justicia y Paz, ha negado esa aseveraci\u00f3n y sostiene que ninguno de los deportados es miembro del grupo criminal, aunque acept\u00f3 que, tras una revisi\u00f3n de antecedentes penales, se determin\u00f3 que varios de los migrantes venezolanos retornados tienen <strong>casos pendientes<\/strong> con la justicia venezolana.<\/p>\n<\/p><\/div>\n\n","protected":false},"excerpt":{"rendered":"<p>Un total de 175 migrantes llegaron el 26 de noviembre al Aeropuerto Internacional Sim\u00f3n Bol\u00edvar de Maiquet\u00eda, en un vuelo de repatriaci\u00f3n proveniente de Estados Unidos. Entre el grupo de venezolanos que arribaron al pa\u00eds hab\u00eda 142 hombres, 26 mujeres, 2 ni\u00f1os y 5 ni\u00f1as. La informaci\u00f3n fue confirmada en la cuenta de Instagram del &hellip;<\/p>\n","protected":false},"author":1,"featured_media":51491,"comment_status":"open","ping_status":"open","sticky":false,"template":"","format":"standard","meta":{"fifu_image_url":"https:\/\/eldiario.com\/wp-content\/uploads\/2025\/11\/Diseno-sin-titulo-2025-11-26T180149.607.jpg","fifu_image_alt":"","footnotes":""},"categories":[13],"tags":[],"class_list":["post-51489","post","type-post","status-publish","format-standard","has-post-thumbnail","","category-mundo"],"_links":{"self":[{"href":"https:\/\/noticiasveraces.com\/index.php?rest_route=\/wp\/v2\/posts\/51489","targetHints":{"allow":["GET"]}}],"collection":[{"href":"https:\/\/noticiasveraces.com\/index.php?rest_route=\/wp\/v2\/posts"}],"about":[{"href":"https:\/\/noticiasveraces.com\/index.php?rest_route=\/wp\/v2\/types\/post"}],"author":[{"embeddable":true,"href":"https:\/\/noticiasveraces.com\/index.php?rest_route=\/wp\/v2\/users\/1"}],"replies":[{"embeddable":true,"href":"https:\/\/noticiasveraces.com\/index.php?rest_route=%2Fwp%2Fv2%2Fcomments&post=51489"}],"version-history":[{"count":0,"href":"https:\/\/noticiasveraces.com\/index.php?rest_route=\/wp\/v2\/posts\/51489\/revisions"}],"wp:featuredmedia":[{"embeddable":true,"href":"https:\/\/noticiasveraces.com\/index.php?rest_route=\/wp\/v2\/media\/51491"}],"wp:attachment":[{"href":"https:\/\/noticiasveraces.com\/index.php?rest_route=%2Fwp%2Fv2%2Fmedia&parent=51489"}],"wp:term":[{"taxonomy":"category","embeddable":true,"href":"https:\/\/noticiasveraces.com\/index.php?rest_route=%2Fwp%2Fv2%2Fcategories&post=51489"},{"taxonomy":"post_tag","embeddable":true,"href":"https:\/\/noticiasveraces.com\/index.php?rest_route=%2Fwp%2Fv2%2Ftags&post=51489"}],"curies":[{"name":"wp","href":"https:\/\/api.w.org\/{rel}","templated":true}]}}