{"id":51486,"date":"2025-11-26T21:08:31","date_gmt":"2025-11-27T01:08:31","guid":{"rendered":"https:\/\/noticiasveraces.com\/?p=51486"},"modified":"2025-11-26T21:08:31","modified_gmt":"2025-11-27T01:08:31","slug":"padre-de-futbolista-fabio-palacio-muerto-en-accidente-en-brasil-pide-ayuda-para-repatriar-cuerpo-colombianos-en-el-exterior","status":"publish","type":"post","link":"https:\/\/noticiasveraces.com\/?p=51486","title":{"rendered":"Padre de futbolista Fabio Palacio, muerto en accidente en Brasil, pide ayuda para repatriar cuerpo | Colombianos en el Exterior"},"content":{"rendered":"<p> \n<\/p>\n<div id=\"cuerpoArticulo\">\n<p class=\"texto intro cnx-companion-firstparagraph\" id=\"pnull-m194-193-195\">Un accidente de tr\u00e1nsito acab\u00f3 con el sue\u00f1o de un joven futbolista colombiano, que emigr\u00f3 a Brasil a probar suerte y encontr\u00f3 la muerte.<\/p>\n<p class=\"texto contenido-parrafo-articulo cnx-companion-paragraph\" id=\"pnull-m206-2-207\">Fabio Andr\u00e9s Palacio, de 23 a\u00f1os, se despidi\u00f3 de su familia en Medell\u00edn y, tras no encontrar opciones para cumplir su anhelo de jugar al f\u00fatbol en el pa\u00eds, decidi\u00f3 probar suerte en Brasil.<br \/>\u200b<br \/>Seg\u00fan relat\u00f3 su padre, Diomedes Palacio Fl\u00f3rez, en Noticias Telemedell\u00edn, \u00ab\u00e9l se fue con sus sue\u00f1os de ser futbolista y bueno, en este momento me dan la triste noticia de que falleci\u00f3 en la v\u00eda\u201d.<\/p>\n<div class=\"video-cuerpo\" id=\"pnull-m267-3-268\">\n<div class=\"video-player foto-apertura-articulo-video-cuerpo inline foto-texto-articulo-video foto-apertura-articulo-m video-module\" itemprop=\"video\" itemscope=\"\" itemtype=\"https:\/\/schema.org\/VideoObject\">\n            <img decoding=\"async\" class=\"content_video_articulo\" itemprop=\"thumbnailUrl\" src=\"https:\/\/www.futbolred.com\/images\/default.jpg\" alt=\"texto en miniatura\"\/><\/p>\n<p><figcaption class=\"foto-info\">\n                    <span class=\"pie-de-foto pie-de-foto-entrada\"><br \/>\n                        <span><br \/>\n                             <span itemprop=\"name\">Muerte de Fabio Andr\u00e9s Palacio en Brasil<\/span><br \/>\n                        <\/span><br \/>\n                    <\/span><br \/><span class=\"credito\"><br \/>\n                        <span itemprop=\"description\" class=\"autor\">Muerte de Fabio Andr\u00e9s Palacio en Brasil<\/span><br \/>\n                    <\/span><br \/>\n                <\/figcaption><\/p>\n<p>       <meta itemprop=\"uploadDate\" content=\"2025-11-26 13:21:26-05:00\"\/><link itemprop=\"embedUrl\" href=\"https:\/\/www.youtube.com\/watch?v=bj6-ush2_8I\"\/><link itemprop=\"embedUrl\" href=\"https:\/\/www.youtube.com\/watch?v=undefined\"\/>\n<\/p><\/div>\n<\/div>\n<p class=\"texto contenido-parrafo-articulo cnx-companion-paragraph\" id=\"pnull-m260-3-261\">\u200b<br \/>El tr\u00e1gico accidente se present\u00f3 en la autopista Amaral, de la localidad de Campo Fr\u00edo (R\u00edo de Janeiro), cuando su hijo intent\u00f3 eludir un bus de transporte p\u00fablico en su motocicleta. <\/p>\n<p>Ahora la familia solo espera ayuda del Gobierno para repatriar el cuerpo: \u00abque nos colaboren con el traslado del cuerpo de mi hijo, ya que \u00e9l es colombiano\u201d, dijo el padre de Fabio Andr\u00e9s.<\/p>\n<\/div>\n\n","protected":false},"excerpt":{"rendered":"<p>Un accidente de tr\u00e1nsito acab\u00f3 con el sue\u00f1o de un joven futbolista colombiano, que emigr\u00f3 a Brasil a probar suerte y encontr\u00f3 la muerte. Fabio Andr\u00e9s Palacio, de 23 a\u00f1os, se despidi\u00f3 de su familia en Medell\u00edn y, tras no encontrar opciones para cumplir su anhelo de jugar al f\u00fatbol en el pa\u00eds, decidi\u00f3 probar &hellip;<\/p>\n","protected":false},"author":1,"featured_media":51488,"comment_status":"open","ping_status":"open","sticky":false,"template":"","format":"standard","meta":{"fifu_image_url":"https:\/\/www.futbolred.com\/files\/og_thumbnail\/uploads\/2025\/11\/26\/6927438b881b7.jpeg","fifu_image_alt":"","footnotes":""},"categories":[6],"tags":[],"class_list":["post-51486","post","type-post","status-publish","format-standard","has-post-thumbnail","","category-deportes"],"_links":{"self":[{"href":"https:\/\/noticiasveraces.com\/index.php?rest_route=\/wp\/v2\/posts\/51486","targetHints":{"allow":["GET"]}}],"collection":[{"href":"https:\/\/noticiasveraces.com\/index.php?rest_route=\/wp\/v2\/posts"}],"about":[{"href":"https:\/\/noticiasveraces.com\/index.php?rest_route=\/wp\/v2\/types\/post"}],"author":[{"embeddable":true,"href":"https:\/\/noticiasveraces.com\/index.php?rest_route=\/wp\/v2\/users\/1"}],"replies":[{"embeddable":true,"href":"https:\/\/noticiasveraces.com\/index.php?rest_route=%2Fwp%2Fv2%2Fcomments&post=51486"}],"version-history":[{"count":0,"href":"https:\/\/noticiasveraces.com\/index.php?rest_route=\/wp\/v2\/posts\/51486\/revisions"}],"wp:featuredmedia":[{"embeddable":true,"href":"https:\/\/noticiasveraces.com\/index.php?rest_route=\/wp\/v2\/media\/51488"}],"wp:attachment":[{"href":"https:\/\/noticiasveraces.com\/index.php?rest_route=%2Fwp%2Fv2%2Fmedia&parent=51486"}],"wp:term":[{"taxonomy":"category","embeddable":true,"href":"https:\/\/noticiasveraces.com\/index.php?rest_route=%2Fwp%2Fv2%2Fcategories&post=51486"},{"taxonomy":"post_tag","embeddable":true,"href":"https:\/\/noticiasveraces.com\/index.php?rest_route=%2Fwp%2Fv2%2Ftags&post=51486"}],"curies":[{"name":"wp","href":"https:\/\/api.w.org\/{rel}","templated":true}]}}