{"id":51468,"date":"2025-11-26T18:52:30","date_gmt":"2025-11-26T22:52:30","guid":{"rendered":"https:\/\/noticiasveraces.com\/?p=51468"},"modified":"2025-11-26T18:52:30","modified_gmt":"2025-11-26T22:52:30","slug":"senti-que-no-iba-a-llegar-a-casa-nunca-mas-correo-del-caroni","status":"publish","type":"post","link":"https:\/\/noticiasveraces.com\/?p=51468","title":{"rendered":"\u201cSent\u00ed que no iba a llegar a casa nunca m\u00e1s\u201d \u2013 Correo del Caron\u00ed"},"content":{"rendered":"<p> \n<\/p>\n<div>\n<p>Renzo Yasir Huamanchumo Castillo, un ciudadano peruano-estadounidense que estuvo detenido en Venezuela por \u201cpresuntos delitos de conspiraci\u00f3n\u201d sistematiz\u00f3 su experiencia este 25 de noviembre en una entrevista y describi\u00f3 que todav\u00eda siente \u201cque el gobierno de Nicol\u00e1s Maduro me va a matar\u201d.<\/p>\n<p>Huamanchumo relat\u00f3 que nunca \u201ctuvo miedo\u201d, pero \u201csent\u00ed que no iba a llegar a casa nunca m\u00e1s\u201d.<\/p>\n<p>El extranjero confes\u00f3 que \u201cnunca tuvo el debido proceso\u201d y que \u201cnunca\u201d el Estado le brind\u00f3 \u201cla posibilidad de saber por qu\u00e9\u201d lo hab\u00edan \u201cagarrado\u201d tanto a \u00e9l, a su esposa y acompa\u00f1antes.<\/p>\n<p>\u201cYo qued\u00e9 en shock por lo que dijo Diosdado Cabello de m\u00ed. Yo no puedo entender\u2026 Yo entr\u00e9 con una moto y me dijeron que traje 450 armas\u201d, indic\u00f3 en una entrevista para DNewsOK.<\/p>\n<p>El peruano explic\u00f3 que, desde que lo apresaron en T\u00e1chira, lo trasladaron a San Crist\u00f3bal y posteriormente a la sede de la Direcci\u00f3n General de Contrainteligencia Militar (Dgcim) en Caracas.<\/p>\n<p>\u201cEstuve en la Dgcim de Caracas que me trasladaron con mentiras de que me iban a llevar a Houston. Y de repente estaba en El Rodeo I\u201d, en Miranda, determin\u00f3.<\/p>\n<p>Confes\u00f3 que los 15 d\u00edas que \u201cestuvo en la Dgcim\u201d los \u201clevantaban a las 6:00 de la ma\u00f1ana y nos ba\u00f1\u00e1bamos con el agua m\u00e1s fr\u00eda de mi vida\u201d.<\/p>\n<p>\u201cTodos ten\u00edamos que ba\u00f1arnos en ese ba\u00f1o, mujeres de diferentes edades con esa agua y cochinero. En El Rodeo I, ah\u00ed me sent\u00ed como: \u00bfD\u00f3nde he quedado?\u201d, narr\u00f3.<\/p>\n<p>Explic\u00f3 que la \u201ccelda es de 4 pasos adelante y 3 pasos a los lados\u201d y la describi\u00f3 como \u201checha de cemento, con olor horrible, con un sonido de las rejas que refleja tristeza y libertad\u201d, algo que, en su juicio, es \u201cdif\u00edcil de explicar\u201d.<\/p>\n<p>\u201cNo hab\u00eda lugar para hacer el ba\u00f1o. Las literas estaban hechas de cemento, el agua potable ten\u00eda que durar porque solo te daban una botella cada 24 a 30 horas\u201d, resalt\u00f3.<\/p>\n<p>Especific\u00f3 que fue \u201ctorturado y golpeado\u201d y que tuvo \u201cmuchos problemas\u201d por \u201cser grande\u201d y \u201cpedir ayuda por las ventanas\u201d.<\/p>\n<p>\u201cLos golpes empezaron desde el primer d\u00eda. La palabra tortura es m\u00e1s f\u00e1cil, es algo m\u00e1s que eso\u201d, se\u00f1al\u00f3.<\/p>\n<p class=\"has-medium-font-size\"><strong>\u201cYo no soy de la CIA\u201d<\/strong><\/p>\n<p>El ex preso pol\u00edtico relat\u00f3 que desde el \u201cprimer d\u00eda\u201d le preguntaban \u201cqu\u00e9 clase de comando era\u201d y vieron \u201cque trabajaba con armas de fuego y uniformes\u201d.<\/p>\n<p>\u201cYo trabajaba como guardaespaldas de famosos y fui tambi\u00e9n seguridad privada. Ah\u00ed ellos relacionaron todo\u201d, aleg\u00f3.<\/p>\n<p>Resalt\u00f3 que nunca \u201cle dieron la oportunidad de expresarse\u201d y siempre \u201cle hac\u00edan las mismas preguntas\u201d: \u201c\u00bfEres de la CIA o de Espa\u00f1a?\u201d.<\/p>\n<p>Renzo coment\u00f3 que nunca \u201ctuvo un debido proceso\u201d, raz\u00f3n que fue \u201cparte de un mot\u00edn en diciembre del 2024\u201d en El Rodeo I.<\/p>\n<p>Se\u00f1al\u00f3 que todav\u00eda \u201csiente que el gobierno de Nicol\u00e1s Maduro me va a matar\u201d y que no est\u00e1 \u201ccompletamente vivo\u201d.<\/p>\n<p>\u201cTen\u00eda porcentaje alto de que me iba a morir all\u00e1 o no iba a salir\u201d, asegur\u00f3.<\/p>\n<p>Lanz\u00f3 fuertes comentarios contra Nicol\u00e1s Maduro y Diosdado Cabello: \u201cSi usted quiere paz, saque a esas personas, a esos prisioneros pol\u00edticos. S\u00e1quenlos, por favor, se\u00f1or Maduro. Diosdado, retr\u00e1ctese de esas cosas que dijo\u201d.<\/p>\n<p>\u201cLe pido a los gobiernos extranjeros que los ayuden y no los dejen. No es f\u00e1cil\u201d, finaliz\u00f3, en referencia a presos pol\u00edticos que est\u00e1n ah\u00ed como Nahuel Gallo, el gendarme argentino, con quien comparti\u00f3.<\/p>\n<p>Renzo Yasir Huamanchumo Castillo, ciudadano peruano-estadounidense, fue apresado en Venezuela el 22 de septiembre de 2024 por la Guardia Nacional Bolivariana (GNB) en T\u00e1chira, acusado por el Gobierno de conspirar contra Nicol\u00e1s Maduro en el marco de un supuesto \u201cplan de magnicidio\u201d.<\/p>\n<p>Tras permanecer 10 meses encarcelado en El Rodeo I fue finalmente liberado el 18 de julio en el contexto de un intercambio de detenidos entre Venezuela y El Salvador, lo que permiti\u00f3 su salida hacia Estados Unidos, pa\u00eds donde reside.<\/p>\n<\/p><\/div>\n\n","protected":false},"excerpt":{"rendered":"<p>Renzo Yasir Huamanchumo Castillo, un ciudadano peruano-estadounidense que estuvo detenido en Venezuela por \u201cpresuntos delitos de conspiraci\u00f3n\u201d sistematiz\u00f3 su experiencia este 25 de noviembre en una entrevista y describi\u00f3 que todav\u00eda siente \u201cque el gobierno de Nicol\u00e1s Maduro me va a matar\u201d. Huamanchumo relat\u00f3 que nunca \u201ctuvo miedo\u201d, pero \u201csent\u00ed que no iba a llegar &hellip;<\/p>\n","protected":false},"author":1,"featured_media":51469,"comment_status":"open","ping_status":"open","sticky":false,"template":"","format":"standard","meta":{"fifu_image_url":"https:\/\/correodelcaroni.com\/wp-content\/uploads\/2025\/11\/PERUANOEEUU_Liberado.jpg","fifu_image_alt":"","footnotes":""},"categories":[13],"tags":[],"class_list":["post-51468","post","type-post","status-publish","format-standard","has-post-thumbnail","","category-mundo"],"_links":{"self":[{"href":"https:\/\/noticiasveraces.com\/index.php?rest_route=\/wp\/v2\/posts\/51468","targetHints":{"allow":["GET"]}}],"collection":[{"href":"https:\/\/noticiasveraces.com\/index.php?rest_route=\/wp\/v2\/posts"}],"about":[{"href":"https:\/\/noticiasveraces.com\/index.php?rest_route=\/wp\/v2\/types\/post"}],"author":[{"embeddable":true,"href":"https:\/\/noticiasveraces.com\/index.php?rest_route=\/wp\/v2\/users\/1"}],"replies":[{"embeddable":true,"href":"https:\/\/noticiasveraces.com\/index.php?rest_route=%2Fwp%2Fv2%2Fcomments&post=51468"}],"version-history":[{"count":0,"href":"https:\/\/noticiasveraces.com\/index.php?rest_route=\/wp\/v2\/posts\/51468\/revisions"}],"wp:featuredmedia":[{"embeddable":true,"href":"https:\/\/noticiasveraces.com\/index.php?rest_route=\/wp\/v2\/media\/51469"}],"wp:attachment":[{"href":"https:\/\/noticiasveraces.com\/index.php?rest_route=%2Fwp%2Fv2%2Fmedia&parent=51468"}],"wp:term":[{"taxonomy":"category","embeddable":true,"href":"https:\/\/noticiasveraces.com\/index.php?rest_route=%2Fwp%2Fv2%2Fcategories&post=51468"},{"taxonomy":"post_tag","embeddable":true,"href":"https:\/\/noticiasveraces.com\/index.php?rest_route=%2Fwp%2Fv2%2Ftags&post=51468"}],"curies":[{"name":"wp","href":"https:\/\/api.w.org\/{rel}","templated":true}]}}