{"id":51466,"date":"2025-11-26T17:26:54","date_gmt":"2025-11-26T21:26:54","guid":{"rendered":"https:\/\/noticiasveraces.com\/?p=51466"},"modified":"2025-11-26T17:26:54","modified_gmt":"2025-11-26T21:26:54","slug":"cepal-latinoamerica-registro-en-2024-el-nivel-mas-bajo-de-pobreza-desde-que-hay-registros-albertonews","status":"publish","type":"post","link":"https:\/\/noticiasveraces.com\/?p=51466","title":{"rendered":"Cepal: Latinoam\u00e9rica registr\u00f3 en 2024 el nivel m\u00e1s bajo de pobreza desde que hay registros &#8211; AlbertoNews"},"content":{"rendered":"<p> \n<\/p>\n<div>\n<p><b>El 25,5% de la poblaci\u00f3n latinoamericana (cerca de 162 millones de personas) se encontraba en situaci\u00f3n de pobreza monetaria en 2024<\/b>lo que supone una disminuci\u00f3n del 2,2% con respecto al a\u00f1o anterior y es el nivel m\u00e1s bajo desde que hay datos comparables, inform\u00f3 este mi\u00e9rcoles la Comisi\u00f3n Econ\u00f3mica para Am\u00e9rica Latina y el Caribe (Cepal).<\/p>\n<p>\u00abLa reducci\u00f3n de la cantidad de poblaci\u00f3n en situaci\u00f3n de pobreza a nivel regional en 2024 <b>se explica principalmente por los resultados de M\u00e9xico<\/b> y, en menor medida, de Brasil\u00bb, indic\u00f3 el organismo de Naciones Unidas en su informe \u00abPanorama Social de Am\u00e9rica Latina y el Caribe 2025\u00bb.<\/p>\n<p><b>La pobreza extrema, por su parte, afect\u00f3 al 9,8% de la poblaci\u00f3n (62 millones de personas) en 2024<\/b>lo que representa 0,8 puntos porcentuales menos que el a\u00f1o anterior, pero se ubic\u00f3 2,1 puntos porcentuales por encima de la tasa registrada en 2014, cuando se alcanz\u00f3 el nivel m\u00e1s bajo de las \u00faltimas tres d\u00e9cadas, seg\u00fan el documento.<\/p>\n<p>Para 2025, el organismo -con sede en Santiago de Chile- \u00ab<b>proyecta una leve reducci\u00f3n de la pobreza<\/b>debido a las limitadas perspectivas de crecimiento regional\u00bb.<\/p>\n<p>En el mismo estudio, el organismo internacional destac\u00f3 que <b>la pobreza multidimensional pas\u00f3 del 34,4% de la poblaci\u00f3n de la regi\u00f3n en 2014 al 20,9% en 2024<\/b>\u00abprincipalmente gracias a los avances en materia de vivienda y servicios\u00bb, explic\u00f3.<\/p>\n<p>La Cepal mejor\u00f3 en octubre en dos d\u00e9cimas su previsi\u00f3n de crecimiento regional para este a\u00f1o hasta el 2,4%, <b>mientras que para 2026 mantuvo la estimaci\u00f3n en el 2,3%.<\/b><\/p>\n<p>Latinoam\u00e9rica, considerada la regi\u00f3n m\u00e1s desigual del mundo, <b>cerr\u00f3 tanto 2023 como 2024 con un crecimiento del 2,3%<\/b>.<\/p>\n<p>Con respecto a la desigualdad, el organismo advirti\u00f3 que \u00abla concentraci\u00f3n del ingreso sigue siendo extrema en Am\u00e9rica Latina, <b>ya que el 10% m\u00e1s rico capta el 34,2% del ingreso total,<\/b> mientras que el 10% m\u00e1s pobre solo alcanza el 1,7%\u00bb.<\/p>\n<p>\u00abSi bien muestra una lenta tendencia a la reducci\u00f3n, <b>el coeficiente de Gini promedio de Am\u00e9rica Latina y el Caribe es el m\u00e1s alto de todas las regiones del mundo<\/b> -solo inferior a una subregi\u00f3n de \u00c1frica (\u00c1frica Subsahariana)- y supera en 14 puntos porcentuales al de la Organizaci\u00f3n para la Cooperaci\u00f3n y el Desarrollo Econ\u00f3micos (OCDE)\u00bb, dice la Cepal.<\/p>\n<p><strong>Si quieres recibir en tu celular esta y otras informaciones, descarga Telegram, ingresa al link <\/strong><strong>https:\/\/t.me\/albertorodnews<\/strong><strong> y dale clic a +Unirme.  <\/strong><\/p>\n<p><strong>Alberto Noticias<\/strong><\/p>\n<\/p><\/div>\n\n","protected":false},"excerpt":{"rendered":"<p>El 25,5% de la poblaci\u00f3n latinoamericana (cerca de 162 millones de personas) se encontraba en situaci\u00f3n de pobreza monetaria en 2024lo que supone una disminuci\u00f3n del 2,2% con respecto al a\u00f1o anterior y es el nivel m\u00e1s bajo desde que hay datos comparables, inform\u00f3 este mi\u00e9rcoles la Comisi\u00f3n Econ\u00f3mica para Am\u00e9rica Latina y el Caribe &hellip;<\/p>\n","protected":false},"author":1,"featured_media":51467,"comment_status":"open","ping_status":"open","sticky":false,"template":"","format":"standard","meta":{"fifu_image_url":"https:\/\/bitlyanews.com\/wp-content\/uploads\/2025\/11\/cec5d1eb91dd9150a2370cbeb2e18fdb.webp","fifu_image_alt":"","footnotes":""},"categories":[13],"tags":[],"class_list":["post-51466","post","type-post","status-publish","format-standard","has-post-thumbnail","","category-mundo"],"_links":{"self":[{"href":"https:\/\/noticiasveraces.com\/index.php?rest_route=\/wp\/v2\/posts\/51466","targetHints":{"allow":["GET"]}}],"collection":[{"href":"https:\/\/noticiasveraces.com\/index.php?rest_route=\/wp\/v2\/posts"}],"about":[{"href":"https:\/\/noticiasveraces.com\/index.php?rest_route=\/wp\/v2\/types\/post"}],"author":[{"embeddable":true,"href":"https:\/\/noticiasveraces.com\/index.php?rest_route=\/wp\/v2\/users\/1"}],"replies":[{"embeddable":true,"href":"https:\/\/noticiasveraces.com\/index.php?rest_route=%2Fwp%2Fv2%2Fcomments&post=51466"}],"version-history":[{"count":0,"href":"https:\/\/noticiasveraces.com\/index.php?rest_route=\/wp\/v2\/posts\/51466\/revisions"}],"wp:featuredmedia":[{"embeddable":true,"href":"https:\/\/noticiasveraces.com\/index.php?rest_route=\/wp\/v2\/media\/51467"}],"wp:attachment":[{"href":"https:\/\/noticiasveraces.com\/index.php?rest_route=%2Fwp%2Fv2%2Fmedia&parent=51466"}],"wp:term":[{"taxonomy":"category","embeddable":true,"href":"https:\/\/noticiasveraces.com\/index.php?rest_route=%2Fwp%2Fv2%2Fcategories&post=51466"},{"taxonomy":"post_tag","embeddable":true,"href":"https:\/\/noticiasveraces.com\/index.php?rest_route=%2Fwp%2Fv2%2Ftags&post=51466"}],"curies":[{"name":"wp","href":"https:\/\/api.w.org\/{rel}","templated":true}]}}