{"id":51424,"date":"2025-11-26T09:21:37","date_gmt":"2025-11-26T13:21:37","guid":{"rendered":"https:\/\/noticiasveraces.com\/?p=51424"},"modified":"2025-11-26T09:21:37","modified_gmt":"2025-11-26T13:21:37","slug":"historia-del-25n-jornada-de-la-no-violencia-contra-la-mujer","status":"publish","type":"post","link":"https:\/\/noticiasveraces.com\/?p=51424","title":{"rendered":"historia del 25N, jornada de la no violencia contra la mujer"},"content":{"rendered":"<p> \n<\/p>\n<div>\n<p>La conmemoraci\u00f3n del D\u00eda Internacional para la Eliminaci\u00f3n de la Violencia contra la Mujer tiene ra\u00edces latinoamericanas. <\/p>\n<p>El 25 de noviembre de 1960, la dictadura de Rafael Le\u00f3nidas Trujillo, que gobern\u00f3 Rep\u00fablica Dominicana entre 1930 y 1961, asesin\u00f3 a Minerva, Mar\u00eda Teresa y Patria Mirabal, tres hermanas que, con su activismo, rechazaron y cuestionaron p\u00fablicamente el r\u00e9gimen de Trujillo. <\/p>\n<p>Durante la insurgencia pol\u00edtica, Minerva comenz\u00f3 a utilizar el nombre de \u201cMariposa\u201d en la clandestinidad, un apodo que luego se extendi\u00f3 a Mar\u00eda Teresa y Patria. Casi cuatro d\u00e9cadas despu\u00e9s, las Naciones Unidas fijaron el d\u00eda en el que las hermanas Mirabal fueron asesinadas -el 25 de noviembre- como el d\u00eda conmemorativo de acci\u00f3n y denuncia para la no violencia contra las mujeres, y las mariposas se convierton r\u00e1pidamente en todo el mundo en un s\u00edmbolo de resistencia feminista. <\/p>\n<div class=\"m-em-image\">\n<figure class=\"m-item-image m-item-image--original m-item-image--has-caption\">\n<picture class=\"a-picture a-picture--original\"><source type=\"image\/webp\" srcset=\"https:\/\/s.france24.com\/media\/display\/4dc19880-ca34-11f0-8e45-005056bf30b7\/w:246\/AP22311817762723.webp 246w,https:\/\/s.france24.com\/media\/display\/4dc19880-ca34-11f0-8e45-005056bf30b7\/w:388\/AP22311817762723.webp 388w,https:\/\/s.france24.com\/media\/display\/4dc19880-ca34-11f0-8e45-005056bf30b7\/w:720\/AP22311817762723.webp 720w,https:\/\/s.france24.com\/media\/display\/4dc19880-ca34-11f0-8e45-005056bf30b7\/w:980\/AP22311817762723.webp 980w\" sizes=\"(max-width: 1023px) calc(100vw - 32px), (min-width: 1024px) 850px\"><img decoding=\"async\" fetchpriority=\"low\" src=\"https:\/\/s.france24.com\/media\/display\/4dc19880-ca34-11f0-8e45-005056bf30b7\/w:980\/AP22311817762723.jpg\" srcset=\"https:\/\/s.france24.com\/media\/display\/4dc19880-ca34-11f0-8e45-005056bf30b7\/w:246\/AP22311817762723.jpg 246w,https:\/\/s.france24.com\/media\/display\/4dc19880-ca34-11f0-8e45-005056bf30b7\/w:388\/AP22311817762723.jpg 388w,https:\/\/s.france24.com\/media\/display\/4dc19880-ca34-11f0-8e45-005056bf30b7\/w:720\/AP22311817762723.jpg 720w,https:\/\/s.france24.com\/media\/display\/4dc19880-ca34-11f0-8e45-005056bf30b7\/w:980\/AP22311817762723.jpg 980w\" sizes=\"(max-width: 1023px) calc(100vw - 32px), (min-width: 1024px) 850px\" alt=\"ARCHIVO: Grupos feministas marchan para protestar por el asesinato de Ariadna L\u00f3pez, en la Ciudad de M\u00e9xico, el lunes 7 de noviembre de 2022.\" style=\"max-height:567px\" loading=\"lazy\" class=\"a-img \"\/><\/source><\/picture><figcaption class=\"a-figcaption\">\n                <span>ARCHIVO: Grupos feministas marchan para protestar por el asesinato de Ariadna L\u00f3pez, en la Ciudad de M\u00e9xico, el lunes 7 de noviembre de 2022.<\/span>                <span>AP &#8211; Marco Ugarte<\/span>            <\/figcaption><\/figure>\n<\/p><\/div>\n<p>Desde entonces, a\u00f1o tras a\u00f1o, diferentes tipos de activismos, colectivos feministas, organizaciones sociales y distintas autoridades recuerdan en esta fecha los esfuerzos para contrarrestar la violencia contra la mujer a nivel global, mientras denuncian y trabajan para prevenir los distintos tipos de delitos violentos hacia las mujeres. <\/p>\n<p class=\"a-read-more\"><span class=\"a-read-more__label\">Leer tambi\u00e9n<\/span>Am\u00e9rica Latina y el Caribe llegan al D\u00eda contra la Violencia hacia la Mujer con altas agresiones y avances limitados<\/p>\n<p>Lo hacen en un momento como el actual, en el que los \u00edndices de violencia y las cifras de feminicidios son cr\u00edticas en diferentes partes del mundo, a pesar de los m\u00faltiples esfuerzos para que esta alarmante crisis termine. Y es que los datos as\u00ed lo comprueban: seg\u00fan ONU Mujeres, para noviembre de 2025, 840 millones de mujeres \u2013casi una de cada tres\u2013 han sido v\u00edctimas de <u>violencia<\/u> f\u00edsica o sexual por parte de su pareja.<\/p>\n<div class=\"m-em-image\">\n<figure class=\"m-item-image m-item-image--original m-item-image--has-caption\">\n<picture class=\"a-picture a-picture--original\"><source type=\"image\/webp\" srcset=\"https:\/\/s.france24.com\/media\/display\/6fce687c-ca34-11f0-99a3-005056bfb2b6\/w:246\/AP24027408379114.webp 246w,https:\/\/s.france24.com\/media\/display\/6fce687c-ca34-11f0-99a3-005056bfb2b6\/w:388\/AP24027408379114.webp 388w,https:\/\/s.france24.com\/media\/display\/6fce687c-ca34-11f0-99a3-005056bfb2b6\/w:720\/AP24027408379114.webp 720w,https:\/\/s.france24.com\/media\/display\/6fce687c-ca34-11f0-99a3-005056bfb2b6\/w:980\/AP24027408379114.webp 980w\" sizes=\"(max-width: 1023px) calc(100vw - 32px), (min-width: 1024px) 850px\"><img decoding=\"async\" fetchpriority=\"low\" src=\"https:\/\/s.france24.com\/media\/display\/6fce687c-ca34-11f0-99a3-005056bfb2b6\/w:980\/AP24027408379114.jpg\" srcset=\"https:\/\/s.france24.com\/media\/display\/6fce687c-ca34-11f0-99a3-005056bfb2b6\/w:246\/AP24027408379114.jpg 246w,https:\/\/s.france24.com\/media\/display\/6fce687c-ca34-11f0-99a3-005056bfb2b6\/w:388\/AP24027408379114.jpg 388w,https:\/\/s.france24.com\/media\/display\/6fce687c-ca34-11f0-99a3-005056bfb2b6\/w:720\/AP24027408379114.jpg 720w,https:\/\/s.france24.com\/media\/display\/6fce687c-ca34-11f0-99a3-005056bfb2b6\/w:980\/AP24027408379114.jpg 980w\" sizes=\"(max-width: 1023px) calc(100vw - 32px), (min-width: 1024px) 850px\" alt=\"ARCHIVO: Mujeres y feministas en Kenia se manifiestan contra el aumento de los casos de feminicidio, en el centro de Nairobi, Kenia, el s\u00e1bado 27 de enero de 2024.\" style=\"max-height:567px\" loading=\"lazy\" class=\"a-img \"\/><\/source><\/picture><figcaption class=\"a-figcaption\">\n                <span>ARCHIVO: Mujeres y feministas en Kenia se manifiestan contra el aumento de los casos de feminicidio, en el centro de Nairobi, Kenia, el s\u00e1bado 27 de enero de 2024.<\/span>                <span>AP &#8211; Brian La Venganza<\/span>            <\/figcaption><\/figure>\n<\/p><\/div>\n<p>Y en el marco de esta fecha, este 25 de noviembre tuvo lugar en la capital colombiana, Bogot\u00e1, el segundo Encuentro Internacional de Diplomacia Feminista por la Paz, un evento que reuni\u00f3 a mujeres migrantes y exiliadas por la violencia en Colombia en alrededor de 32 pa\u00edses. <\/p>\n<p>France 24 acudi\u00f3 al encuentro y convers\u00f3 con algunas lideresas asistentes al evento. Desde all\u00ed, Yaneriris Baiter, parte de la Comisi\u00f3n de la Verdad Nodo Venezuela, asegur\u00f3 que el llamado este 25 de noviembre es a \u201cno quedarnos calladas, es a no guardar silencio, a no opacar a quien nos oprime y, por el contrario, alzar la voz (&#8230;) ese es el llamado a las mujeres que sufren cualquier tipo de violencia en cualquier lugar del mundo\u201d. <\/p>\n<h2><strong>El D\u00eda Mundial de la Vasectom\u00eda <\/strong><\/h2>\n<p>El pasado 21 de noviembre fue el D\u00eda Mundial de la Vasectom\u00eda, una jornada que hace un llamado a los hombres para que eliminen los mitos alrededor del cuidado de sus cuerpos, su vida sexual y opten por este procedimiento como una opci\u00f3n anticonceptiva que aumenta su corresponsabilidad en la planificaci\u00f3n familiar. <\/p>\n<p>Seg\u00fan Mayo Clinic, la vasectom\u00eda es un tipo de m\u00e9todo anticonceptivo que impide que el pene libere espermatozoides durante las relaciones sexuales. \u201cEn esta cirug\u00eda menor, un cirujano corta y sella los conductos que transportan el esperma\u201d, se\u00f1ala el portal de la organizaci\u00f3n. <\/p>\n<div class=\"m-em-image\">\n<figure class=\"m-item-image m-item-image--original m-item-image--has-caption\">\n<picture class=\"a-picture a-picture--original\"><source type=\"image\/webp\" srcset=\"https:\/\/s.france24.com\/media\/display\/a8682786-ca34-11f0-8467-005056bfb2b6\/w:246\/AP17307328004833.webp 246w,https:\/\/s.france24.com\/media\/display\/a8682786-ca34-11f0-8467-005056bfb2b6\/w:388\/AP17307328004833.webp 388w,https:\/\/s.france24.com\/media\/display\/a8682786-ca34-11f0-8467-005056bfb2b6\/w:720\/AP17307328004833.webp 720w,https:\/\/s.france24.com\/media\/display\/a8682786-ca34-11f0-8467-005056bfb2b6\/w:980\/AP17307328004833.webp 980w\" sizes=\"(max-width: 1023px) calc(100vw - 32px), (min-width: 1024px) 850px\"><img decoding=\"async\" fetchpriority=\"low\" src=\"https:\/\/s.france24.com\/media\/display\/a8682786-ca34-11f0-8467-005056bfb2b6\/w:980\/AP17307328004833.jpg\" srcset=\"https:\/\/s.france24.com\/media\/display\/a8682786-ca34-11f0-8467-005056bfb2b6\/w:246\/AP17307328004833.jpg 246w,https:\/\/s.france24.com\/media\/display\/a8682786-ca34-11f0-8467-005056bfb2b6\/w:388\/AP17307328004833.jpg 388w,https:\/\/s.france24.com\/media\/display\/a8682786-ca34-11f0-8467-005056bfb2b6\/w:720\/AP17307328004833.jpg 720w,https:\/\/s.france24.com\/media\/display\/a8682786-ca34-11f0-8467-005056bfb2b6\/w:980\/AP17307328004833.jpg 980w\" sizes=\"(max-width: 1023px) calc(100vw - 32px), (min-width: 1024px) 850px\" alt=\"En esta foto tomada el martes 26 de septiembre de 2017, la trabajadora sanitaria Sylvia Marettah Katende muestra productos e informaci\u00f3n sobre salud reproductiva en una exposici\u00f3n sobre planificaci\u00f3n familiar en Kampala, Uganda.\" style=\"max-height:571px\" loading=\"lazy\" class=\"a-img \"\/><\/source><\/picture><figcaption class=\"a-figcaption\">\n                <span>En esta foto tomada el martes 26 de septiembre de 2017, la trabajadora sanitaria Sylvia Marettah Katende muestra productos e informaci\u00f3n sobre salud reproductiva en una exposici\u00f3n sobre planificaci\u00f3n familiar en Kampala, Uganda.<\/span>                <span>AP &#8211; Stephen Wandera<\/span>            <\/figcaption><\/figure>\n<\/p><\/div>\n<p>Con todo y eso, a pesar de ser una alternativa cuya confiabilidad ha sido comprobada cient\u00edficamente de manera amplia, una investigaci\u00f3n de 2023 publicada en \u2018Global Health: Science and Practice\u2019 concluy\u00f3 que, para ese entonces, el uso de la vasectom\u00eda era un 61% menor en comparaci\u00f3n con hace dos d\u00e9cadas, tras analizar el uso de este procedimiento en 84 pa\u00edses de ingresos medios y bajos y en 11 de ingresos altos. <\/p>\n<p>De acuedo a informaci\u00f3n de la Universidad de los Andes de Colombia, m\u00e1s de 30 millones de parejas en todo el mundo utilizan la esterilizaci\u00f3n masculina como m\u00e9todo anticonceptivo, a pesar de que \u201cse realizan aproximadamente el doble de esterilizaciones femeninas\u201d. <\/p>\n<p>La misma instituci\u00f3n educativa a\u00f1ade que esta cirug\u00eda \u201ces ampliamente elegida en regiones y pa\u00edses con alto desarrollo socioecon\u00f3mico e igualdad de g\u00e9nero; es decir, lugares donde hombres y mujeres comparten responsabilidades anticonceptivas\u201d, por lo que la brecha con los pa\u00edses en v\u00eda de desarrollo o con territorios en situaci\u00f3n de desigualdad y vulnerabilidad es alta. <\/p>\n<h2><strong>En Sud\u00e1n, las mujeres de Al-Fashir cargan con el peso del desplazamiento solas<\/strong><\/h2>\n<p>Cada vez m\u00e1s personas huyen de Al-Fashir, el foco reciente de la guerra en Sud\u00e1n en la vasta regi\u00f3n de Darfur. Muchos de los desplazados del intenso fuego entre el Ej\u00e9rcito y las Fuerzas de Apoyo R\u00e1pido (FAR) huyen hacia al norte y llegan a campos de refugio como el de Al-Dabba, en donde gran parte de la poblaci\u00f3n son mujeres. <\/p>\n<div class=\"m-em-image\">\n<figure class=\"m-item-image m-item-image--original m-item-image--has-caption\">\n<picture class=\"a-picture a-picture--original\"><source type=\"image\/webp\" srcset=\"https:\/\/s.france24.com\/media\/display\/c6ae81f4-ca34-11f0-91ba-005056bfb2b6\/w:246\/2025-11-20T081058Z-924321040-RC2QZHA8Z41A-RTRMADP-3-SUDAN-POLITICS-DISPLACEMENT.webp 246w,https:\/\/s.france24.com\/media\/display\/c6ae81f4-ca34-11f0-91ba-005056bfb2b6\/w:388\/2025-11-20T081058Z-924321040-RC2QZHA8Z41A-RTRMADP-3-SUDAN-POLITICS-DISPLACEMENT.webp 388w,https:\/\/s.france24.com\/media\/display\/c6ae81f4-ca34-11f0-91ba-005056bfb2b6\/w:720\/2025-11-20T081058Z-924321040-RC2QZHA8Z41A-RTRMADP-3-SUDAN-POLITICS-DISPLACEMENT.webp 720w,https:\/\/s.france24.com\/media\/display\/c6ae81f4-ca34-11f0-91ba-005056bfb2b6\/w:980\/2025-11-20T081058Z-924321040-RC2QZHA8Z41A-RTRMADP-3-SUDAN-POLITICS-DISPLACEMENT.webp 980w\" sizes=\"(max-width: 1023px) calc(100vw - 32px), (min-width: 1024px) 850px\"><img decoding=\"async\" fetchpriority=\"low\" src=\"https:\/\/s.france24.com\/media\/display\/c6ae81f4-ca34-11f0-91ba-005056bfb2b6\/w:980\/2025-11-20T081058Z-924321040-RC2QZHA8Z41A-RTRMADP-3-SUDAN-POLITICS-DISPLACEMENT.jpg\" srcset=\"https:\/\/s.france24.com\/media\/display\/c6ae81f4-ca34-11f0-91ba-005056bfb2b6\/w:246\/2025-11-20T081058Z-924321040-RC2QZHA8Z41A-RTRMADP-3-SUDAN-POLITICS-DISPLACEMENT.jpg 246w,https:\/\/s.france24.com\/media\/display\/c6ae81f4-ca34-11f0-91ba-005056bfb2b6\/w:388\/2025-11-20T081058Z-924321040-RC2QZHA8Z41A-RTRMADP-3-SUDAN-POLITICS-DISPLACEMENT.jpg 388w,https:\/\/s.france24.com\/media\/display\/c6ae81f4-ca34-11f0-91ba-005056bfb2b6\/w:720\/2025-11-20T081058Z-924321040-RC2QZHA8Z41A-RTRMADP-3-SUDAN-POLITICS-DISPLACEMENT.jpg 720w,https:\/\/s.france24.com\/media\/display\/c6ae81f4-ca34-11f0-91ba-005056bfb2b6\/w:980\/2025-11-20T081058Z-924321040-RC2QZHA8Z41A-RTRMADP-3-SUDAN-POLITICS-DISPLACEMENT.jpg 980w\" sizes=\"(max-width: 1023px) calc(100vw - 32px), (min-width: 1024px) 850px\" alt=\"Una mujer desplazada de Al-Fashir entrega a un ni\u00f1o a un voluntario para que les ayude a bajar de un cami\u00f3n, en un campamento de desplazados en Al-Dabba, Sud\u00e1n, el 19 de noviembre de 2025.\" style=\"max-height:547px\" loading=\"lazy\" class=\"a-img \"\/><\/source><\/picture><figcaption class=\"a-figcaption\">\n                <span>Una mujer desplazada de Al-Fashir entrega a un ni\u00f1o a un voluntario para que les ayude a bajar de un cami\u00f3n, en un campamento de desplazados en Al-Dabba, Sud\u00e1n, el 19 de noviembre de 2025.<\/span>                <span>REUTERS &#8211; El Tayeb Siddig<\/span>            <\/figcaption><\/figure>\n<\/p><\/div>\n<p>Se trata de madres solteras, embarazadas, hermanas e hijas cuyos esposos y familiares han muerto por los enfrentamientos cruzados o han sido capturados por el grupo paramilitar FAR. \u201cAlgunos hombres fueron martirizados y otros fueron capturados en el camino cuando intentaban huir de Al-Fashir. Tambi\u00e9n hay hombres desaparecidos\u201d, dijo la sudanesa desplazada Salma Mohammed.<\/p>\n<p>La situaci\u00f3n es a\u00fan m\u00e1s alarmante para aquellas que se encuentran en proceso de gestaci\u00f3n, ya que no cuentan ni con la atenci\u00f3n ni los suplementos m\u00e9dicos necesarios para su embarazo. <\/p>\n<p>La m\u00e9dica sudanesa desplazada de Al-Fashir, Umaymah Bakr, explica que en el campo de desplazamiento de Al-Dabba \u201calrededor del 30% de las mujeres en este campamento est\u00e1n embarazadas. Volviendo al otro punto, dado que en la mayor\u00eda de los casos el padre est\u00e1 desaparecido o ha fallecido, ellas (refiri\u00e9ndose a las mujeres embarazadas) sufren problemas de salud\u201d.<\/p>\n<div class=\"m-em-image\">\n<figure class=\"m-item-image m-item-image--original m-item-image--has-caption\">\n<picture class=\"a-picture a-picture--original\"><source type=\"image\/webp\" srcset=\"https:\/\/s.france24.com\/media\/display\/e2d0c31a-ca34-11f0-9faa-005056bf30b7\/w:246\/2025-11-17T132557Z-1010215082-RC2PVHA36HBG-RTRMADP-3-SUDAN-POLITICS-DABBA-WOMEN.webp 246w,https:\/\/s.france24.com\/media\/display\/e2d0c31a-ca34-11f0-9faa-005056bf30b7\/w:388\/2025-11-17T132557Z-1010215082-RC2PVHA36HBG-RTRMADP-3-SUDAN-POLITICS-DABBA-WOMEN.webp 388w,https:\/\/s.france24.com\/media\/display\/e2d0c31a-ca34-11f0-9faa-005056bf30b7\/w:720\/2025-11-17T132557Z-1010215082-RC2PVHA36HBG-RTRMADP-3-SUDAN-POLITICS-DABBA-WOMEN.webp 720w,https:\/\/s.france24.com\/media\/display\/e2d0c31a-ca34-11f0-9faa-005056bf30b7\/w:980\/2025-11-17T132557Z-1010215082-RC2PVHA36HBG-RTRMADP-3-SUDAN-POLITICS-DABBA-WOMEN.webp 980w\" sizes=\"(max-width: 1023px) calc(100vw - 32px), (min-width: 1024px) 850px\"><img decoding=\"async\" fetchpriority=\"low\" src=\"https:\/\/s.france24.com\/media\/display\/e2d0c31a-ca34-11f0-9faa-005056bf30b7\/w:980\/2025-11-17T132557Z-1010215082-RC2PVHA36HBG-RTRMADP-3-SUDAN-POLITICS-DABBA-WOMEN.jpg\" srcset=\"https:\/\/s.france24.com\/media\/display\/e2d0c31a-ca34-11f0-9faa-005056bf30b7\/w:246\/2025-11-17T132557Z-1010215082-RC2PVHA36HBG-RTRMADP-3-SUDAN-POLITICS-DABBA-WOMEN.jpg 246w,https:\/\/s.france24.com\/media\/display\/e2d0c31a-ca34-11f0-9faa-005056bf30b7\/w:388\/2025-11-17T132557Z-1010215082-RC2PVHA36HBG-RTRMADP-3-SUDAN-POLITICS-DABBA-WOMEN.jpg 388w,https:\/\/s.france24.com\/media\/display\/e2d0c31a-ca34-11f0-9faa-005056bf30b7\/w:720\/2025-11-17T132557Z-1010215082-RC2PVHA36HBG-RTRMADP-3-SUDAN-POLITICS-DABBA-WOMEN.jpg 720w,https:\/\/s.france24.com\/media\/display\/e2d0c31a-ca34-11f0-9faa-005056bf30b7\/w:980\/2025-11-17T132557Z-1010215082-RC2PVHA36HBG-RTRMADP-3-SUDAN-POLITICS-DABBA-WOMEN.jpg 980w\" sizes=\"(max-width: 1023px) calc(100vw - 32px), (min-width: 1024px) 850px\" alt=\"Mujeres desplazadas hacen una larga cola para recibir alimentos en un campamento de desplazados en Al-Dabbah, Sud\u00e1n, el 13 de noviembre de 2025.\" style=\"max-height:563px\" loading=\"lazy\" class=\"a-img \"\/><\/source><\/picture><figcaption class=\"a-figcaption\">\n                <span>Mujeres desplazadas hacen una larga cola para recibir alimentos en un campamento de desplazados en Al-Dabbah, Sud\u00e1n, el 13 de noviembre de 2025.<\/span>                <span>REUTERS &#8211; El Tayeb Siddig<\/span>            <\/figcaption><\/figure>\n<\/p><\/div>\n<p>Todo esto mientras que el conflicto en Sud\u00e1n es cada vez m\u00e1s grave con el pasar de los d\u00edas, con decenas de miles de personas asesinadas y desplazadas por la guerra, mientras que el hambre y la crisis humanitaria se extienden. <\/p>\n<p>Con Reuters y medios locales<\/p>\n<\/p><\/div>\n\n","protected":false},"excerpt":{"rendered":"<p>La conmemoraci\u00f3n del D\u00eda Internacional para la Eliminaci\u00f3n de la Violencia contra la Mujer tiene ra\u00edces latinoamericanas. El 25 de noviembre de 1960, la dictadura de Rafael Le\u00f3nidas Trujillo, que gobern\u00f3 Rep\u00fablica Dominicana entre 1930 y 1961, asesin\u00f3 a Minerva, Mar\u00eda Teresa y Patria Mirabal, tres hermanas que, con su activismo, rechazaron y cuestionaron p\u00fablicamente &hellip;<\/p>\n","protected":false},"author":1,"featured_media":51426,"comment_status":"open","ping_status":"open","sticky":false,"template":"","format":"standard","meta":{"fifu_image_url":"https:\/\/s.france24.com\/media\/display\/c4f40d58-ca33-11f0-b97f-005056a90284\/w:1280\/p:16x9\/AP23027677709163.jpg","fifu_image_alt":"","footnotes":""},"categories":[13],"tags":[],"class_list":["post-51424","post","type-post","status-publish","format-standard","has-post-thumbnail","","category-mundo"],"_links":{"self":[{"href":"https:\/\/noticiasveraces.com\/index.php?rest_route=\/wp\/v2\/posts\/51424","targetHints":{"allow":["GET"]}}],"collection":[{"href":"https:\/\/noticiasveraces.com\/index.php?rest_route=\/wp\/v2\/posts"}],"about":[{"href":"https:\/\/noticiasveraces.com\/index.php?rest_route=\/wp\/v2\/types\/post"}],"author":[{"embeddable":true,"href":"https:\/\/noticiasveraces.com\/index.php?rest_route=\/wp\/v2\/users\/1"}],"replies":[{"embeddable":true,"href":"https:\/\/noticiasveraces.com\/index.php?rest_route=%2Fwp%2Fv2%2Fcomments&post=51424"}],"version-history":[{"count":0,"href":"https:\/\/noticiasveraces.com\/index.php?rest_route=\/wp\/v2\/posts\/51424\/revisions"}],"wp:featuredmedia":[{"embeddable":true,"href":"https:\/\/noticiasveraces.com\/index.php?rest_route=\/wp\/v2\/media\/51426"}],"wp:attachment":[{"href":"https:\/\/noticiasveraces.com\/index.php?rest_route=%2Fwp%2Fv2%2Fmedia&parent=51424"}],"wp:term":[{"taxonomy":"category","embeddable":true,"href":"https:\/\/noticiasveraces.com\/index.php?rest_route=%2Fwp%2Fv2%2Fcategories&post=51424"},{"taxonomy":"post_tag","embeddable":true,"href":"https:\/\/noticiasveraces.com\/index.php?rest_route=%2Fwp%2Fv2%2Ftags&post=51424"}],"curies":[{"name":"wp","href":"https:\/\/api.w.org\/{rel}","templated":true}]}}