{"id":51413,"date":"2025-11-26T07:33:31","date_gmt":"2025-11-26T11:33:31","guid":{"rendered":"https:\/\/noticiasveraces.com\/?p=51413"},"modified":"2025-11-26T07:33:31","modified_gmt":"2025-11-26T11:33:31","slug":"la-universidad-madrilena-se-vacia-en-el-primer-dia-de-huelga-contra-las-politicas-de-ayuso-el-seguimiento-es-masivo-educacion","status":"publish","type":"post","link":"https:\/\/noticiasveraces.com\/?p=51413","title":{"rendered":"La Universidad madrile\u00f1a se vac\u00eda en el primer d\u00eda de huelga contra las pol\u00edticas de Ayuso: \u201cEl seguimiento es masivo\u201d | Educaci\u00f3n"},"content":{"rendered":"<p> \n<\/p>\n<div data-dtm-region=\"articulo_cuerpo\">\n<p class=\"\">El miedo al futuro ha dejado desiertas casi la totalidad de las aulas de la Universidad Complutense en la primera de las dos jornadas de huelga convocadas para este mi\u00e9rcoles y este jueves en las universidades p\u00fablicas de Madrid para denunciar su asfixia econ\u00f3mica. Ni los piquetes informativos tienen trabajo. Un escenario apocal\u00edptico que no se repite en los otros centros, aunque la actividad es cero en muchas facultades de la Aut\u00f3noma y muy baja en la Rey Juan Carlos. En el parking de la Rey Juan Carlos en M\u00f3stoles el 60% de las plazas est\u00e1n vac\u00edas, lo que sirve de term\u00f3metro. En Alcal\u00e1 el seguimiento es muy bajo y en la Polit\u00e9cnica y la Carlos III el sindicato Comisiones Obreras dice estar \u201ccontento\u201d con las cifras, superiores a las de habituales. El seguimiento de la huelga es mucho m\u00e1s alto que en la huelga del 25 de abril, que no tuvo eco por coincidir con el apag\u00f3n de luz.<\/p>\n<p class=\"\">Los verdaderos protagonistas de la jornada son los alumnos. Las delegaciones de estudiantes de los seis campus han respaldado por unanimidad la huelga y en la UCM, la Aut\u00f3noma y Rey Juan Carlos se ha decretado el paro acad\u00e9mico. Una figura incluida en la nueva ley de universidades (LOSU, 2023) que impide a los profesores examinar hoy y pasar lista y retrasa la entrega de trabajos.<\/p>\n<p class=\"\">\u201cVamos a reforzar significativamente la inversi\u00f3n a seis a\u00f1os [en las seis universidades p\u00fablicas]\u201d, asegur\u00f3 Isabel D\u00edaz Ayuso, presidenta de la Comunidad de Madrid, el pasado julio. Pero desde entonces la Complutense ha tenido que pedir un cr\u00e9dito para pagar las n\u00f3minas, el Gobierno auton\u00f3mico ha reconocido que la Rey Juan Carlos est\u00e1 en la cuerda floja y el presupuesto apenas ha subido un 6,5% que no saca de la UCI a los campus m\u00e1s afectados. Las seis necesitar\u00edan recibir 31O millones m\u00e1s para volver a la dotaci\u00f3n de 2009, descontando la inflaci\u00f3n de 15 a\u00f1os.<\/p>\n<p class=\"\">A las nueve de la ma\u00f1ana, el campus de Somosaguas de la Complutense parec\u00eda un desierto. M\u00e1s all\u00e1 del piquete formado por estudiantes y profesores, solo una estudiante de Econom\u00eda esperaba el autob\u00fas para volver a casa. Estudiante extranjera llegada de China, era la \u00fanica hoy que no sab\u00eda que se hab\u00eda convocado una huelga. En los edificios de Psicolog\u00eda, Trabajo Social y Econ\u00f3micas, los \u00fanicos trabajadores presentes eran los de la limpieza.<\/p>\n<p class=\"\">En la facultad de Ciencias Econ\u00f3micas y Empresariales de la UCM, el decano \u00c1lvaro Rivero confirma que el seguimiento ha sido casi total. \u201cNo hay ning\u00fan estudiante y el profesorado y el personal han secundado la huelga de forma masiva\u201d, afirma. Seg\u00fan explica, no queda \u201cninguna clase funcionando, ni en los pabellones ni en el aulario\u201d. Para Rivero, esta participaci\u00f3n refleja la fuerza de la reivindicaci\u00f3n: \u201cEs un indicador de lo importante que es la causa, los motivos existen y los est\u00e1n secundando pr\u00e1cticamente todo el personal y todo el estudiantado\u201d.<\/p>\n<p class=\"\">\u00c1lvaro Briles, profesor de Econ\u00f3micas y miembro del sindicato CGT, recuerda que su centro suele mostrarse \u201cm\u00e1s pasivo\u201d. Siempre quedaba alguna clase en marcha. Atribuye el \u00e9xito del paro al trabajo previo de preparaci\u00f3n y a las campa\u00f1as que realizaron para concienciar al alumnado y al profesorado.<\/p>\n<p class=\"\">Somosaguas es conocido por su esp\u00edritu reivindicativo \u2015el dictador Francisco Franco aisl\u00f3 en el campus a las facultades m\u00e1s \u201cproblem\u00e1ticas\u201d como Ciencias Pol\u00edticas\u2015 pero la imagen de total vac\u00edo se repite en Ciudad Universitaria. Ciencias F\u00edsicas e Historia, por ejemplo, no tienen vida. Ni siquiera en Medicina, que nunca para. Guillermo, alumno de Farmacia que prefiere no dar su apellido, se desmarca de la protesta. No est\u00e1 de acuerdo con la huelga porque, para \u00e9l, tiene motivos pol\u00edticos. Reconoce que \u201cs\u00ed es verdad que la universidad est\u00e1 infrafinanciada \u201d, pero considera que la responsabilidad no recae en el Gobierno regional. \u201cNo habr\u00eda huelga si el gobierno de la Comunidad no fuera de derechas\u201d, afirma.<\/p>\n<p class=\"\">En Farmacia, seg\u00fan UCM por la P\u00fablica, se han impartido el 2% de las clases. Al contrario que en la Polit\u00e9cnica, donde un piquete ha intentado entrar en varias clases de la Escuela de Caminos, donde la incidencia de la huelga, como en todas las ocasiones, es peque\u00f1a.<\/p>\n<figure class=\"a_m a_m-h \"><span class=\"_db a_m_w _pr lb_btn\"><img decoding=\"auto\" class=\"_re lazyload a_m-h\" height=\"276\" srcset=\"https:\/\/imagenes.elpais.com\/resizer\/v2\/DFBZHCW5GZD3RBPQFPGTIJLWFE.jpeg?auth=bb733e15d39b698df7f343e9beeaa53a24790917166e0f516a7a2b80ca82b38d&amp;width=414 414w,https:\/\/imagenes.elpais.com\/resizer\/v2\/DFBZHCW5GZD3RBPQFPGTIJLWFE.jpeg?auth=bb733e15d39b698df7f343e9beeaa53a24790917166e0f516a7a2b80ca82b38d&amp;width=828 640w,https:\/\/imagenes.elpais.com\/resizer\/v2\/DFBZHCW5GZD3RBPQFPGTIJLWFE.jpeg?auth=bb733e15d39b698df7f343e9beeaa53a24790917166e0f516a7a2b80ca82b38d&amp;width=980 1000w,https:\/\/imagenes.elpais.com\/resizer\/v2\/DFBZHCW5GZD3RBPQFPGTIJLWFE.jpeg?auth=bb733e15d39b698df7f343e9beeaa53a24790917166e0f516a7a2b80ca82b38d&amp;width=1960 1960w\" width=\"414\" sizes=\"auto, (min-width:1199px) 1155px,(min-width:1001px) calc(100vw - 44px),(min-width:768px) 767px, 100vw\" src=\"https:\/\/imagenes.elpais.com\/resizer\/v2\/DFBZHCW5GZD3RBPQFPGTIJLWFE.jpeg?auth=bb733e15d39b698df7f343e9beeaa53a24790917166e0f516a7a2b80ca82b38d&amp;width=414\" loading=\"lazy\"\/><svg aria-hidden=\"true\" class=\"icon_multimedia_ampliar | _pa a_m_i a_m_i-a _dn\" viewbox=\"0 0 40 40\"><use xlink:href=\"#svg-ampliar\"\/><\/svg><\/span><figcaption class=\"a_m_p\" aria-hidden=\"true\"><span>Las aulas de las principales universidades se han vaciado este mi\u00e9rcoles por la huelga. En la imagen, un pasillo casi vac\u00edo en la Aut\u00f3noma de Madrid. <\/span><span class=\"a_m_m\">Santi Burgos <\/span><\/figcaption><\/figure>\n<p class=\"\">En la Universidad Aut\u00f3noma de Madrid bajaban del tren mucho menos estudiantes que un mi\u00e9rcoles normal. Los que llegan saben que hay una huelga, pero algunos de sus profesores han decidido dar clases igualmente. Algunas facultades, como Humanidades, est\u00e1n cerradas, otras funcionan con servicios m\u00ednimos como Filosof\u00eda y Letras. En Econ\u00f3micas se ven algunos grupos de estudio. El piquete de casi 70 personas, en su mayor\u00eda estudiantes que se ha organizado para manifestarse, recorre una por uno los edificios con silbatos y cantos y reparte panfletos a estudiantes y trabajadores.<\/p>\n<p class=\"\">Entre ellos camina Jaume Novelle, de 22 a\u00f1os, que deber\u00eda estar en clase de disecci\u00f3n, pero \u00e9l y sus compa\u00f1eros no ir\u00e1n porque no van a pasar lista. Est\u00e1 en segundo a\u00f1o de Medicina y le interesa dedicarse a Emergencias, ha hecho un voluntariado en el Samur. Dice que su facultad es \u201cprivilegiada dentro de la Aut\u00f3noma\u201d y aun as\u00ed se han clausurado clases por techos que se ca\u00edan. Novelle cuenta que se han hecho planes para proteger el derecho a huelgas en los estudiantes para mover pr\u00e1cticas y gestionar las pr\u00e1cticas en el hospital.<\/p>\n<p class=\"\">Cristina Cano cuenta que, desde que entr\u00f3 como bibliotecaria de la facultad de Econ\u00f3micas de la UAM en 2019, \u201cse han ido reduciendo las suscripciones a bases de datos, recursos muy costosos que se usan para investigaci\u00f3n\u201d. La trabajadora de 47 a\u00f1os explica: \u201cAqu\u00ed se investiga mucho y se utilizan para que estudiantes y profesores puedan hacer sus investigaciones y publicar sus proyectos\u201d. Dice que el estado de la biblioteca es \u201cun reflejo de lo que pasa en cada universidad\u201d. Adem\u00e1s, Cano asegura que su n\u00f3mina est\u00e1 congelada y solo se ajusta \u201ca lo que ha ido subiendo el Gobierno Nacional por decreto\u201d. Cano Lamenta: \u201cLa falta de personal se nota un mont\u00f3n, no se crean plazas nuevas y tenemos cada vez m\u00e1s tareas\u201d.<\/p>\n<p class=\"\">La Rey Juan Carlos est\u00e1 en una situaci\u00f3n econ\u00f3mica algo mejor que la Complutense \u2015no ha tenido que pedir un cr\u00e9dito\u2015 pero cerrar\u00e1 por segundo a\u00f1o las cuentas en rojo. Las saldar\u00e1n con el remanente que les queda, pero no hay suficiente para el curso que viene y el temor comienza a cundir. En esa universidad no hay servicios m\u00ednimos, de forma que la biblioteca de M\u00f3stoles est\u00e1 cerrada esta ma\u00f1ana porque no ha acudido ning\u00fan trabajador. Seg\u00fan datos de CGT, de 22 aulas en el aulario de Fuenlabrada hay ocupadas cuatro con unos 70 estudiantes.<\/p>\n<p class=\"\">\u201cEl seguimiento es masivo, pero no total porque hay profesores que no comparten esta huelga. Hay alguna pr\u00e1ctica y clase y eso hace que haya algo de movimiento de alumnos. Tambi\u00e9n se ha mantenido una visita de un instituto\u201d, cuenta Rub\u00e9n Torices, profesor de Ecolog\u00eda en la URJC y miembro del piquete informativo.<\/p>\n<aside class=\"a_np\">\n<p>Con informaci\u00f3n de <strong>Elisa Sili\u00f3.<\/strong><\/p>\n<\/aside>\n<\/div>\n\n","protected":false},"excerpt":{"rendered":"<p>El miedo al futuro ha dejado desiertas casi la totalidad de las aulas de la Universidad Complutense en la primera de las dos jornadas de huelga convocadas para este mi\u00e9rcoles y este jueves en las universidades p\u00fablicas de Madrid para denunciar su asfixia econ\u00f3mica. Ni los piquetes informativos tienen trabajo. Un escenario apocal\u00edptico que no &hellip;<\/p>\n","protected":false},"author":1,"featured_media":51414,"comment_status":"open","ping_status":"open","sticky":false,"template":"","format":"standard","meta":{"fifu_image_url":"https:\/\/imagenes.elpais.com\/resizer\/v2\/YKE2V7UB75AZBP4N2TEIXZFSCQ.JPG?auth=a6a7566966fffa6838c761a669bb9f82da195327ff20ddce8cd7ce9b02e78a68&width=1200","fifu_image_alt":"","footnotes":""},"categories":[11],"tags":[],"class_list":["post-51413","post","type-post","status-publish","format-standard","has-post-thumbnail","","category-viaje"],"_links":{"self":[{"href":"https:\/\/noticiasveraces.com\/index.php?rest_route=\/wp\/v2\/posts\/51413","targetHints":{"allow":["GET"]}}],"collection":[{"href":"https:\/\/noticiasveraces.com\/index.php?rest_route=\/wp\/v2\/posts"}],"about":[{"href":"https:\/\/noticiasveraces.com\/index.php?rest_route=\/wp\/v2\/types\/post"}],"author":[{"embeddable":true,"href":"https:\/\/noticiasveraces.com\/index.php?rest_route=\/wp\/v2\/users\/1"}],"replies":[{"embeddable":true,"href":"https:\/\/noticiasveraces.com\/index.php?rest_route=%2Fwp%2Fv2%2Fcomments&post=51413"}],"version-history":[{"count":0,"href":"https:\/\/noticiasveraces.com\/index.php?rest_route=\/wp\/v2\/posts\/51413\/revisions"}],"wp:featuredmedia":[{"embeddable":true,"href":"https:\/\/noticiasveraces.com\/index.php?rest_route=\/wp\/v2\/media\/51414"}],"wp:attachment":[{"href":"https:\/\/noticiasveraces.com\/index.php?rest_route=%2Fwp%2Fv2%2Fmedia&parent=51413"}],"wp:term":[{"taxonomy":"category","embeddable":true,"href":"https:\/\/noticiasveraces.com\/index.php?rest_route=%2Fwp%2Fv2%2Fcategories&post=51413"},{"taxonomy":"post_tag","embeddable":true,"href":"https:\/\/noticiasveraces.com\/index.php?rest_route=%2Fwp%2Fv2%2Ftags&post=51413"}],"curies":[{"name":"wp","href":"https:\/\/api.w.org\/{rel}","templated":true}]}}