{"id":51411,"date":"2025-11-26T07:32:31","date_gmt":"2025-11-26T11:32:31","guid":{"rendered":"https:\/\/noticiasveraces.com\/?p=51411"},"modified":"2025-11-26T07:32:31","modified_gmt":"2025-11-26T11:32:31","slug":"maduro-ante-sus-fieles-prohibido-fallar-en-esta-coyuntura-decisiva-albertonews","status":"publish","type":"post","link":"https:\/\/noticiasveraces.com\/?p=51411","title":{"rendered":"Maduro, ante sus fieles: \u201cProhibido fallar en esta coyuntura decisiva\u201d &#8211; AlbertoNews"},"content":{"rendered":"<p> \n<\/p>\n<div>\n<p>Nicol\u00e1s Maduro puso el broche final\u00a0a la movilizaci\u00f3n convocada este martes en Caracas, una demostraci\u00f3n de fuerza con la que el chavismo busc\u00f3 exhibir cohesi\u00f3n en plena escalada de tensi\u00f3n con Estados Unidos. Vestido con uniforme militar y flanqueado por la c\u00fapula de su Gobierno y de la Fuerza Armada Nacional Bolivariana, alz\u00f3 la espada de Sim\u00f3n Bol\u00edvar, emblema central del imaginario chavista. Desde abajo del escenario, miles de seguidores clamaban al un\u00edsono: \u201c\u00a1El hombre de la paz se llama Nicol\u00e1s!\u201d.<\/p>\n<p><strong>El Pa\u00eds<\/strong><\/p>\n<p>La movilizaci\u00f3n \u2014convocada en el marco del bicentenario de la entrega de la espada al libertador\u2014 llev\u00f3 a las calles a miles de venezolanos, sobre todo empleados p\u00fablicos, militares y polic\u00edas, que conforman la principal base de apoyo de Maduro. El mensaje que el chavismo buscaba transmitir con esta marcha es una respuesta interna \u2014para reforzar la cohesi\u00f3n del r\u00e9gimen\u2014, pero tambi\u00e9n una se\u00f1al externa de desaf\u00edo frente al avance de la presi\u00f3n estadounidense. \u201cLa patria reclama nuestro mayor esfuerzo y sacrificio\u201d, clam\u00f3 Maduro.<\/p>\n<p>El l\u00edder venezolano \u2014se\u00f1alado por la Administraci\u00f3n de Donald Trump como jefe del supuesto Cartel de los Soles\u2014 areng\u00f3 a las masas y lanz\u00f3 un mensaje que deja claro que la intenci\u00f3n del r\u00e9gimen es resistir. \u201c\u00a1Estamos obligados a estar unidos! Prohibido fallar en esta coyuntura decisiva para la existencia de la Rep\u00fablica. No hay excusas para nadie, sea civil, sea pol\u00edtico, sea polic\u00eda\u2026 \u00a1Si la patria reclama, la patria tendr\u00e1 nuestra vida si es necesario!\u201c, enfatiz\u00f3.<\/p>\n<p>Los actos del chavismo en las calles contrastan con el verdadero apoyo popular que mantiene. Los analistas calculan que, en la actualidad, alrededor del 80% de los venezolanos rechaza el r\u00e9gimen de Maduro frente a un 20% que a\u00fan apoya el chavismo.<\/p>\n<p>En las \u00faltimas semanas, Trump ha dado numerosos pasos en su campa\u00f1a de presi\u00f3n contra el Gobierno del Nicol\u00e1s Maduro. A la movilizaci\u00f3n de una enorme fuerza naval y a\u00e9rea hacia el Caribe \u2014desplegando entre otras unidades al portaaviones USS\u00a0Gerald R. Ford,\u00a0el mayor de la flota estadounidense\u2014, se anunci\u00f3 una nueva fase operativa para intervenir indirectamente en la regi\u00f3n, que podr\u00eda incluir acciones encubiertas y golpes a objetivos vinculados al narcotr\u00e1fico.<\/p>\n<p>Frente a esta presi\u00f3n, el chavismo ha respondido activando todas sus palancas de poder interno. Las autoridades venezolanas han declarado estado de \u201cm\u00e1xima preparaci\u00f3n\u201d, han movilizado fuerzas armadas, milicias bolivarianas y han reforzado su ret\u00f3rica antiimperialista.\u00a0La represi\u00f3n interna, seg\u00fan han denunciado las organizaciones de derechos humanos, tambi\u00e9n ha aumentado.<\/p>\n<p>En este contexto, se ha producido el aislamiento internacional del pa\u00eds con\u00a0la suspensi\u00f3n de vuelos provocados por la alerta lanzada por la Administraci\u00f3n Federal de Aviaci\u00f3n de Estados Unidos\u00a0(FAA) para \u201cextremar la precauci\u00f3n\u201d al sobrevolar Venezuela y el sur del mar Caribe debido a \u201cal aumento de la actividad militar\u201d, en la zona. La medida ha sido interpretada por el r\u00e9gimen venezolano como parte de la \u201cguerra psicol\u00f3gica\u201d de Washington. \u201cLas mentiras y la imbecilidad de Marco Rubio [Secretario de Estado de los Estados Unidos] se estrellar\u00e1n con m\u00e1s dignidad de este pueblo\u201d, dijo Diosdado Cabello, ministro del Interior y n\u00famero dos de facto del Gobierno venezolano.<\/p>\n<p>Maduro fue hilando el esp\u00edritu de la movilizaci\u00f3n con una narrativa de resistencia. Desde el escenario, rodeado de militares y banderas, present\u00f3 la jornada como un acto de defensa colectiva frente a lo que llam\u00f3 \u201clas amenazas del imperio\u201d. Invit\u00f3 a leer los s\u00edmbolos patrios \u2014la bandera, la espada, la memoria de Bol\u00edvar\u2014 como un recordatorio de que el pa\u00eds atraviesa \u201cuna agresi\u00f3n hist\u00f3rica\u201d y necesita cerrar filas.<br \/>Al evocar a Bol\u00edvar, hizo un paralelismo directo entre la actualidad y las guerras de independencia. As\u00ed como el libertador enfrent\u00f3 invasiones y conspiraciones \u2014sostuvo Maduro\u2014, hoy Venezuela estar\u00eda llamada a resistir la ofensiva estadounidense. \u201cLos pueblos de Am\u00e9rica vencer\u00e1n unidos\u201d, afirm\u00f3.<\/p>\n<p>El presidente de Venezuela retrat\u00f3 al chavismo como el \u00faltimo dique frente al despliegue militar de Washington en el Caribe y frente a unas sanciones que, seg\u00fan \u00e9l, buscan quebrar el Gobierno desde dentro. La marcha \u2014dijo\u2014 deb\u00eda leerse como una demostraci\u00f3n de fuerza, \u201cuna respuesta de unidad\u201d ante cualquier intento de dominaci\u00f3n externa, un recordatorio de que su base pol\u00edtica no piensa retroceder.<\/p>\n<p><strong>Si quieres recibir en tu celular esta y otras informaciones descarga Telegram, ingresa al link <\/strong><strong>https:\/\/t.me\/albertorodnews<\/strong><strong> y dale click a +Unirme.  <\/strong><\/p>\n<p><strong>Alberto Noticias<\/strong><\/p>\n<\/p><\/div>\n\n","protected":false},"excerpt":{"rendered":"<p>Nicol\u00e1s Maduro puso el broche final\u00a0a la movilizaci\u00f3n convocada este martes en Caracas, una demostraci\u00f3n de fuerza con la que el chavismo busc\u00f3 exhibir cohesi\u00f3n en plena escalada de tensi\u00f3n con Estados Unidos. Vestido con uniforme militar y flanqueado por la c\u00fapula de su Gobierno y de la Fuerza Armada Nacional Bolivariana, alz\u00f3 la espada &hellip;<\/p>\n","protected":false},"author":1,"featured_media":51412,"comment_status":"open","ping_status":"open","sticky":false,"template":"","format":"standard","meta":{"fifu_image_url":"https:\/\/bitlyanews.com\/wp-content\/uploads\/2025\/11\/maduro-uniformado-1.jpg","fifu_image_alt":"","footnotes":""},"categories":[4],"tags":[],"class_list":["post-51411","post","type-post","status-publish","format-standard","has-post-thumbnail","","category-historias-destacadas"],"_links":{"self":[{"href":"https:\/\/noticiasveraces.com\/index.php?rest_route=\/wp\/v2\/posts\/51411","targetHints":{"allow":["GET"]}}],"collection":[{"href":"https:\/\/noticiasveraces.com\/index.php?rest_route=\/wp\/v2\/posts"}],"about":[{"href":"https:\/\/noticiasveraces.com\/index.php?rest_route=\/wp\/v2\/types\/post"}],"author":[{"embeddable":true,"href":"https:\/\/noticiasveraces.com\/index.php?rest_route=\/wp\/v2\/users\/1"}],"replies":[{"embeddable":true,"href":"https:\/\/noticiasveraces.com\/index.php?rest_route=%2Fwp%2Fv2%2Fcomments&post=51411"}],"version-history":[{"count":0,"href":"https:\/\/noticiasveraces.com\/index.php?rest_route=\/wp\/v2\/posts\/51411\/revisions"}],"wp:featuredmedia":[{"embeddable":true,"href":"https:\/\/noticiasveraces.com\/index.php?rest_route=\/wp\/v2\/media\/51412"}],"wp:attachment":[{"href":"https:\/\/noticiasveraces.com\/index.php?rest_route=%2Fwp%2Fv2%2Fmedia&parent=51411"}],"wp:term":[{"taxonomy":"category","embeddable":true,"href":"https:\/\/noticiasveraces.com\/index.php?rest_route=%2Fwp%2Fv2%2Fcategories&post=51411"},{"taxonomy":"post_tag","embeddable":true,"href":"https:\/\/noticiasveraces.com\/index.php?rest_route=%2Fwp%2Fv2%2Ftags&post=51411"}],"curies":[{"name":"wp","href":"https:\/\/api.w.org\/{rel}","templated":true}]}}