{"id":51386,"date":"2025-11-26T02:52:05","date_gmt":"2025-11-26T06:52:05","guid":{"rendered":"https:\/\/noticiasveraces.com\/?p=51386"},"modified":"2025-11-26T02:52:05","modified_gmt":"2025-11-26T06:52:05","slug":"suspension-de-vuelos-internacionales-hacia-venezuela-impide-reencuentros","status":"publish","type":"post","link":"https:\/\/noticiasveraces.com\/?p=51386","title":{"rendered":"Suspensi\u00f3n de vuelos internacionales hacia Venezuela impide reencuentros"},"content":{"rendered":"<p> \n<\/p>\n<div>\n<p><strong>Una madre e hija vieron frustrados sus reencuentros familiares<\/strong> luego de que no pudieran abordar sus vuelos hacia Venezuela con las aerol\u00edneas espa\u00f1olas <strong>Plus Ultra e Iberia<\/strong>respectivamente, debido a la cancelaci\u00f3n de viajes hacia el pa\u00eds ante un aviso de la <strong>Administraci\u00f3n Federal de Aviaci\u00f3n de EE UU<\/strong> que insta a las compa\u00f1\u00edas comerciales a \u201cextremar la precauci\u00f3n\u201d al sobrevolar el pa\u00eds suramericano.<\/p>\n<div class=\"ruby-table-contents rbtoc table-fw\">\n<ul class=\"toc-content h5\">\n<li>Las aerol\u00edneas no han precisado el n\u00famero de personas afectadas<\/li>\n<li>Las advertencias de Venezuela a aerol\u00edneas internacionales<\/li>\n<\/ul>\n<\/div>\n<p>La hija, quien declar\u00f3 el martes 25 de noviembre a la agencia de noticias EFE bajo la condici\u00f3n del anonimato por la \u201csituaci\u00f3n del pa\u00eds\u201d, acudi\u00f3 a las oficinas de Plus Ultra en Caracas para solicitar informaci\u00f3n para su madre, quien iba a retornar a la capital el 27 de noviembre desde Madrid. Sin embargo, <strong>su vuelo fue cancelado este 25 de noviembre<\/strong>seg\u00fan dijo. La aerol\u00ednea le ofreci\u00f3 reprogramar a partir del 2 de diciembre.<\/p>\n<p>\u201c<strong>Ella quiere volver<\/strong>estar ac\u00e1 con su familia\u201d, subray\u00f3 la mujer, quien anticip\u00f3 que, de no resolverse la situaci\u00f3n, su madre viajar\u00eda \u201cpor otro lado\u201d <strong>para regresar a caracas<\/strong>como han hecho varias personas, quienes tienen como opci\u00f3n <strong>cruzar la frontera de Venezuela con Colombia <\/strong>y volar desde all\u00ed o desde otros pa\u00edses, como <strong>Panam\u00e1<\/strong>donde las aerol\u00edneas mantienen sus itinerarios.<\/p>\n<p>Esta misma mujer tambi\u00e9n ten\u00eda previsto viajar con Iberia el 24 de noviembre desde Caracas, pero su viaje fue cancelado el s\u00e1bado 22 de noviembre y la compa\u00f1\u00eda le indic\u00f3 que \u201cllamara para reprogramar\u201d, lo que impidi\u00f3 que acudiera a un \u201cevento familiar\u201d en Espa\u00f1a.<\/p>\n<p>\u201c<strong>Por ahora no voy a reprogramar<\/strong>. Voy a dejar mi viaje en <em>apoyar<\/em> (modo espera). Si no, viajo el a\u00f1o que viene o pido reembolso\u201d, indic\u00f3.<\/p>\n<h2 id=\"las-aerolineas-no-han-precisado-el-numero-de-personas-afectadas\" class=\"rb-heading-index-0-829617 wp-block-heading\"><strong>Las aerol\u00edneas no han precisado el n\u00famero de personas afectadas<\/strong><\/h2>\n<p>En la sede de Plus Ultra en Caracas, que estaba pr\u00e1cticamente vac\u00eda, los funcionarios dijeron <strong>no tener informaci\u00f3n sobre el n\u00famero de personas afectadas<\/strong> por la cancelaci\u00f3n de los vuelos.<\/p>\n<p>Tambi\u00e9n en la oficina de <strong>Aire Europa<\/strong> en la capital venezolana, el equipo de EFE constat\u00f3 la poca presencia de pasajeros afectados por la cancelaci\u00f3n. La \u00fanica persona que estaba en el lugar, un cliente, se neg\u00f3 a dar declaraciones por la \u201csituaci\u00f3n pa\u00eds\u201d.<\/p>\n<figure class=\"wp-block-image size-large\"><picture fetchpriority=\"high\" decoding=\"async\" class=\"wp-image-829619\"><source type=\"image\/webp\" nitro-lazy-srcset=\"https:\/\/eldiario.com\/nitropack_static\/DWpklAePbJBFiBKvuTtiGMLbtJlHUqWt\/assets\/images\/optimized\/rev-e606bed\/eldiario.com\/wp-content\/uploads\/2025\/11\/plus-ultra-1200x800.jpg.webp \" nitro-lazy-empty=\"\" id=\"ODQzOjExMw==-1\" srcset=\"data:image\/svg+xml;nitro-empty-id=ODQzOjExMw==-1;base64,PHN2ZyB2aWV3Qm94PSIwIDAgMTIwMCA4MDAiIHdpZHRoPSIxMjAwIiBoZWlnaHQ9IjgwMCIgeG1sbnM9Imh0dHA6Ly93d3cudzMub3JnLzIwMDAvc3ZnIj48L3N2Zz4=\"\/><img fetchpriority=\"high\" width=\"1200\" height=\"800\" alt=\"Suspensi\u00f3n de vuelos internacionales hacia Venezuela impide reencuentros familiares\" src=\"https:\/\/eldiario.com\/nitropack_static\/DWpklAePbJBFiBKvuTtiGMLbtJlHUqWt\/assets\/images\/optimized\/rev-e606bed\/eldiario.com\/wp-content\/uploads\/2025\/11\/plus-ultra-1200x800.jpg\" class=\"nitro-lazy\" decoding=\"async\" nitro-lazy-empty=\"\" id=\"ODQ0OjIzOQ==-1\"\/> <\/picture><figcaption class=\"wp-element-caption\">EFE\/Ronald Rock R<\/figcaption><\/figure>\n<p>La agencia de noticias espa\u00f1ola tambi\u00e9n solicit\u00f3 informaci\u00f3n a Air Europa sobre el balance de sus pasajeros afectados por la situaci\u00f3n, pero una representante de la aerol\u00ednea en Caracas <strong>afirm\u00f3 no tener ese registro<\/strong>.<\/p>\n<p>Por su parte, en dos visitas a la oficina de Iberia en Caracas, EFE constat\u00f3 que se encontraba cerrada.<\/p>\n<h2 id=\"las-advertencias-de-venezuela-a-aerolineas-internacionales\" class=\"rb-heading-index-1-829617 wp-block-heading\"><strong>Las advertencias de Venezuela a aerol\u00edneas internacionales<\/strong><\/h2>\n<p>Este martes 25 de noviembre, el gobierno de Venezuela advirti\u00f3 que las aerol\u00edneas que cancelaron sus vuelos con origen y destino en el pa\u00eds tienen hasta las 12:00 pm del mi\u00e9rcoles 26 de noviembre para reanudar sus operaciones, porque en caso contrario revocar\u00e1n sus permisos de \u201cvuelo permanente\u201d.<\/p>\n<p>Desde el s\u00e1bado y hasta este martes, varias aerol\u00edneas han cancelado sus viajes, como la portuguesa <strong>GRIFO<\/strong>la colombiana <strong>avianca<\/strong>la brasile\u00f1a <strong>gol<\/strong>la suramericana <strong>Latinoam\u00e9rica<\/strong> y la turca <strong>Aerol\u00edneas turcas<\/strong>adem\u00e1s de las espa\u00f1olas <strong>Aire Europa<\/strong>, <strong>ib\u00e9rica<\/strong> y <strong>M\u00e1s Ultra<\/strong>.<\/p>\n<p>Por su parte, las aerol\u00edneas <strong>Copa<\/strong>, <strong>Wingo<\/strong>, <strong>Boliviana de Aviaci\u00f3n<\/strong> y <strong>Sat\u00edn<\/strong> mantienen sus operaciones activas.<\/p>\n<figure class=\"wp-block-image size-large\"><picture loading=\"lazy\" decoding=\"async\" class=\"wp-image-829143\"><source type=\"image\/webp\" nitro-lazy-srcset=\"https:\/\/eldiario.com\/nitropack_static\/DWpklAePbJBFiBKvuTtiGMLbtJlHUqWt\/assets\/images\/optimized\/rev-e606bed\/eldiario.com\/wp-content\/uploads\/2025\/11\/rss-efe98a8cffc57241bbc8c261381dbd9caadacdaab82w-1-1200x800.jpg.webp \" nitro-lazy-empty=\"\" id=\"ODc1OjE1Mw==-1\" srcset=\"data:image\/svg+xml;nitro-empty-id=ODc1OjE1Mw==-1;base64,PHN2ZyB2aWV3Qm94PSIwIDAgMTIwMCA4MDAiIHdpZHRoPSIxMjAwIiBoZWlnaHQ9IjgwMCIgeG1sbnM9Imh0dHA6Ly93d3cudzMub3JnLzIwMDAvc3ZnIj48L3N2Zz4=\"\/><img loading=\"lazy\" width=\"1200\" height=\"800\" alt=\"Iberia suspendi\u00f3 sus vuelos hacia Venezuela\" src=\"https:\/\/eldiario.com\/nitropack_static\/DWpklAePbJBFiBKvuTtiGMLbtJlHUqWt\/assets\/images\/optimized\/rev-e606bed\/eldiario.com\/wp-content\/uploads\/2025\/11\/rss-efe98a8cffc57241bbc8c261381dbd9caadacdaab82w-1-1200x800.jpg\" class=\"nitro-lazy\" decoding=\"async\" nitro-lazy-empty=\"\" id=\"ODc2OjIzMw==-1\"\/> <\/picture><figcaption class=\"wp-element-caption\">Fotograf\u00eda de archivo: EFE\/J.P Gandul <\/figcaption><\/figure>\n<p>Las venezolanas Laser y Estelar informaron este martes la suspensi\u00f3n de sus vuelos con destino a Madrid <strong>hasta el 1\u00b0 de diciembre<\/strong>luego de los avisos emitidos por la <strong>Autoridad Aeron\u00e1utica de Espa\u00f1a (AESA).<\/strong><\/p>\n<p>La cancelaci\u00f3n de los itinerarios se da a conocer en medio del <strong>despliegue militar<\/strong> que mantiene Estados Unidos en el mar <strong>Caribe<\/strong> bajo el argumento de combatir el narcotr\u00e1fico, aunque el gobierno de Maduro cree que es un intento para propiciar un cambio pol\u00edtico o un intento de invasi\u00f3n a Venezuela.<\/p>\n<p><em>Este contenido incluye informaci\u00f3n suministrada por la Agencia EFE. Editado, verificado y contextualizado por el equipo editorial de El Diario. Conoce nuestra pol\u00edtica sobre el uso de contenidos de EFE <\/em><strong><em>aqu\u00ed<\/em><\/strong><em>.<\/em><\/p>\n<\/p><\/div>\n\n","protected":false},"excerpt":{"rendered":"<p>Una madre e hija vieron frustrados sus reencuentros familiares luego de que no pudieran abordar sus vuelos hacia Venezuela con las aerol\u00edneas espa\u00f1olas Plus Ultra e Iberiarespectivamente, debido a la cancelaci\u00f3n de viajes hacia el pa\u00eds ante un aviso de la Administraci\u00f3n Federal de Aviaci\u00f3n de EE UU que insta a las compa\u00f1\u00edas comerciales a &hellip;<\/p>\n","protected":false},"author":1,"featured_media":51388,"comment_status":"open","ping_status":"open","sticky":false,"template":"","format":"standard","meta":{"fifu_image_url":"https:\/\/eldiario.com\/wp-content\/uploads\/2025\/11\/suspension-de-vuelos.jpg","fifu_image_alt":"","footnotes":""},"categories":[13],"tags":[],"class_list":["post-51386","post","type-post","status-publish","format-standard","has-post-thumbnail","","category-mundo"],"_links":{"self":[{"href":"https:\/\/noticiasveraces.com\/index.php?rest_route=\/wp\/v2\/posts\/51386","targetHints":{"allow":["GET"]}}],"collection":[{"href":"https:\/\/noticiasveraces.com\/index.php?rest_route=\/wp\/v2\/posts"}],"about":[{"href":"https:\/\/noticiasveraces.com\/index.php?rest_route=\/wp\/v2\/types\/post"}],"author":[{"embeddable":true,"href":"https:\/\/noticiasveraces.com\/index.php?rest_route=\/wp\/v2\/users\/1"}],"replies":[{"embeddable":true,"href":"https:\/\/noticiasveraces.com\/index.php?rest_route=%2Fwp%2Fv2%2Fcomments&post=51386"}],"version-history":[{"count":0,"href":"https:\/\/noticiasveraces.com\/index.php?rest_route=\/wp\/v2\/posts\/51386\/revisions"}],"wp:featuredmedia":[{"embeddable":true,"href":"https:\/\/noticiasveraces.com\/index.php?rest_route=\/wp\/v2\/media\/51388"}],"wp:attachment":[{"href":"https:\/\/noticiasveraces.com\/index.php?rest_route=%2Fwp%2Fv2%2Fmedia&parent=51386"}],"wp:term":[{"taxonomy":"category","embeddable":true,"href":"https:\/\/noticiasveraces.com\/index.php?rest_route=%2Fwp%2Fv2%2Fcategories&post=51386"},{"taxonomy":"post_tag","embeddable":true,"href":"https:\/\/noticiasveraces.com\/index.php?rest_route=%2Fwp%2Fv2%2Ftags&post=51386"}],"curies":[{"name":"wp","href":"https:\/\/api.w.org\/{rel}","templated":true}]}}