{"id":51361,"date":"2025-11-25T19:42:08","date_gmt":"2025-11-25T23:42:08","guid":{"rendered":"https:\/\/noticiasveraces.com\/?p=51361"},"modified":"2025-11-25T19:42:08","modified_gmt":"2025-11-25T23:42:08","slug":"hernan-torres-exploto-incomodo-momento-en-presentacion-de-ariel-michaloutsos-fuerte-cruce-curiosidades-de-futbol","status":"publish","type":"post","link":"https:\/\/noticiasveraces.com\/?p=51361","title":{"rendered":"Hern\u00e1n Torres explot\u00f3: inc\u00f3modo momento en presentaci\u00f3n de Ariel Michaloutsos | Fuerte cruce | Curiosidades de f\u00fatbol"},"content":{"rendered":"<p> \n<br \/><img decoding=\"async\" src=\"https:\/\/www.futbolred.com\/files\/article_graphic\/uploads\/2025\/11\/25\/692622f7dc923.jpeg\" \/><\/p>\n<div id=\"cuerpoArticulo\">\n<p class=\"texto intro cnx-companion-firstparagraph\" id=\"pnull-m194-193-195\">Millonarios present\u00f3 este martes 25 de noviembre a su nuevo director deportivo, el argentino Ariel Michaloutsos, quien jugar\u00e1 un papel muy importante en la restructuraci\u00f3n deportiva del club bogotano, de cara al proyecto del 2026.<\/p>\n<p>El presidente Enrique Camacho, y el t\u00e9cnico Hern\u00e1n Torres, acompa\u00f1aron a Michaloutsos en su presentaci\u00f3n; pero hubo un tenso momento en el que el entrenador colombiano reaccion\u00f3 a las declaraciones del argentino.<\/p>\n<p>Hubo tensi\u00f3n en la rueda de prensa, despu\u00e9s de que al nuevo director deportivo le preguntaran sobre el poder de decisi\u00f3n que tendr\u00e1 Michaloutsos en la consecuci\u00f3n de nuevos fichajes y otros temas para el afianzamiento de su idea.<\/p>\n<p class=\"texto contenido-parrafo-articulo cnx-companion-paragraph\" id=\"pnull-m206-2-207\">\u201cMe gusta la organizaci\u00f3n de Millonarios, pero no soy el due\u00f1o y no hago o deshago lo que quiero. Gustavo Serpa cree en la autonom\u00eda al igual que yo, y creo que se deben tomar decisiones. Pero siempre deben estar avaladas por la gente que responde en el club, que hace muchos a\u00f1os son los que dirimen el destino del club\u201d, coment\u00f3 Michaloutsos.<\/p>\n<p>El argentino agreg\u00f3: \u201cCreo en la elecci\u00f3n de futbolistas, fundamentadas en un estudio del jugador, y considero que hay que decidir conjuntamente con la junta directiva. Seguiremos ese camino\u201d.<\/p>\n<p>As\u00ed, Hern\u00e1n Torres reaccion\u00f3, agarr\u00f3 el micr\u00f3fono y quiso agregar algo para que quedara muy claro: \u201cY con mi decisi\u00f3n\u201d, apunt\u00f3 el DT, que tal vez se sinti\u00f3 excluido por el director deportivo.<\/p>\n<div id=\"pnull-m260-3-261\" class=\"\">\n<blockquote class=\"twitter-tweet\" data-media-max-width=\"560\">\n<p lang=\"es\" dir=\"ltr\">\u00bfTenso ambiente en Millonarios? \ud83d\ude2c\u26bd<\/p>\n<p>Durante la presentaci\u00f3n del nuevo director deportivo, Ariel Michaloutsos, se vivi\u00f3 un momento inc\u00f3modo con el entrenador Hern\u00e1n Torres que encendi\u00f3 las alarmas entre los hinchas. <a href=\"https:\/\/t.co\/73OBLkKbSZ\">pic.twitter.com\/73OBLkKbSZ<\/a><\/p>\n<p>\u2014 Gol Caracol (@GolCaracol) <a href=\"https:\/\/twitter.com\/GolCaracol\/status\/1993394259198652751?ref_src=twsrc%5Etfw\">25 de noviembre de 2025<\/a><\/p><\/blockquote><\/div>\n<p class=\"texto contenido-parrafo-articulo cnx-companion-paragraph\" id=\"pnull-m252-3-253\">\u00bfSe molest\u00f3 el director t\u00e9cnico con Michaloutsos?<\/p>\n<p><iframe loading=\"lazy\" title=\"Rueda de prensa Millonarios FC \ud83d\udd35\ud83c\udf99\" width=\"618\" height=\"348\" src=\"https:\/\/www.youtube.com\/embed\/iq_AULStSJs?feature=oembed\" frameborder=\"0\" allow=\"accelerometer; autoplay; clipboard-write; encrypted-media; gyroscope; picture-in-picture; web-share\" referrerpolicy=\"strict-origin-when-cross-origin\" allowfullscreen><\/iframe><\/p>\n<\/div>\n<p><script async src=\"https:\/\/platform.twitter.com\/widgets.js\" charset=\"utf-8\"><\/script><br \/>\n<br \/>\n","protected":false},"excerpt":{"rendered":"<p>Millonarios present\u00f3 este martes 25 de noviembre a su nuevo director deportivo, el argentino Ariel Michaloutsos, quien jugar\u00e1 un papel muy importante en la restructuraci\u00f3n deportiva del club bogotano, de cara al proyecto del 2026. El presidente Enrique Camacho, y el t\u00e9cnico Hern\u00e1n Torres, acompa\u00f1aron a Michaloutsos en su presentaci\u00f3n; pero hubo un tenso momento &hellip;<\/p>\n","protected":false},"author":1,"featured_media":51363,"comment_status":"open","ping_status":"open","sticky":false,"template":"","format":"standard","meta":{"fifu_image_url":"https:\/\/www.futbolred.com\/files\/og_thumbnail\/uploads\/2025\/11\/25\/692622f7dc923.jpeg","fifu_image_alt":"","footnotes":""},"categories":[6],"tags":[],"class_list":["post-51361","post","type-post","status-publish","format-standard","has-post-thumbnail","","category-deportes"],"_links":{"self":[{"href":"https:\/\/noticiasveraces.com\/index.php?rest_route=\/wp\/v2\/posts\/51361","targetHints":{"allow":["GET"]}}],"collection":[{"href":"https:\/\/noticiasveraces.com\/index.php?rest_route=\/wp\/v2\/posts"}],"about":[{"href":"https:\/\/noticiasveraces.com\/index.php?rest_route=\/wp\/v2\/types\/post"}],"author":[{"embeddable":true,"href":"https:\/\/noticiasveraces.com\/index.php?rest_route=\/wp\/v2\/users\/1"}],"replies":[{"embeddable":true,"href":"https:\/\/noticiasveraces.com\/index.php?rest_route=%2Fwp%2Fv2%2Fcomments&post=51361"}],"version-history":[{"count":0,"href":"https:\/\/noticiasveraces.com\/index.php?rest_route=\/wp\/v2\/posts\/51361\/revisions"}],"wp:featuredmedia":[{"embeddable":true,"href":"https:\/\/noticiasveraces.com\/index.php?rest_route=\/wp\/v2\/media\/51363"}],"wp:attachment":[{"href":"https:\/\/noticiasveraces.com\/index.php?rest_route=%2Fwp%2Fv2%2Fmedia&parent=51361"}],"wp:term":[{"taxonomy":"category","embeddable":true,"href":"https:\/\/noticiasveraces.com\/index.php?rest_route=%2Fwp%2Fv2%2Fcategories&post=51361"},{"taxonomy":"post_tag","embeddable":true,"href":"https:\/\/noticiasveraces.com\/index.php?rest_route=%2Fwp%2Fv2%2Ftags&post=51361"}],"curies":[{"name":"wp","href":"https:\/\/api.w.org\/{rel}","templated":true}]}}