{"id":51330,"date":"2025-11-25T16:56:52","date_gmt":"2025-11-25T20:56:52","guid":{"rendered":"https:\/\/noticiasveraces.com\/?p=51330"},"modified":"2025-11-25T16:56:52","modified_gmt":"2025-11-25T20:56:52","slug":"por-que-preocupa-la-presencia-de-la-secta-lev-tahor-en-colombia","status":"publish","type":"post","link":"https:\/\/noticiasveraces.com\/?p=51330","title":{"rendered":"\u00bfPor qu\u00e9 preocupa la presencia de la secta Lev Tahor en Colombia?"},"content":{"rendered":"<p> \n<\/p>\n<div data-article-content=\"\">\n<div class=\"t-content__main-media\" data-media-video-179928ce-927b-4dde-9d39-522f2f19a6b7=\"\" data-wrapper-video-player=\"\" data-show-hidden-video-player=\"179928CE-927B-4DDE-9D39-522F2F19A6B7\" data-autoplay-video-link=\"\" data-youtube-script=\"\">\n<div class=\"o-em-consent \">\n<div class=\"o-em-consent__content\">\n<p class=\"o-em-consent__content__text\">Para mostrar este contenido de YouTube, debe autorizar las cookies de medici\u00f3n de audiencia y publicidad.<\/p>\n<p>        <button class=\"a-master-button a-master-button--dark\" data-action=\"accept\">Aceptar<i class=\"a-svg a-svg--icon-check\"\/><\/button><br \/>\n        <button class=\"a-link\" data-action=\"manage\">Gestionar mis opciones<i class=\"a-svg a-svg--icon-edit\"\/><\/button>\n    <\/div>\n<\/div>\n<div class=\"o-em-adblock\" data-adblock-content=\"\">\n<div class=\"o-em-adblock__content\">\n<p class=\"o-em-adblock__content__text\">Una extensi\u00f3n de tu navegador parece estar bloqueando la carga del reproductor de video. Para poder ver este contenido, debes desactivarla en este sitio.<\/p>\n<p>            <button class=\"a-master-button a-master-button--dark\" data-action=\"reload\">Reintentar<\/button>\n    <\/div>\n<\/div>\n<figure class=\"m-item-image m-item-image--16x9 m-item-image--has-caption\">\n<picture class=\"a-picture a-picture--16x9\"><source type=\"image\/webp\" srcset=\"https:\/\/s.france24.com\/media\/display\/aa975100-ca32-11f0-b7c8-005056a90284\/w:388\/p:16x9\/Migraci%C3%B3n.webp 388w,https:\/\/s.france24.com\/media\/display\/aa975100-ca32-11f0-b7c8-005056a90284\/w:720\/p:16x9\/Migraci%C3%B3n.webp 720w,https:\/\/s.france24.com\/media\/display\/aa975100-ca32-11f0-b7c8-005056a90284\/w:1024\/p:16x9\/Migraci%C3%B3n.webp 1024w,https:\/\/s.france24.com\/media\/display\/aa975100-ca32-11f0-b7c8-005056a90284\/w:1280\/p:16x9\/Migraci%C3%B3n.webp 1280w\" sizes=\"(max-width: 1076px) 100vw, 1012px\"><img decoding=\"async\" fetchpriority=\"high\" src=\"https:\/\/s.france24.com\/media\/display\/aa975100-ca32-11f0-b7c8-005056a90284\/w:1280\/p:16x9\/Migraci%C3%B3n.jfif\" srcset=\"https:\/\/s.france24.com\/media\/display\/aa975100-ca32-11f0-b7c8-005056a90284\/w:388\/p:16x9\/Migraci%C3%B3n.jfif 388w,https:\/\/s.france24.com\/media\/display\/aa975100-ca32-11f0-b7c8-005056a90284\/w:720\/p:16x9\/Migraci%C3%B3n.jfif 720w,https:\/\/s.france24.com\/media\/display\/aa975100-ca32-11f0-b7c8-005056a90284\/w:1024\/p:16x9\/Migraci%C3%B3n.jfif 1024w,https:\/\/s.france24.com\/media\/display\/aa975100-ca32-11f0-b7c8-005056a90284\/w:1280\/p:16x9\/Migraci%C3%B3n.jfif 1280w\" sizes=\"(max-width: 1076px) 100vw, 1012px\" width=\"1280\" height=\"720\" alt=\"17 ni\u00f1os ni\u00f1as y adolescentes de la secta jud\u00edo ortoxa Lev Tahor. Cinco de ellos ten\u00edan circular amarilla de INTERPOL. 25 de noviembre de 2025\" loading=\"eager\" class=\"a-img \"\/><\/source><\/picture><figcaption class=\"a-figcaption\">\n                <span>17 ni\u00f1os ni\u00f1as y adolescentes de la secta jud\u00edo ortoxa Lev Tahor. Cinco de ellos ten\u00edan circular amarilla de INTERPOL. 25 de noviembre de 2025<\/span>                <span>\u00a9 Migraci\u00f3n Colombia<\/span>            <\/figcaption><\/figure>\n<\/p><\/div>\n<div class=\"t-content__metadata\">\n<div class=\"t-content__dates\">\n<p class=\"m-pub-dates\"><span class=\"m-pub-dates__date\">Primera modificaci\u00f3n: <time datetime=\"2025-11-25T20:14:38+00:00\" pubdate=\"pubdate\">25\/11\/2025 &#8211; 21:14<\/time><\/span><\/p>\n<\/p><\/div>\n<p>\n                            <span class=\"a-svg a-svg--icon-replay\"\/><\/p>\n<p>                            07:40 minutos\n                        <\/p>\n<\/p><\/div>\n<p>Viene del show<\/p>\n<p>                        <i class=\"a-svg a-svg--icon-caret-right\"\/><\/p>\n<picture class=\"a-picture a-picture--original\">\n    <img decoding=\"async\" fetchpriority=\"low\" src=\"https:\/\/s.france24.com\/media\/display\/e2e4c82a-57f1-11f0-957f-005056a97e36\/ES-En-contexto-1.svg\" srcset=\"https:\/\/s.france24.com\/media\/display\/e2e4c82a-57f1-11f0-957f-005056a97e36\/ES-En-contexto-1.svg\" alt=\"En Contexto\" loading=\"lazy\" class=\"a-img  a-img--svg\"\/><\/picture>\n<p>\n                        <span class=\"a-svg a-svg--icon-clock\"\/><br \/>\n                        <span class=\"t-content__reading-time__label\">Tiempo de lectura<\/span><br \/>\n                        1 minuto<\/p>\n<p class=\"t-content__chapo\">\n<p>                                                M\u00e1s de 15 ni\u00f1os fueron rescatados de la secta ultraortodoxa jud\u00eda Lev Tahor, en un operativo en la regi\u00f3n de Antioquia, Colombia. Las autoridades se\u00f1alaron que hay indicios de que intenta establecer una colonia en el pa\u00eds. Hay preocupaci\u00f3n por el historial de cr\u00edmenes que han dejado por su paso por varios pa\u00edses, sobre todo, contra ni\u00f1os, ni\u00f1as y adolescentes. Sus l\u00edderes han sido sentenciados por secuestro, abusos y otros delitos. Fundado en Israel, el grup\u00f3 ha pasado por Canad\u00e1, Estados Unidos, M\u00e9xico y Guatemala huyendo de las investigaciones judiciales en su contra.                    <\/p>\n<\/p><\/div>\n\n","protected":false},"excerpt":{"rendered":"<p>Para mostrar este contenido de YouTube, debe autorizar las cookies de medici\u00f3n de audiencia y publicidad. Aceptar Gestionar mis opciones Una extensi\u00f3n de tu navegador parece estar bloqueando la carga del reproductor de video. Para poder ver este contenido, debes desactivarla en este sitio. Reintentar 17 ni\u00f1os ni\u00f1as y adolescentes de la secta jud\u00edo ortoxa &hellip;<\/p>\n","protected":false},"author":1,"featured_media":51331,"comment_status":"open","ping_status":"open","sticky":false,"template":"","format":"standard","meta":{"fifu_image_url":"https:\/\/s.france24.com\/media\/display\/aa975100-ca32-11f0-b7c8-005056a90284\/w:1280\/p:16x9\/Migraci%C3%B3n.jpg","fifu_image_alt":"","footnotes":""},"categories":[13],"tags":[],"class_list":["post-51330","post","type-post","status-publish","format-standard","has-post-thumbnail","","category-mundo"],"_links":{"self":[{"href":"https:\/\/noticiasveraces.com\/index.php?rest_route=\/wp\/v2\/posts\/51330","targetHints":{"allow":["GET"]}}],"collection":[{"href":"https:\/\/noticiasveraces.com\/index.php?rest_route=\/wp\/v2\/posts"}],"about":[{"href":"https:\/\/noticiasveraces.com\/index.php?rest_route=\/wp\/v2\/types\/post"}],"author":[{"embeddable":true,"href":"https:\/\/noticiasveraces.com\/index.php?rest_route=\/wp\/v2\/users\/1"}],"replies":[{"embeddable":true,"href":"https:\/\/noticiasveraces.com\/index.php?rest_route=%2Fwp%2Fv2%2Fcomments&post=51330"}],"version-history":[{"count":0,"href":"https:\/\/noticiasveraces.com\/index.php?rest_route=\/wp\/v2\/posts\/51330\/revisions"}],"wp:featuredmedia":[{"embeddable":true,"href":"https:\/\/noticiasveraces.com\/index.php?rest_route=\/wp\/v2\/media\/51331"}],"wp:attachment":[{"href":"https:\/\/noticiasveraces.com\/index.php?rest_route=%2Fwp%2Fv2%2Fmedia&parent=51330"}],"wp:term":[{"taxonomy":"category","embeddable":true,"href":"https:\/\/noticiasveraces.com\/index.php?rest_route=%2Fwp%2Fv2%2Fcategories&post=51330"},{"taxonomy":"post_tag","embeddable":true,"href":"https:\/\/noticiasveraces.com\/index.php?rest_route=%2Fwp%2Fv2%2Ftags&post=51330"}],"curies":[{"name":"wp","href":"https:\/\/api.w.org\/{rel}","templated":true}]}}