{"id":51321,"date":"2025-11-25T13:17:59","date_gmt":"2025-11-25T17:17:59","guid":{"rendered":"https:\/\/noticiasveraces.com\/?p=51321"},"modified":"2025-11-25T13:17:59","modified_gmt":"2025-11-25T17:17:59","slug":"marcha-de-los-simbolos-patrios-partira-desde-zona-rental-hasta-los-proceres","status":"publish","type":"post","link":"https:\/\/noticiasveraces.com\/?p=51321","title":{"rendered":"Marcha de los s\u00edmbolos patrios partir\u00e1 desde Zona Rental hasta Los Pr\u00f3ceres"},"content":{"rendered":"<p> \n<\/p>\n<div data-td-block-uid=\"tdi_109\">\n<div class=\"tdb-block-inner td-fix-index\">\n<p>Todo est\u00e1 listo para que hoy se lleve a cabo la gran movilizaci\u00f3n, convocada por el Partido Socialista Unido de Venezuela (Psuv), para honrar los s\u00edmbolos patrios, la cual partir\u00e1 desde Zona Rental en Plaza Venezuela, pasando por las estaciones del metro Ciudad Universitaria (UCV) y Los S\u00edmbolos hasta llegar al Patio de Honor de las Academias en Los Pr\u00f3ceres, Caracas.<\/p>\n<p>La actividad fue convocada por el secretario general del Psuv, Diosdado Cabello, quien precis\u00f3 que la marcha tendr\u00e1 \u00ab2 ejes simb\u00f3licos, la bandera tricolor de 8 estrellas y la espada del Libertador Sim\u00f3n Bol\u00edvar, s\u00edmbolo del antiimperialismo\u00bb.<\/p>\n<p>En el resto del pa\u00eds, las actividades se desplegar\u00e1n en plazas, avenidas y espacios comunitarios, con la participaci\u00f3n de movimientos sociales, instituciones y colectivos culturales.<\/p>\n<p>El objetivo es reafirmar la identidad nacional y la\u00a0defensa de la independencia\u00a0frente a las\u00a0agresiones\u00a0del\u00a0imperialismo\u00a0estadounidense.<\/p>\n<p>La convocatoria incluye actos culturales y concentraciones simult\u00e1neas, en las que se espera una amplia participaci\u00f3n ciudadana. Vale destacar que la\u00a0bandera\u00a0y la\u00a0espada\u00a0se presentar\u00e1n como\u00a0s\u00edmbolos\u00a0de unidad y continuidad hist\u00f3rica.<\/p>\n<\/div>\n<\/div>\n\n","protected":false},"excerpt":{"rendered":"<p>Todo est\u00e1 listo para que hoy se lleve a cabo la gran movilizaci\u00f3n, convocada por el Partido Socialista Unido de Venezuela (Psuv), para honrar los s\u00edmbolos patrios, la cual partir\u00e1 desde Zona Rental en Plaza Venezuela, pasando por las estaciones del metro Ciudad Universitaria (UCV) y Los S\u00edmbolos hasta llegar al Patio de Honor de &hellip;<\/p>\n","protected":false},"author":1,"featured_media":51322,"comment_status":"open","ping_status":"open","sticky":false,"template":"","format":"standard","meta":{"fifu_image_url":"https:\/\/ultimasnoticias.com.ve\/wp-content\/uploads\/2025\/10\/WhatsApp-Image-2025-10-06-at-5.42.48-PM-4.jpeg","fifu_image_alt":"","footnotes":""},"categories":[13],"tags":[],"class_list":["post-51321","post","type-post","status-publish","format-standard","has-post-thumbnail","","category-mundo"],"_links":{"self":[{"href":"https:\/\/noticiasveraces.com\/index.php?rest_route=\/wp\/v2\/posts\/51321","targetHints":{"allow":["GET"]}}],"collection":[{"href":"https:\/\/noticiasveraces.com\/index.php?rest_route=\/wp\/v2\/posts"}],"about":[{"href":"https:\/\/noticiasveraces.com\/index.php?rest_route=\/wp\/v2\/types\/post"}],"author":[{"embeddable":true,"href":"https:\/\/noticiasveraces.com\/index.php?rest_route=\/wp\/v2\/users\/1"}],"replies":[{"embeddable":true,"href":"https:\/\/noticiasveraces.com\/index.php?rest_route=%2Fwp%2Fv2%2Fcomments&post=51321"}],"version-history":[{"count":0,"href":"https:\/\/noticiasveraces.com\/index.php?rest_route=\/wp\/v2\/posts\/51321\/revisions"}],"wp:featuredmedia":[{"embeddable":true,"href":"https:\/\/noticiasveraces.com\/index.php?rest_route=\/wp\/v2\/media\/51322"}],"wp:attachment":[{"href":"https:\/\/noticiasveraces.com\/index.php?rest_route=%2Fwp%2Fv2%2Fmedia&parent=51321"}],"wp:term":[{"taxonomy":"category","embeddable":true,"href":"https:\/\/noticiasveraces.com\/index.php?rest_route=%2Fwp%2Fv2%2Fcategories&post=51321"},{"taxonomy":"post_tag","embeddable":true,"href":"https:\/\/noticiasveraces.com\/index.php?rest_route=%2Fwp%2Fv2%2Ftags&post=51321"}],"curies":[{"name":"wp","href":"https:\/\/api.w.org\/{rel}","templated":true}]}}