{"id":51312,"date":"2025-11-25T12:15:02","date_gmt":"2025-11-25T16:15:02","guid":{"rendered":"https:\/\/noticiasveraces.com\/?p=51312"},"modified":"2025-11-25T12:15:02","modified_gmt":"2025-11-25T16:15:02","slug":"instalaron-tarimas-y-cerraron-calles-en-caracas-por-marcha-oficialista-el-diario-venezuela","status":"publish","type":"post","link":"https:\/\/noticiasveraces.com\/?p=51312","title":{"rendered":"Instalaron tarimas y cerraron calles en Caracas por marcha oficialista &#8211; El Diario Venezuela"},"content":{"rendered":"<p> \n<\/p>\n<div>\n<p>El Partido Socialista Unidos de Venezuela (PSUV) convoca <strong>una marcha para este martes 25 de noviembre en <\/strong><strong>Caracas<\/strong>por lo que las autoridades cerraron el acceso a varias zonas de la ciudad por la instalaci\u00f3n de tarimas para la concentraci\u00f3n. <\/p>\n<p>Usuarios de redes sociales reportaron la instalaci\u00f3n de tarimas en<strong> la plaza Los S\u00edmbolos<\/strong>, <strong>paseo Los Ilustres<\/strong>,<strong> monumentos de Los Precursores<\/strong> y en la llegada de la<strong> Academia Militar<\/strong>. <\/p>\n<p>Asimismo, se registr\u00f3 el cierre del <strong>acceso a Plaza Venezuela <\/strong>desde la <strong>autopista Gran Cacique Guaicaipuro<\/strong> (antes Francisco Fajardo). <\/p>\n<p>De acuerdo con la convocatoria difundida por voceros del gobierno, <strong>la marcha comenzar\u00e1 a las 1:00 pm en el sector de Zona Rental <\/strong>y est\u00e1 previsto que finalice en la Academia Militar de Fuerte Tiuna. <\/p>\n<p>Asimismo, han detallado que se trata de una movilizaci\u00f3n c\u00edvico, militar y policial en \u201cdefensa de la bandera nacional y la soberan\u00eda de Venezuela\u201d. Asimismo, el PSUV calific\u00f3 la convocatoria como un movimiento \u201cantiimperialista\u201d en respuesta al despliegue militar de Estados Unidos en el Caribe. <\/p>\n<h2 class=\"wp-block-heading\" id=\"h-despliegue-militar-estadounidense-en-el-caribe-nbsp\"><strong>Despliegue militar estadounidense en el Caribe <\/strong><\/h2>\n<p>Estados Unidos ha reforzado en los \u00faltimos meses su presencia militar en el Caribe y en el Pac\u00edfico latinoamericano con buques, aviones de combate y fuerzas especiales, en medio <strong>de crecientes tensiones con Venezuela<\/strong>en un despliegue que la administraci\u00f3n de Donald Trump enmarca en su iniciativa Lanza del Sur y en la lucha contra el narcotr\u00e1fico.<\/p>\n<figure class=\"wp-block-image size-large\"><picture fetchpriority=\"high\" decoding=\"async\" class=\"wp-image-829077\"><source type=\"image\/webp\" nitro-lazy-srcset=\"https:\/\/eldiario.com\/nitropack_static\/DWpklAePbJBFiBKvuTtiGMLbtJlHUqWt\/assets\/images\/optimized\/rev-e606bed\/eldiario.com\/wp-content\/uploads\/2025\/11\/ced8a33313dcaad746c8e4b4aa8bb065-1-1200x800.jpg.webp \" nitro-lazy-empty=\"\" id=\"ODQxOjEzNw==-1\" srcset=\"data:image\/svg+xml;nitro-empty-id=ODQxOjEzNw==-1;base64,PHN2ZyB2aWV3Qm94PSIwIDAgMTIwMCA4MDAiIHdpZHRoPSIxMjAwIiBoZWlnaHQ9IjgwMCIgeG1sbnM9Imh0dHA6Ly93d3cudzMub3JnLzIwMDAvc3ZnIj48L3N2Zz4=\"\/><img fetchpriority=\"high\" width=\"1200\" height=\"800\" alt=\"C\u00f3mo ha sido el despligue militar de EE UU en el Caribe y el Pac\u00edfico: bases, armas y aliados\" src=\"https:\/\/eldiario.com\/nitropack_static\/DWpklAePbJBFiBKvuTtiGMLbtJlHUqWt\/assets\/images\/optimized\/rev-e606bed\/eldiario.com\/wp-content\/uploads\/2025\/11\/ced8a33313dcaad746c8e4b4aa8bb065-1-1200x800.jpg\" class=\"nitro-lazy\" decoding=\"async\" nitro-lazy-empty=\"\" id=\"ODQyOjI3NA==-1\"\/> <\/picture><figcaption class=\"wp-element-caption\">Foto: EFE<\/figcaption><\/figure>\n<p>Desde agosto, el mar Caribe y la entrada al Pac\u00edfico oriental se han convertido en escenario de una <strong>expansi\u00f3n militar estadounidense <\/strong>que incluye destructores de misiles guiados, submarinos de ataque nuclear, aeronaves F-35, helic\u00f3pteros de ataque, <strong>aerodeslizadores anfibios<\/strong>drones de vigilancia y tropas destinadas, seg\u00fan Washington, a operaciones de vigilancia e interdicci\u00f3n del narcotr\u00e1fico.<\/p>\n<p>De acuerdo con un an\u00e1lisis del Centro de Estudios Estrat\u00e9gicos e Internacionales (CSIS), la flota inicial en el sur del Caribe estuvo compuesta por <strong>destructores clase Arleigh Burke<\/strong>barcos anfibios de desembarco, un submarino r\u00e1pido de ataque y aeronaves F-35, adem\u00e1s del empleo de drones MQ-9.<\/p>\n<p>El CSIS tambi\u00e9n apunta que el n\u00famero total de tropas estadounidenses proyectado podr\u00eda alcanzar decenas de miles,<strong> lo que convertir\u00eda esta operaci\u00f3n en la mayor presencia militar de EE UU en la regi\u00f3n en d\u00e9cadas<\/strong>algo que no se ve\u00eda desde las guerras estadounidenses en Oriente Medio.<\/p>\n<p>Entre agosto y octubre, la cifra de buques desplegados pas\u00f3 de dos o tres a unas 10 unidades \u2014incluidos destructores, barcos anfibios y submarinos\u2014, y con la llegada del portaaviones USS Gerald R. Ford el movimiento naval pr\u00e1cticamente se duplic\u00f3 respecto al nivel previo.<\/p>\n<p><strong>M\u00e1s de 2.200 marines han sido movilizados desde agosto y diez aviones F-35 aterrizaron en Puerto Rico<\/strong> en septiembre junto a cientos de militares de apoyo, con lo que para octubre se contabilizaban al menos 10.000 tropas estadounidenses desplegadas en el Caribe. Tambi\u00e9n se estima que unos 170 misiles Tomahawk est\u00e1n listos para ser empleados desde barcos o submarinos.<\/p>\n<\/p><\/div>\n\n","protected":false},"excerpt":{"rendered":"<p>El Partido Socialista Unidos de Venezuela (PSUV) convoca una marcha para este martes 25 de noviembre en Caracaspor lo que las autoridades cerraron el acceso a varias zonas de la ciudad por la instalaci\u00f3n de tarimas para la concentraci\u00f3n. Usuarios de redes sociales reportaron la instalaci\u00f3n de tarimas en la plaza Los S\u00edmbolos, paseo Los &hellip;<\/p>\n","protected":false},"author":1,"featured_media":51314,"comment_status":"open","ping_status":"open","sticky":false,"template":"","format":"standard","meta":{"fifu_image_url":"https:\/\/eldiario.com\/wp-content\/uploads\/2024\/04\/Redidencias-en-Caracas-Foto-Javier-Cedeno.jpg","fifu_image_alt":"","footnotes":""},"categories":[13],"tags":[],"class_list":["post-51312","post","type-post","status-publish","format-standard","has-post-thumbnail","","category-mundo"],"_links":{"self":[{"href":"https:\/\/noticiasveraces.com\/index.php?rest_route=\/wp\/v2\/posts\/51312","targetHints":{"allow":["GET"]}}],"collection":[{"href":"https:\/\/noticiasveraces.com\/index.php?rest_route=\/wp\/v2\/posts"}],"about":[{"href":"https:\/\/noticiasveraces.com\/index.php?rest_route=\/wp\/v2\/types\/post"}],"author":[{"embeddable":true,"href":"https:\/\/noticiasveraces.com\/index.php?rest_route=\/wp\/v2\/users\/1"}],"replies":[{"embeddable":true,"href":"https:\/\/noticiasveraces.com\/index.php?rest_route=%2Fwp%2Fv2%2Fcomments&post=51312"}],"version-history":[{"count":0,"href":"https:\/\/noticiasveraces.com\/index.php?rest_route=\/wp\/v2\/posts\/51312\/revisions"}],"wp:featuredmedia":[{"embeddable":true,"href":"https:\/\/noticiasveraces.com\/index.php?rest_route=\/wp\/v2\/media\/51314"}],"wp:attachment":[{"href":"https:\/\/noticiasveraces.com\/index.php?rest_route=%2Fwp%2Fv2%2Fmedia&parent=51312"}],"wp:term":[{"taxonomy":"category","embeddable":true,"href":"https:\/\/noticiasveraces.com\/index.php?rest_route=%2Fwp%2Fv2%2Fcategories&post=51312"},{"taxonomy":"post_tag","embeddable":true,"href":"https:\/\/noticiasveraces.com\/index.php?rest_route=%2Fwp%2Fv2%2Ftags&post=51312"}],"curies":[{"name":"wp","href":"https:\/\/api.w.org\/{rel}","templated":true}]}}