{"id":51303,"date":"2025-11-25T11:14:26","date_gmt":"2025-11-25T15:14:26","guid":{"rendered":"https:\/\/noticiasveraces.com\/?p=51303"},"modified":"2025-11-25T11:14:26","modified_gmt":"2025-11-25T15:14:26","slug":"activista-venezolano-que-sufrio-atentado-en-bogota-exige-claridad-no-hay-responsables-capturados","status":"publish","type":"post","link":"https:\/\/noticiasveraces.com\/?p=51303","title":{"rendered":"Activista venezolano que sufri\u00f3 atentado en Bogot\u00e1 exige claridad: \u00abNo hay responsables capturados\u00bb"},"content":{"rendered":"<p> \n<\/p>\n<div id=\"\">\n<div class=\"image-featured\">\n<img src=\"data:image\/png;base64,iVBORw0KGgoAAAANSUhEUgAABLAAAAMgAQAAAAAbm6avAAAAAnRSTlMAAHaTzTgAAACMSURBVHja7cExAQAAAMKg9U9tB2+gAAAAAAAAAAAAAAAAAAAAAAAAAAAAAAAAAAAAAAAAAAAAAAAAAAAAAAAAAAAAAAAAAAAAAAAAAAAAAAAAAAAAAAAAAAAAAAAAAAAAAAAAAAAAAAAAAAAAAAAAAAAAAAAAAAAAAAAAAAAAAAAAAAAAAAAAAAAAPgPX7wABGnGBnwAAAABJRU5ErkJggg==\" alt=\"gk6yltebzDzpebpuqqiyyqyq\" data-src=\"https:\/\/elnacional-uploads.nyc3.digitaloceanspaces.com\/wp-content\/uploads\/2025\/11\/25110933\/GK6YLTEMBZDZPEBPUQQIGEUYYQ.avif\" decoding=\"async\" class=\"lazyload\" data-eio-rwidth=\"1200\" data-eio-rheight=\"800\"\/><img decoding=\"async\" src=\"https:\/\/elnacional-uploads.nyc3.digitaloceanspaces.com\/wp-content\/uploads\/2025\/11\/25110933\/GK6YLTEMBZDZPEBPUQQIGEUYYQ.avif\" alt=\"gk6yltebzDzpebpuqqiyyqyq\" data-eio=\"l\"\/><figcaption>El atentado ocurri\u00f3 el lunes 13 de octubre, cuando\u00a0hombres armados abrieron fuego contra el activista venezolano Luis Alejandro Peche<\/figcaption><\/div>\n<p>El activista venezolano Luis Alejandro Peche exigi\u00f3 este lunes claridad sobre el atentado que sufri\u00f3 junto a su compa\u00f1ero Yendry Vel\u00e1squez hace seis semanas en Bogot\u00e1, Colombia, donde recibieron catorce disparos.<\/p>\n<p>\u00abHoy se cumplen seis semanas del atentado sufrido en Bogot\u00e1 y seguimos sin conocer mayores avances del caso. <strong>No hay responsables materiales capturados, no hay responsables intelectuales identificados<\/strong>\u00ab, afirm\u00f3 Peche en X.<\/p>\n<p>El atentado ocurri\u00f3 el lunes 13 de octubre, cuando <strong>hombres armados abrieron fuego contra ambos activistas<\/strong>quienes hab\u00edan huido de Venezuela tras denunciar persecuci\u00f3n pol\u00edtica.<\/p>\n<p><strong>Peche recibi\u00f3 seis disparos en el abdomen y las piernas,<\/strong> mientras que Vel\u00e1squez fue impactado por ocho balas en los brazos, abdomen y piernas. Ambos sobrevivieron tras someterse a cirug\u00edas de emergencia y contin\u00faan en proceso de recuperaci\u00f3n.<\/p>\n<p>Peche insisti\u00f3 en que \u00abla impunidad solo deja a cientos de activistas venezolanos con temor de ser potencialmente las pr\u00f3ximas v\u00edctimas de la represi\u00f3n transnacional\u00bb.<\/p>\n<p>\u00abHoy, afortunadamente, nosotros lo estamos contando. <strong>Los pr\u00f3ximos quiz\u00e1s no puedan hacerlo<\/strong>\u00ab, a\u00f1adi\u00f3 el activista.<\/p>\n<figure class=\"wp-block-embed is-type-rich is-provider-twitter wp-block-embed-twitter\">\n<div class=\"wp-block-embed__wrapper\">\n<blockquote class=\"twitter-tweet\" data-width=\"500\" data-dnt=\"true\">\n<p lang=\"es\" dir=\"ltr\">Hoy se cumplen seis semanas del atentado sufrido en Bogot\u00e1 y seguimos sin conocer mayores avances del caso.<\/p>\n<p>No hay responsables materiales capturados, no hay responsables intelectuales identificados. No hay nada.<\/p>\n<p>La impunidad solo deja a cientos de activistas venezolanos con\u2026<\/p>\n<p>\u2014 Luis Peche Arteaga (@LuisPecheVE) <a href=\"https:\/\/twitter.com\/LuisPecheVE\/status\/1993057535008686531?ref_src=twsrc%5Etfw\">24 de noviembre de 2025<\/a><\/p><\/blockquote><\/div>\n<\/figure>\n<p>La semana pasada, la directora adjunta de Amnist\u00eda Internacional para Venezuela, Nastassja Rojas, explic\u00f3 en una entrevista con EFE en Bogot\u00e1 que este atentado \u00abconfirm\u00f3 la vulnerabilidad extrema de quienes huyen y no encuentran protecci\u00f3n adecuada al cruzar la frontera\u00bb.<\/p>\n<p>\u00abLo que m\u00e1s nos preocupa es que en el \u00faltimo a\u00f1o esas expresiones de xenofobia y discriminaci\u00f3n tambi\u00e9n est\u00e1n viniendo desde los gobiernos\u00bb, critic\u00f3 Rojas, quien subray\u00f3 el aumento de la persecuci\u00f3n a activistas, sindicalistas y periodistas venezolanos, especialmente desde las elecciones presidenciales de Venezuela de 2024.<\/p>\n<p>Este ataque en Bogot\u00e1 gener\u00f3 un fuerte revuelo medi\u00e1tico en Colombia, el mayor receptor del mundo de migrantes venezolanos, con 2,8 millones.<\/p>\n<p>La l\u00edder opositora venezolana Mar\u00eda Corina Machado conden\u00f3 el atentado y pidi\u00f3 al Gobierno del presidente colombiano, Gustavo Petro, \u00abuna investigaci\u00f3n exhaustiva, transparente y urgente\u00bb, tambi\u00e9n a trav\u00e9s de X. <\/p>\n<\/div>\n<p><script async src=\"https:\/\/platform.twitter.com\/widgets.js\" charset=\"utf-8\"><\/script><br \/>\n<br \/>\n","protected":false},"excerpt":{"rendered":"<p>El atentado ocurri\u00f3 el lunes 13 de octubre, cuando\u00a0hombres armados abrieron fuego contra el activista venezolano Luis Alejandro Peche El activista venezolano Luis Alejandro Peche exigi\u00f3 este lunes claridad sobre el atentado que sufri\u00f3 junto a su compa\u00f1ero Yendry Vel\u00e1squez hace seis semanas en Bogot\u00e1, Colombia, donde recibieron catorce disparos. \u00abHoy se cumplen seis semanas &hellip;<\/p>\n","protected":false},"author":1,"featured_media":51305,"comment_status":"open","ping_status":"open","sticky":false,"template":"","format":"standard","meta":{"fifu_image_url":"https:\/\/elnacional-uploads.nyc3.digitaloceanspaces.com\/wp-content\/uploads\/2025\/05\/12084433\/elnacional-site-image-1200x675-1-1.png","fifu_image_alt":"","footnotes":""},"categories":[13],"tags":[],"class_list":["post-51303","post","type-post","status-publish","format-standard","has-post-thumbnail","","category-mundo"],"_links":{"self":[{"href":"https:\/\/noticiasveraces.com\/index.php?rest_route=\/wp\/v2\/posts\/51303","targetHints":{"allow":["GET"]}}],"collection":[{"href":"https:\/\/noticiasveraces.com\/index.php?rest_route=\/wp\/v2\/posts"}],"about":[{"href":"https:\/\/noticiasveraces.com\/index.php?rest_route=\/wp\/v2\/types\/post"}],"author":[{"embeddable":true,"href":"https:\/\/noticiasveraces.com\/index.php?rest_route=\/wp\/v2\/users\/1"}],"replies":[{"embeddable":true,"href":"https:\/\/noticiasveraces.com\/index.php?rest_route=%2Fwp%2Fv2%2Fcomments&post=51303"}],"version-history":[{"count":0,"href":"https:\/\/noticiasveraces.com\/index.php?rest_route=\/wp\/v2\/posts\/51303\/revisions"}],"wp:featuredmedia":[{"embeddable":true,"href":"https:\/\/noticiasveraces.com\/index.php?rest_route=\/wp\/v2\/media\/51305"}],"wp:attachment":[{"href":"https:\/\/noticiasveraces.com\/index.php?rest_route=%2Fwp%2Fv2%2Fmedia&parent=51303"}],"wp:term":[{"taxonomy":"category","embeddable":true,"href":"https:\/\/noticiasveraces.com\/index.php?rest_route=%2Fwp%2Fv2%2Fcategories&post=51303"},{"taxonomy":"post_tag","embeddable":true,"href":"https:\/\/noticiasveraces.com\/index.php?rest_route=%2Fwp%2Fv2%2Ftags&post=51303"}],"curies":[{"name":"wp","href":"https:\/\/api.w.org\/{rel}","templated":true}]}}