{"id":51269,"date":"2025-11-25T04:51:17","date_gmt":"2025-11-25T08:51:17","guid":{"rendered":"https:\/\/noticiasveraces.com\/?p=51269"},"modified":"2025-11-25T04:51:17","modified_gmt":"2025-11-25T08:51:17","slug":"juez-desestima-casos-contra-james-comey-y-letitia-james","status":"publish","type":"post","link":"https:\/\/noticiasveraces.com\/?p=51269","title":{"rendered":"Juez desestima casos contra James Comey y Letitia James"},"content":{"rendered":"<p> \n<\/p>\n<div id=\"site-content\">\n<div>\n<p aria-live=\"assertive\" class=\"css-1dv1kvn\">nuevo v\u00eddeo cargado: <!-- -->Juez desestima casos contra James Comey y Letitia James<\/p>\n<div data-testid=\"video-header\">\n<div class=\"css-1g7y0i5 e1drnplw0\"><button tabindex=\"100\" class=\"css-1rtlxy\" type=\"button\" aria-label=\"close\"><svg width=\"60\" height=\"60\" viewbox=\"0 0 60 60\" fill=\"none\"><circle cx=\"30\" cy=\"30\" r=\"30\" fill=\"white\" fill-opacity=\"0.9\"\/><path fill-rule=\"evenodd\" clip-rule=\"evenodd\" d=\"M38.4844 20.1006L39.8986 21.5148L21.5138 39.8996L20.0996 38.4854L38.4844 20.1006Z\" fill=\"black\"\/><path fill-rule=\"evenodd\" clip-rule=\"evenodd\" d=\"M21.5156 20.1006L20.1014 21.5148L38.4862 39.8996L39.9004 38.4854L21.5156 20.1006Z\" fill=\"black\"\/><\/svg><\/button><\/p>\n<div class=\"css-18ow4sz e1drnplw2\">\n<div aria-labelledby=\"modal-title\" role=\"region\">\n<header class=\"css-1bzlfz\">\n<p>transcripci\u00f3n<\/p>\n<p><button type=\"button\" class=\"css-1igvuto\"><span>Atr\u00e1s<\/span><\/button><\/header>\n<div class=\"css-uzyn7p\">\n<div class=\"css-1vxywau\">\n<p class=\"css-1nng8z9\">transcripci\u00f3n<\/p>\n<h2 class=\"css-8p0vwh\">Juez desestima casos contra James Comey y Letitia James<\/h2>\n<h4 class=\"css-qsd3hm\">Un juez federal desestim\u00f3 el lunes los cargos penales contra el ex director del FBI James Comey y la fiscal general de Nueva York, Letitia James.<\/h4>\n<\/div>\n<dl class=\"css-p98d0w\">\n<dt class=\"css-xx7kwh\"\/>\n<dd class=\"css-4gvq6l\">\n<p class=\"css-8hvvyd\">\u00abEstoy agradecido de que el tribunal puso fin al caso en mi contra. El presidente de Estados Unidos no puede utilizar el Departamento de Justicia para atacar a sus enemigos pol\u00edticos\u00bb. \u00abTomaremos todas las acciones legales disponibles&#8230;\u00bb \u00abEstamos presentando una demanda contra Donald Trump&#8230;\u00bb<\/p>\n<\/dd>\n<\/dl>\n<\/div>\n<\/div>\n<\/div>\n<\/div>\n<header class=\"css-p8f291\">\n<div class=\"css-1gn3fip\">\n<div class=\"css-p5izi2\">\n<div class=\"css-uv46ik\"><nyt-betamax class=\"css-j5i4vc\"><template shadowrootmode=\"open\" slotassignment=\"named\"><link rel=\"stylesheet\" href=\"https:\/\/static01.nyt.com\/video-static\/betamax\/player-0.2.3-BFNcGY1P.css\" crossorigin=\"\"\/><\/template><nyt-betamax-cover><template shadowrootmode=\"open\" slotassignment=\"named\"><link rel=\"stylesheet\" href=\"https:\/\/static01.nyt.com\/video-static\/betamax\/cover-0.2.3-eTrf0IGY.css\" crossorigin=\"\"\/><\/template><nyt-betamax-poster><template shadowrootmode=\"open\" slotassignment=\"named\"><link rel=\"stylesheet\" href=\"https:\/\/static01.nyt.com\/video-static\/betamax\/poster-0.2.3-ZXgRxfP_.css\" crossorigin=\"\"\/><img data-testid=\"betamax-poster\" sizes=\"(width &lt; 740px) 100vw, (width &lt; 1460px) 95vw, 1320px\" srcset=\"https:\/\/static01.nyt.com\/images\/2025\/11\/25\/multimedia\/25vid-comey-cover-hlfb\/25vid-comey-cover-hlfb-videoThumb.jpg?auto=webp&amp;quality=75 75w, https:\/\/static01.nyt.com\/images\/2025\/11\/25\/multimedia\/25vid-comey-cover-hlfb\/25vid-comey-cover-hlfb-thumbWide.jpg?auto=webp&amp;quality=75 190w, https:\/\/static01.nyt.com\/images\/2025\/11\/25\/multimedia\/25vid-comey-cover-hlfb\/25vid-comey-cover-hlfb-mediumThreeByTwo210.jpg?auto=webp&amp;quality=75 210w, https:\/\/static01.nyt.com\/images\/2025\/11\/25\/multimedia\/25vid-comey-cover-hlfb\/25vid-comey-cover-hlfb-mediumThreeByTwo225.jpg?auto=webp&amp;quality=75 225w, https:\/\/static01.nyt.com\/images\/2025\/11\/25\/multimedia\/25vid-comey-cover-hlfb\/25vid-comey-cover-hlfb-mediumThreeByTwo252.jpg?auto=webp&amp;quality=75 252w, https:\/\/static01.nyt.com\/images\/2025\/11\/25\/multimedia\/25vid-comey-cover-hlfb\/25vid-comey-cover-hlfb-mediumThreeByTwo378.jpg?auto=webp&amp;quality=75 378w, https:\/\/static01.nyt.com\/images\/2025\/11\/25\/multimedia\/25vid-comey-cover-hlfb\/25vid-comey-cover-hlfb-mediumThreeByTwo440.jpg?auto=webp&amp;quality=75 440w, https:\/\/static01.nyt.com\/images\/2025\/11\/25\/multimedia\/25vid-comey-cover-hlfb\/25vid-comey-cover-hlfb-threeByTwoSmallAt2X.jpg?auto=webp&amp;quality=75 600w, https:\/\/static01.nyt.com\/images\/2025\/11\/25\/multimedia\/25vid-comey-cover-hlfb\/25vid-comey-cover-hlfb-videoLarge.jpg?auto=webp&amp;quality=75 768w, https:\/\/static01.nyt.com\/images\/2025\/11\/25\/multimedia\/25vid-comey-cover-hlfb\/25vid-comey-cover-hlfb-threeByTwoMediumAt2X.jpg?auto=webp&amp;quality=75 1500w, https:\/\/static01.nyt.com\/images\/2025\/11\/25\/multimedia\/25vid-comey-cover-hlfb\/25vid-comey-cover-hlfb-threeByTwoLargeAt2X.jpg?auto=webp&amp;quality=75 4918w\" fetchpriority=\"high\" class=\"_poster_9lakg_19\"\/><\/template><\/nyt-betamax-poster><\/nyt-betamax-cover><nyt-betamax-overlay-controls><template shadowrootmode=\"open\" slotassignment=\"named\"><link rel=\"stylesheet\" href=\"https:\/\/static01.nyt.com\/video-static\/betamax\/overlay-controls-0.2.3-q6TbgWkB.css\" crossorigin=\"\"\/><link rel=\"stylesheet\" href=\"https:\/\/static01.nyt.com\/video-static\/betamax\/scrubber-0.2.3-allGBXvP.css\" crossorigin=\"\"\/><\/template><\/nyt-betamax-overlay-controls><nyt-betamax-ads><template shadowrootmode=\"open\" slotassignment=\"named\"><link rel=\"stylesheet\" href=\"https:\/\/static01.nyt.com\/video-static\/betamax\/ads-0.2.3-Cs2XynqP.css\" crossorigin=\"\"\/><\/template><\/nyt-betamax-ads><\/nyt-betamax><\/div>\n<div class=\"css-fnlfdh\"><span class=\"css-hple31\">Un juez federal desestim\u00f3 el lunes los cargos penales contra el ex director del FBI James Comey y la fiscal general de Nueva York, Letitia James.<\/span><\/p>\n<p>Por Shawn Paik<\/p>\n<p>25 de noviembre de 2025<\/p>\n<\/div>\n<\/div>\n<\/div>\n<\/header>\n<\/div>\n<\/div>\n<\/div>\n\n","protected":false},"excerpt":{"rendered":"<p>nuevo v\u00eddeo cargado: Juez desestima casos contra James Comey y Letitia James transcripci\u00f3n Atr\u00e1s transcripci\u00f3n Juez desestima casos contra James Comey y Letitia James Un juez federal desestim\u00f3 el lunes los cargos penales contra el ex director del FBI James Comey y la fiscal general de Nueva York, Letitia James. \u00abEstoy agradecido de que el &hellip;<\/p>\n","protected":false},"author":1,"featured_media":51270,"comment_status":"open","ping_status":"open","sticky":false,"template":"","format":"standard","meta":{"fifu_image_url":"https:\/\/static01.nyt.com\/images\/2025\/11\/25\/multimedia\/25vid-comey-cover-hlfb\/25vid-comey-cover-hlfb-facebookJumbo.jpg?video-overlay","fifu_image_alt":"","footnotes":""},"categories":[13],"tags":[],"class_list":["post-51269","post","type-post","status-publish","format-standard","has-post-thumbnail","","category-mundo"],"_links":{"self":[{"href":"https:\/\/noticiasveraces.com\/index.php?rest_route=\/wp\/v2\/posts\/51269","targetHints":{"allow":["GET"]}}],"collection":[{"href":"https:\/\/noticiasveraces.com\/index.php?rest_route=\/wp\/v2\/posts"}],"about":[{"href":"https:\/\/noticiasveraces.com\/index.php?rest_route=\/wp\/v2\/types\/post"}],"author":[{"embeddable":true,"href":"https:\/\/noticiasveraces.com\/index.php?rest_route=\/wp\/v2\/users\/1"}],"replies":[{"embeddable":true,"href":"https:\/\/noticiasveraces.com\/index.php?rest_route=%2Fwp%2Fv2%2Fcomments&post=51269"}],"version-history":[{"count":0,"href":"https:\/\/noticiasveraces.com\/index.php?rest_route=\/wp\/v2\/posts\/51269\/revisions"}],"wp:featuredmedia":[{"embeddable":true,"href":"https:\/\/noticiasveraces.com\/index.php?rest_route=\/wp\/v2\/media\/51270"}],"wp:attachment":[{"href":"https:\/\/noticiasveraces.com\/index.php?rest_route=%2Fwp%2Fv2%2Fmedia&parent=51269"}],"wp:term":[{"taxonomy":"category","embeddable":true,"href":"https:\/\/noticiasveraces.com\/index.php?rest_route=%2Fwp%2Fv2%2Fcategories&post=51269"},{"taxonomy":"post_tag","embeddable":true,"href":"https:\/\/noticiasveraces.com\/index.php?rest_route=%2Fwp%2Fv2%2Ftags&post=51269"}],"curies":[{"name":"wp","href":"https:\/\/api.w.org\/{rel}","templated":true}]}}