{"id":51224,"date":"2025-11-24T19:29:04","date_gmt":"2025-11-24T23:29:04","guid":{"rendered":"https:\/\/noticiasveraces.com\/?p=51224"},"modified":"2025-11-24T19:29:04","modified_gmt":"2025-11-24T23:29:04","slug":"dos-aerolineas-venezolanas-suspendieron-varios-vuelos-entre-madrid-y-caracas-el-diario-venezuela","status":"publish","type":"post","link":"https:\/\/noticiasveraces.com\/?p=51224","title":{"rendered":"Dos aerol\u00edneas venezolanas suspendieron varios vuelos entre Madrid y Caracas &#8211; El Diario Venezuela"},"content":{"rendered":"<p> \n<\/p>\n<div>\n<p>Las aerol\u00edneas venezolanas <strong>Estelar y Laser<\/strong> anunciaron el lunes 24 de noviembre la <strong>suspensi\u00f3n de varios vuelos de la ruta Madrid-Caracas<\/strong>. <\/p>\n<p>Las l\u00edneas a\u00e9reas ofrecieron sus disculpas a los viajeros y se comprometieron a<strong> mantener informados a los usuarios <\/strong>sobre la reanudaci\u00f3n de estas rutas. <\/p>\n<p>En el caso de la aerol\u00ednea <strong>Estelar<\/strong>se vieron afectados los vuelos programados para los d\u00edas 24, 26 y 28 de noviembre. La compa\u00f1\u00eda aleg\u00f3 que la suspensi\u00f3n responde a \u201cmotivos operacionales de su proveedor a\u00e9reo Iberojet\u201d.<\/p>\n<p>Estelar inform\u00f3 sobre esta suspensi\u00f3n a trav\u00e9s de un comunicado publicado en Instagram. En el texto, la empresa asegur\u00f3 que se encuentra trabajando para la reprogramaci\u00f3n de su itinerario. <\/p>\n<p>Por su parte, <strong>L\u00e1ser <\/strong>solo suspendi\u00f3 el vuelo correspondiente al lunes 24 de noviembre por <strong>\u201cmotivos operacionales\u201d<\/strong> y lo reprogram\u00f3 para el jueves 27 de noviembre. <\/p>\n<figure class=\"wp-block-image size-large\"><picture fetchpriority=\"high\" decoding=\"async\" class=\"wp-image-102073\"><source type=\"image\/webp\" nitro-lazy-srcset=\"https:\/\/eldiario.com\/nitropack_static\/DWpklAePbJBFiBKvuTtiGMLbtJlHUqWt\/assets\/images\/optimized\/rev-e606bed\/eldiario.com\/wp-content\/uploads\/2020\/12\/Laser-Airlines-1024x705.jpg.webp \" nitro-lazy-empty=\"\" id=\"ODI4OjExNw==-1\" srcset=\"data:image\/svg+xml;nitro-empty-id=ODI4OjExNw==-1;base64,PHN2ZyB2aWV3Qm94PSIwIDAgMTAyNCA3MDUiIHdpZHRoPSIxMDI0IiBoZWlnaHQ9IjcwNSIgeG1sbnM9Imh0dHA6Ly93d3cudzMub3JnLzIwMDAvc3ZnIj48L3N2Zz4=\"\/><img fetchpriority=\"high\" width=\"1024\" height=\"705\" alt=\"Laser Airlines reanuda operaciones hacia Rep\u00fablica Dominicana\" src=\"https:\/\/eldiario.com\/nitropack_static\/DWpklAePbJBFiBKvuTtiGMLbtJlHUqWt\/assets\/images\/optimized\/rev-e606bed\/eldiario.com\/wp-content\/uploads\/2020\/12\/Laser-Airlines-1024x705.jpg\" class=\"nitro-lazy\" decoding=\"async\" nitro-lazy-empty=\"\" id=\"ODI5OjIyMQ==-1\"\/> <\/picture><figcaption class=\"wp-element-caption\">Foto: Laser<\/figcaption><\/figure>\n<p>La Administraci\u00f3n Federal de Aviaci\u00f3n (FAA) de Estados Unidos recomend\u00f3 a las aerol\u00edneas y operadores a\u00e9reos <strong>\u201cextremar precauciones\u201d <\/strong>en la Regi\u00f3n de Informaci\u00f3n de Vuelo (FIR) de Maiquet\u00eda. La medida fue emitida el viernes 21 de noviembre y se mantendr\u00e1 vigente hasta el 19 de febrero de 2026. <\/p>\n<p>El NOTAM A0012\/25 recomienda a los operadores a evitar la zona por el \u201cempeoramiento de la situaci\u00f3n de seguridad y el aumento de la actividad militar en Venezuela o sus alrededores\u201d.<\/p>\n<p>Esta notificaci\u00f3n llev\u00f3 a que al menos siete aerol\u00edneas extranjeras suspendieran sus operaciones en Venezuela hasta un nuevo aviso. <\/p>\n<h2 class=\"wp-block-heading\" id=\"h-aerolineas-que-suspendieron-sus-operaciones-en-venezuela-nbsp\"><strong>Aerol\u00edneas que suspendieron sus operaciones en Venezuela <\/strong><\/h2>\n<p>Horas despu\u00e9s del anuncio de la FAA, <strong>TAP Air Portugal<\/strong> cancel\u00f3 su vuelo Caracas-Lisboa por \u201climitaciones operativas en la ruta\u201d. Lo mismo ocurri\u00f3 con el vuelo de Avianca para la ruta <strong>Caracas-Bogot\u00e1 <\/strong>y con la conexi\u00f3n <strong>S\u00e3o Paulo-Caracas<\/strong> de GOL Linhas A\u00e9reas, de Brasil.<\/p>\n<p>La agencia de noticias EFE inform\u00f3 que la espa\u00f1ola<strong> Aerol\u00edneas Iberia<\/strong> tambi\u00e9n suspendi\u00f3 todas sus operaciones en Venezuela, aunque la empresa no se ha pronunciado de manera oficial. <\/p>\n<p>Por su parte, <strong>Aire Europa<\/strong> notific\u00f3 que hasta el momento se mantiene su vuelo programado para el 25 de noviembre de Madrid a Caracas, aunque un portavoz declar\u00f3 a EFE que la empresa est\u00e1 \u201cmonitorizando la situaci\u00f3n\u201d.<\/p>\n<figure class=\"wp-block-image size-large\"><picture decoding=\"async\" class=\"wp-image-792945\"><source type=\"image\/webp\" nitro-lazy-srcset=\"https:\/\/eldiario.com\/nitropack_static\/DWpklAePbJBFiBKvuTtiGMLbtJlHUqWt\/assets\/images\/optimized\/rev-e606bed\/eldiario.com\/wp-content\/uploads\/2025\/05\/plane-7013022-1280-1200x800.jpg.webp \" nitro-lazy-empty=\"\" id=\"ODY0OjEyMQ==-1\" srcset=\"data:image\/svg+xml;nitro-empty-id=ODY0OjEyMQ==-1;base64,PHN2ZyB2aWV3Qm94PSIwIDAgMTIwMCA4MDAiIHdpZHRoPSIxMjAwIiBoZWlnaHQ9IjgwMCIgeG1sbnM9Imh0dHA6Ly93d3cudzMub3JnLzIwMDAvc3ZnIj48L3N2Zz4=\"\/><img loading=\"lazy\" width=\"1200\" height=\"800\" alt=\"#TeExplicamos | La reanudaci\u00f3n de los vuelos entre Venezuela y Panam\u00e1 \" src=\"https:\/\/eldiario.com\/nitropack_static\/DWpklAePbJBFiBKvuTtiGMLbtJlHUqWt\/assets\/images\/optimized\/rev-e606bed\/eldiario.com\/wp-content\/uploads\/2025\/05\/plane-7013022-1280-1200x800.jpg\" class=\"nitro-lazy\" decoding=\"async\" nitro-lazy-empty=\"\" id=\"ODY1OjIxNQ==-1\"\/> <\/picture><figcaption class=\"wp-element-caption\">Foto referencial: Pixabay<\/figcaption><\/figure>\n<p>La presidenta de la <strong>Asociaci\u00f3n de L\u00edneas A\u00e9reas de Venezuela (ALAV)<\/strong>Marisela de Loaiza, inform\u00f3 a la agencia AFP que dos aerol\u00edneas m\u00e1s pusieron en pausa sus operaciones tras el aviso de la FAA. Una de ellas fue la chilena<strong> Aerol\u00edneas LATAM<\/strong>que cancel\u00f3 sus vuelos programados para el 22 y 23 de noviembre, al igual que <strong>Aerol\u00edneas caribe\u00f1as<\/strong>negaci\u00f3n de Tobago.<\/p>\n<p><strong>Aerol\u00edneas turcas<\/strong> oper\u00f3 con normalidad el 22 de noviembre. Sin embargo, el 23 de noviembre public\u00f3 un comunicado sum\u00e1ndose a la lista al cancelar \u201cpor motivos operacionales\u201d los vuelos hacia Estambul (Turqu\u00eda) que estaban programados del 24 al 28 de noviembre. Agreg\u00f3 que los pasajeros afectados deber\u00e1n comunicarse con la aerol\u00ednea para proceder con su reubicaci\u00f3n en vuelos alternativos.<\/p>\n<\/p><\/div>\n<p><script async src=\"\/\/www.instagram.com\/embed.js\"><\/script><br \/>\n<br \/>\n","protected":false},"excerpt":{"rendered":"<p>Las aerol\u00edneas venezolanas Estelar y Laser anunciaron el lunes 24 de noviembre la suspensi\u00f3n de varios vuelos de la ruta Madrid-Caracas. Las l\u00edneas a\u00e9reas ofrecieron sus disculpas a los viajeros y se comprometieron a mantener informados a los usuarios sobre la reanudaci\u00f3n de estas rutas. En el caso de la aerol\u00ednea Estelarse vieron afectados los &hellip;<\/p>\n","protected":false},"author":1,"featured_media":51226,"comment_status":"open","ping_status":"open","sticky":false,"template":"","format":"standard","meta":{"fifu_image_url":"https:\/\/eldiario.com\/wp-content\/uploads\/2023\/06\/estelar.jpg","fifu_image_alt":"","footnotes":""},"categories":[13],"tags":[],"class_list":["post-51224","post","type-post","status-publish","format-standard","has-post-thumbnail","","category-mundo"],"_links":{"self":[{"href":"https:\/\/noticiasveraces.com\/index.php?rest_route=\/wp\/v2\/posts\/51224","targetHints":{"allow":["GET"]}}],"collection":[{"href":"https:\/\/noticiasveraces.com\/index.php?rest_route=\/wp\/v2\/posts"}],"about":[{"href":"https:\/\/noticiasveraces.com\/index.php?rest_route=\/wp\/v2\/types\/post"}],"author":[{"embeddable":true,"href":"https:\/\/noticiasveraces.com\/index.php?rest_route=\/wp\/v2\/users\/1"}],"replies":[{"embeddable":true,"href":"https:\/\/noticiasveraces.com\/index.php?rest_route=%2Fwp%2Fv2%2Fcomments&post=51224"}],"version-history":[{"count":0,"href":"https:\/\/noticiasveraces.com\/index.php?rest_route=\/wp\/v2\/posts\/51224\/revisions"}],"wp:featuredmedia":[{"embeddable":true,"href":"https:\/\/noticiasveraces.com\/index.php?rest_route=\/wp\/v2\/media\/51226"}],"wp:attachment":[{"href":"https:\/\/noticiasveraces.com\/index.php?rest_route=%2Fwp%2Fv2%2Fmedia&parent=51224"}],"wp:term":[{"taxonomy":"category","embeddable":true,"href":"https:\/\/noticiasveraces.com\/index.php?rest_route=%2Fwp%2Fv2%2Fcategories&post=51224"},{"taxonomy":"post_tag","embeddable":true,"href":"https:\/\/noticiasveraces.com\/index.php?rest_route=%2Fwp%2Fv2%2Ftags&post=51224"}],"curies":[{"name":"wp","href":"https:\/\/api.w.org\/{rel}","templated":true}]}}