{"id":51221,"date":"2025-11-24T18:44:35","date_gmt":"2025-11-24T22:44:35","guid":{"rendered":"https:\/\/noticiasveraces.com\/?p=51221"},"modified":"2025-11-24T18:44:35","modified_gmt":"2025-11-24T22:44:35","slug":"ivan-mejia-exploto-contra-directivos-de-america-los-ningunean","status":"publish","type":"post","link":"https:\/\/noticiasveraces.com\/?p=51221","title":{"rendered":"Iv\u00e1n Mej\u00eda explot\u00f3 contra directivos de Am\u00e9rica: \u2018Los ningunean\u2019"},"content":{"rendered":"<p> \n<br \/><img decoding=\"async\" src=\"https:\/\/www.futbolred.com\/files\/article_graphic\/uploads\/2024\/11\/26\/67466a04174b6.jpeg\" \/><\/p>\n<header>\n<h3>Curiosidades de f\u00fatbol<br \/>\n            <\/h3>\n<h1>Iv\u00e1n Mej\u00eda explot\u00f3 contra directivos de Am\u00e9rica: \u2018Los ningunean\u2019<br \/>\n        <\/h1>\n<address>\n            <a>Andres Julian Abril Gomez<br \/>\n        <\/address>\n<p>        24 de noviembre 2025 , 12:35 p.\u00a0m.<\/p>\n<\/header>\n<p>El periodista fue duro contra los dirigentes luego de las pol\u00e9micas en el duelo ante Junior.<\/p>\n<p><b>Am\u00e9rica de Cali<\/b> no pas\u00f3 del empate con <b>Junior de Barranquilla <\/b>en el duelo de la fecha 2 del cuadrangular A de la<b> Liga Betplay 2025-II<\/b> que se jug\u00f3 en el estadio Pascual Guerrero.  <\/p>\n<p>Se dio un encuentro con muchas pol\u00e9micas de las cuales dos fueron en contra de Junior ya que se dieron dos acciones que podr\u00edan haber sido penaltis y luego Am\u00e9rica tendr\u00eda tambi\u00e9n el \u2018gol fantasma\u2019 del rival que gener\u00f3 todo tipo de opiniones.  <\/p>\n<p>Pues bien, ante este partido pol\u00e9mico, el periodista Iv\u00e1n Mej\u00eda reaccion\u00f3 en su cuenta de X sobre lo ocurrido y all\u00ed explot\u00f3 contra los directivos de Am\u00e9rica por no tener peso institucional frente a Dimayor y la FCF.<\/p>\n<p>El comunicador asegur\u00f3 que tanto Tulio G\u00f3mez como Marcela G\u00f3mez se dejan meter los peores jueces y no pelean por este tipo de controversias que afectan al equipo en partidos importantes. <\/p>\n<p>\u201cA Tulio y Marcelita les ponen los peores jueces, los ningunean, les dicen a la cara que NO tienen peso institucional. Que poca cosa son como directivos. Ayy Am\u00e9rica, duele verte as\u00ed\u201d, dijo Mej\u00eda en su cuenta de X.<\/p>\n<p>Vale se\u00f1alar que Mej\u00eda ha sido un f\u00e9rreo cr\u00edtico de la dirigencia actual en Am\u00e9rica que de hecho ya manifest\u00f3 en las \u00faltimas horas que todav\u00eda no cuentan con un proceso exitoso y que est\u00e1n lejos de lograr t\u00edtulos.&nbsp;<\/p>\n\n","protected":false},"excerpt":{"rendered":"<p>Curiosidades de f\u00fatbol Iv\u00e1n Mej\u00eda explot\u00f3 contra directivos de Am\u00e9rica: \u2018Los ningunean\u2019 Andres Julian Abril Gomez 24 de noviembre 2025 , 12:35 p.\u00a0m. El periodista fue duro contra los dirigentes luego de las pol\u00e9micas en el duelo ante Junior. Am\u00e9rica de Cali no pas\u00f3 del empate con Junior de Barranquilla en el duelo de la &hellip;<\/p>\n","protected":false},"author":1,"featured_media":51223,"comment_status":"open","ping_status":"open","sticky":false,"template":"","format":"standard","meta":{"fifu_image_url":"https:\/\/www.futbolred.com\/files\/og_thumbnail\/uploads\/2024\/11\/26\/67466a04174b6.jpeg","fifu_image_alt":"","footnotes":""},"categories":[6],"tags":[],"class_list":["post-51221","post","type-post","status-publish","format-standard","has-post-thumbnail","","category-deportes"],"_links":{"self":[{"href":"https:\/\/noticiasveraces.com\/index.php?rest_route=\/wp\/v2\/posts\/51221","targetHints":{"allow":["GET"]}}],"collection":[{"href":"https:\/\/noticiasveraces.com\/index.php?rest_route=\/wp\/v2\/posts"}],"about":[{"href":"https:\/\/noticiasveraces.com\/index.php?rest_route=\/wp\/v2\/types\/post"}],"author":[{"embeddable":true,"href":"https:\/\/noticiasveraces.com\/index.php?rest_route=\/wp\/v2\/users\/1"}],"replies":[{"embeddable":true,"href":"https:\/\/noticiasveraces.com\/index.php?rest_route=%2Fwp%2Fv2%2Fcomments&post=51221"}],"version-history":[{"count":0,"href":"https:\/\/noticiasveraces.com\/index.php?rest_route=\/wp\/v2\/posts\/51221\/revisions"}],"wp:featuredmedia":[{"embeddable":true,"href":"https:\/\/noticiasveraces.com\/index.php?rest_route=\/wp\/v2\/media\/51223"}],"wp:attachment":[{"href":"https:\/\/noticiasveraces.com\/index.php?rest_route=%2Fwp%2Fv2%2Fmedia&parent=51221"}],"wp:term":[{"taxonomy":"category","embeddable":true,"href":"https:\/\/noticiasveraces.com\/index.php?rest_route=%2Fwp%2Fv2%2Fcategories&post=51221"},{"taxonomy":"post_tag","embeddable":true,"href":"https:\/\/noticiasveraces.com\/index.php?rest_route=%2Fwp%2Fv2%2Ftags&post=51221"}],"curies":[{"name":"wp","href":"https:\/\/api.w.org\/{rel}","templated":true}]}}