{"id":51199,"date":"2025-11-24T18:28:31","date_gmt":"2025-11-24T22:28:31","guid":{"rendered":"https:\/\/noticiasveraces.com\/?p=51199"},"modified":"2025-11-24T18:28:31","modified_gmt":"2025-11-24T22:28:31","slug":"presidente-maduro-encabeza-instalacion-del-consejo-de-gobierno-estudiantil-en-miraflores-correo-del-orinoco","status":"publish","type":"post","link":"https:\/\/noticiasveraces.com\/?p=51199","title":{"rendered":"Presidente Maduro encabeza instalaci\u00f3n del Consejo de Gobierno Estudiantil en Miraflores &#8211; Correo del Orinoco"},"content":{"rendered":"<p> \n<\/p>\n<div>\n<p>El presidente de la Rep\u00fablica, Nicol\u00e1s Maduro, encabez\u00f3 este lunes la instalaci\u00f3n del Consejo de Gobierno Estudiantil, un nuevo espacio de articulaci\u00f3n entre el Ejecutivo y los distintos sectores acad\u00e9micos del pa\u00eds. La actividad tiene lugar en el Sal\u00f3n Sim\u00f3n Bol\u00edvar del Palacio de Miraflores.<\/p>\n<p>El jefe de Estado estuvo acompa\u00f1ado por la vicepresidenta ejecutiva, Delcy Rodr\u00edguez, as\u00ed como por vicepresidentes sectoriales y miembros del Gabinete, quienes participaron en el encuentro para abordar l\u00edneas estrat\u00e9gicas en materia educativa.<\/p>\n<p>A la jornada asistieron estudiantes y representantes de la Federaci\u00f3n de Educaci\u00f3n Media y Universitaria, convocados para presentar propuestas vinculadas al fortalecimiento de la organizaci\u00f3n estudiantil, la calidad acad\u00e9mica y el desarrollo de proyectos productivos.<\/p>\n<p>Maduro destac\u00f3 la importancia de consolidar mecanismos de participaci\u00f3n directa de la juventud en la toma de decisiones, con el fin de impulsar pol\u00edticas p\u00fablicas ajustadas a las necesidades reales de las instituciones educativas.<\/p>\n<p>Al decir que conoce muy bien el movimiento estudiantil, subray\u00f3 que \u00abellos est\u00e1n bien organizados (\u2026) pero nunca se dejen manipular por nadie, desarrollan el pensamiento cr\u00edtico\u00bb.<\/p>\n<p>El Gobierno ratific\u00f3 su disposici\u00f3n a mantener un trabajo conjunto con el movimiento estudiantil para escuchar, apoyar y avanzar en la realizaci\u00f3n de sus sue\u00f1os y potenciar el rol de la juventud en el dise\u00f1o de la agenda nacional.<\/p>\n<h6>T\/CO<\/h6>\n<\/p><\/div>\n\n","protected":false},"excerpt":{"rendered":"<p>El presidente de la Rep\u00fablica, Nicol\u00e1s Maduro, encabez\u00f3 este lunes la instalaci\u00f3n del Consejo de Gobierno Estudiantil, un nuevo espacio de articulaci\u00f3n entre el Ejecutivo y los distintos sectores acad\u00e9micos del pa\u00eds. La actividad tiene lugar en el Sal\u00f3n Sim\u00f3n Bol\u00edvar del Palacio de Miraflores. El jefe de Estado estuvo acompa\u00f1ado por la vicepresidenta ejecutiva, &hellip;<\/p>\n","protected":false},"author":1,"featured_media":51200,"comment_status":"open","ping_status":"open","sticky":false,"template":"","format":"standard","meta":{"fifu_image_url":"http:\/\/190.202.124.19\/wp-content\/uploads\/2025\/11\/NICOLAS-MADURO-Y-ESTUDIANTS.png","fifu_image_alt":"","footnotes":""},"categories":[13],"tags":[],"class_list":["post-51199","post","type-post","status-publish","format-standard","has-post-thumbnail","","category-mundo"],"_links":{"self":[{"href":"https:\/\/noticiasveraces.com\/index.php?rest_route=\/wp\/v2\/posts\/51199","targetHints":{"allow":["GET"]}}],"collection":[{"href":"https:\/\/noticiasveraces.com\/index.php?rest_route=\/wp\/v2\/posts"}],"about":[{"href":"https:\/\/noticiasveraces.com\/index.php?rest_route=\/wp\/v2\/types\/post"}],"author":[{"embeddable":true,"href":"https:\/\/noticiasveraces.com\/index.php?rest_route=\/wp\/v2\/users\/1"}],"replies":[{"embeddable":true,"href":"https:\/\/noticiasveraces.com\/index.php?rest_route=%2Fwp%2Fv2%2Fcomments&post=51199"}],"version-history":[{"count":0,"href":"https:\/\/noticiasveraces.com\/index.php?rest_route=\/wp\/v2\/posts\/51199\/revisions"}],"wp:featuredmedia":[{"embeddable":true,"href":"https:\/\/noticiasveraces.com\/index.php?rest_route=\/wp\/v2\/media\/51200"}],"wp:attachment":[{"href":"https:\/\/noticiasveraces.com\/index.php?rest_route=%2Fwp%2Fv2%2Fmedia&parent=51199"}],"wp:term":[{"taxonomy":"category","embeddable":true,"href":"https:\/\/noticiasveraces.com\/index.php?rest_route=%2Fwp%2Fv2%2Fcategories&post=51199"},{"taxonomy":"post_tag","embeddable":true,"href":"https:\/\/noticiasveraces.com\/index.php?rest_route=%2Fwp%2Fv2%2Ftags&post=51199"}],"curies":[{"name":"wp","href":"https:\/\/api.w.org\/{rel}","templated":true}]}}