{"id":51187,"date":"2025-11-24T09:00:07","date_gmt":"2025-11-24T13:00:07","guid":{"rendered":"https:\/\/noticiasveraces.com\/?p=51187"},"modified":"2025-11-24T09:00:07","modified_gmt":"2025-11-24T13:00:07","slug":"ivan-mejia-acuso-a-cesar-augusto-londono-de-ser-vocero-de-directivos-del-fpc-que-lo-amenazaban-curiosidades-de-futbol","status":"publish","type":"post","link":"https:\/\/noticiasveraces.com\/?p=51187","title":{"rendered":"Iv\u00e1n Mej\u00eda acus\u00f3 a C\u00e9sar Augusto Londo\u00f1o de ser vocero de directivos del FPC que lo amenazaban | Curiosidades de f\u00fatbol"},"content":{"rendered":"<p> \n<br \/><img decoding=\"async\" src=\"https:\/\/www.futbolred.com\/files\/article_graphic\/uploads\/2023\/03\/21\/641a094816e91.jpeg\" \/><\/p>\n<div id=\"cuerpoArticulo\">\n<p class=\"texto intro cnx-companion-firstparagraph\" id=\"p259086-m329-328-330\"><b>Iv\u00e1n Mej\u00eda \u00c1lvarez<\/b> se retir\u00f3 de los medios de comunicaci\u00f3n hace siete a\u00f1os, pues decidi\u00f3 dejar los micr\u00f3fonos, las c\u00e1maras y las letras en diciembre de 2018. Sin embargo, sus opiniones en redes sociales son seguidas por m\u00e1s de 500 mil seguidores en <i>inc\u00f3gnita<\/i> [antes <i>Twitter<\/i>]y sus an\u00e1lisis de f\u00fatbol siguen siendo valorados por los aficionados.<\/p>\n<p><b>En una extensa charla con su colega y amigo Rafael Villegas<\/b>en <i>\u2018Agradable y Claro\u2019<\/i>Mej\u00eda habl\u00f3 de su carrera period\u00edstica, de su vida despu\u00e9s del retiro, de los narradores con los que trabaj\u00f3 y de muchos otros temas.<\/p>\n<p>Y en medio de la entrevista, <b>el pol\u00e9mico analista confes\u00f3 sus problemas con C\u00e9sar Augusto Londo\u00f1o<\/b>quien trabaja en <i>Caracol Radio<\/i> que hered\u00f3 la conducci\u00f3n del programa \u2018El Pulso del F\u00fatbol\u2019, luego de la salida de Mej\u00eda y de Hern\u00e1n Pel\u00e1ez.<\/p>\n<p class=\"texto contenido-parrafo-articulo cnx-companion-paragraph\" id=\"p259086-m379-3-380\"><b>Iv\u00e1n revel\u00f3 que su retir\u00f3 se aceler\u00f3 porque no soportaba seguir haciendo pareja con Londo\u00f1o:<\/b> \u201cCreo que me fui en el momento justo. Una de las cosas por las que me fui, es que estaba \u2018mamado\u2019 [cansado] de hacer <i>\u2018El Pulso\u2019<\/i> con Londo\u00f1o. <b>Estaba absolutamente aburrido de tener que soportar esa lamboner\u00eda<\/b>ese \u2018lameculismo\u2019 permanente, esa falta de posici\u00f3n y ese deseo de estar atravesado a toda hora, no lo soportaba\u201d.<\/p>\n<p>Mej\u00eda record\u00f3 que fue en la final del Mundial 2018 que anunci\u00f3 que se retiraba de los estadios, y que no comentar\u00eda m\u00e1s partidos de f\u00fatbol. Sin embargo, continu\u00f3 en <i>\u2018El Pulso\u2019<\/i>.<\/p>\n<p>Sin embargo, coment\u00f3 que no aguant\u00f3 mucho m\u00e1s, e hizo una grave acusaci\u00f3n de Londo\u00f1o.<\/p>\n<p class=\"texto contenido-parrafo-articulo cnx-companion-paragraph\" id=\"p259086-m385-4-386\">\u201cA los tres o cuatro meses (del Mundial de Rusia 2018) estaba aburrido. Dije: \u2018Esto no va\u2019. Se me est\u00e1 convirtiendo en un drama cada programa, tener que aguantarme a este muchachito insolente, \u2018sobando chaqueta\u2019, <b>tray\u00e9ndome mensajes de directivos amenaz\u00e1ndome<\/b>\u201d, coment\u00f3 Mej\u00eda \u00c1lvarez.<\/p>\n<p>\u201c<b>Cosa muy grave, \u00e9l se convirti\u00f3 en vocero de directivos amenaz\u00e1ndome<\/b>entonces, dije me voy\u201d, insisti\u00f3 el periodista, que tuvo 50 a\u00f1os de carrera y que hoy vive en Cartagena.<\/p>\n<p><iframe loading=\"lazy\" title=\"Iv\u00e1n Mej\u00eda | La verdad frontal de su adi\u00f3s y su carrera\" width=\"618\" height=\"348\" src=\"https:\/\/www.youtube.com\/embed\/qKypJ4NaniQ?feature=oembed\" frameborder=\"0\" allow=\"accelerometer; autoplay; clipboard-write; encrypted-media; gyroscope; picture-in-picture; web-share\" referrerpolicy=\"strict-origin-when-cross-origin\" allowfullscreen><\/iframe><\/p>\n<\/div>\n\n","protected":false},"excerpt":{"rendered":"<p>Iv\u00e1n Mej\u00eda \u00c1lvarez se retir\u00f3 de los medios de comunicaci\u00f3n hace siete a\u00f1os, pues decidi\u00f3 dejar los micr\u00f3fonos, las c\u00e1maras y las letras en diciembre de 2018. Sin embargo, sus opiniones en redes sociales son seguidas por m\u00e1s de 500 mil seguidores en inc\u00f3gnita [antes Twitter]y sus an\u00e1lisis de f\u00fatbol siguen siendo valorados por los &hellip;<\/p>\n","protected":false},"author":1,"featured_media":51189,"comment_status":"open","ping_status":"open","sticky":false,"template":"","format":"standard","meta":{"fifu_image_url":"https:\/\/www.futbolred.com\/files\/og_thumbnail\/uploads\/2023\/03\/21\/641a094816e91.jpeg","fifu_image_alt":"","footnotes":""},"categories":[6],"tags":[],"class_list":["post-51187","post","type-post","status-publish","format-standard","has-post-thumbnail","","category-deportes"],"_links":{"self":[{"href":"https:\/\/noticiasveraces.com\/index.php?rest_route=\/wp\/v2\/posts\/51187","targetHints":{"allow":["GET"]}}],"collection":[{"href":"https:\/\/noticiasveraces.com\/index.php?rest_route=\/wp\/v2\/posts"}],"about":[{"href":"https:\/\/noticiasveraces.com\/index.php?rest_route=\/wp\/v2\/types\/post"}],"author":[{"embeddable":true,"href":"https:\/\/noticiasveraces.com\/index.php?rest_route=\/wp\/v2\/users\/1"}],"replies":[{"embeddable":true,"href":"https:\/\/noticiasveraces.com\/index.php?rest_route=%2Fwp%2Fv2%2Fcomments&post=51187"}],"version-history":[{"count":0,"href":"https:\/\/noticiasveraces.com\/index.php?rest_route=\/wp\/v2\/posts\/51187\/revisions"}],"wp:featuredmedia":[{"embeddable":true,"href":"https:\/\/noticiasveraces.com\/index.php?rest_route=\/wp\/v2\/media\/51189"}],"wp:attachment":[{"href":"https:\/\/noticiasveraces.com\/index.php?rest_route=%2Fwp%2Fv2%2Fmedia&parent=51187"}],"wp:term":[{"taxonomy":"category","embeddable":true,"href":"https:\/\/noticiasveraces.com\/index.php?rest_route=%2Fwp%2Fv2%2Fcategories&post=51187"},{"taxonomy":"post_tag","embeddable":true,"href":"https:\/\/noticiasveraces.com\/index.php?rest_route=%2Fwp%2Fv2%2Ftags&post=51187"}],"curies":[{"name":"wp","href":"https:\/\/api.w.org\/{rel}","templated":true}]}}