{"id":51119,"date":"2025-11-23T20:26:41","date_gmt":"2025-11-24T00:26:41","guid":{"rendered":"https:\/\/noticiasveraces.com\/?p=51119"},"modified":"2025-11-23T20:26:41","modified_gmt":"2025-11-24T00:26:41","slug":"pasillo-de-estudiantes-a-jugadores-de-rosario-central-desata-escandalo","status":"publish","type":"post","link":"https:\/\/noticiasveraces.com\/?p=51119","title":{"rendered":"Pasillo de Estudiantes a jugadores de Rosario Central desata esc\u00e1ndalo"},"content":{"rendered":"<p> \n<br \/><img decoding=\"async\" src=\"https:\/\/www.futbolred.com\/files\/article_graphic\/uploads\/2025\/11\/23\/692374f17e573.jpeg\" \/><\/p>\n<header>\n<h3>Curiosidades de f\u00fatbol<br \/>\n            <\/h3>\n<h1>Pasillo de Estudiantes a jugadores de Rosario Central desata esc\u00e1ndalo<br \/>\n        <\/h1>\n<address>\n            <a>Juan Pablo Ar\u00e9valo<br \/>\n        <\/address>\n<p>        23 de noviembre 2025 , 03:56 p.\u00a0m.<\/p>\n<\/header>\n<p>La AFA orden\u00f3 que los de La Plata reconocieran como campe\u00f3n a su rival, en pol\u00e9mico t\u00edtulo.<\/p>\n<p>Rosario Central enfrent\u00f3 este domingo a Estudiantes de La Plata por los octavos de final del Torneo Apertura 2025; pero el equipo en donde juega \u00c1ngel Di Mar\u00eda y el colombiano J\u00e1minton Campaz, estren\u00f3 un pol\u00e9mico t\u00edtulo que le otorg\u00f3 la AFA por ser el mejor de la tabla anual.<\/p>\n<p>La decisi\u00f3n de la Asociaci\u00f3n del F\u00fatbol Argentino, de premiar con un t\u00edtulo el rendimiento de Central en la tabla de reclasificaci\u00f3n, ha causado mucha pol\u00e9mica y muchos equipos del f\u00fatbol argentino han entrado en protesta con Claudio Tapia, presidente de la AFA.<\/p>\n<p>Sin embargo, la organizaci\u00f3n hab\u00eda dado la orden a los jugadores de Estudiantes que, antes del partido, deb\u00edan hacer el pasillo para recibir y reconocer a sus rivales como campeones.<\/p>\n<p>Los \u2018Pincharratas\u2019 se formaron para realizar el pasillo, pero cuando salieron los jugadores de Central, explot\u00f3 el esc\u00e1ndalo en Argentina, pues los futbolistas de Estudiantes se voltearon y realizaron el pasillo de espalda a sus rivales, en protesta a la imposici\u00f3n de la AFA.<\/p>\n\n","protected":false},"excerpt":{"rendered":"<p>Curiosidades de f\u00fatbol Pasillo de Estudiantes a jugadores de Rosario Central desata esc\u00e1ndalo Juan Pablo Ar\u00e9valo 23 de noviembre 2025 , 03:56 p.\u00a0m. La AFA orden\u00f3 que los de La Plata reconocieran como campe\u00f3n a su rival, en pol\u00e9mico t\u00edtulo. Rosario Central enfrent\u00f3 este domingo a Estudiantes de La Plata por los octavos de final &hellip;<\/p>\n","protected":false},"author":1,"featured_media":51121,"comment_status":"open","ping_status":"open","sticky":false,"template":"","format":"standard","meta":{"fifu_image_url":"https:\/\/www.futbolred.com\/files\/og_thumbnail\/uploads\/2025\/11\/23\/692374f17e573.jpeg","fifu_image_alt":"","footnotes":""},"categories":[6],"tags":[],"class_list":["post-51119","post","type-post","status-publish","format-standard","has-post-thumbnail","","category-deportes"],"_links":{"self":[{"href":"https:\/\/noticiasveraces.com\/index.php?rest_route=\/wp\/v2\/posts\/51119","targetHints":{"allow":["GET"]}}],"collection":[{"href":"https:\/\/noticiasveraces.com\/index.php?rest_route=\/wp\/v2\/posts"}],"about":[{"href":"https:\/\/noticiasveraces.com\/index.php?rest_route=\/wp\/v2\/types\/post"}],"author":[{"embeddable":true,"href":"https:\/\/noticiasveraces.com\/index.php?rest_route=\/wp\/v2\/users\/1"}],"replies":[{"embeddable":true,"href":"https:\/\/noticiasveraces.com\/index.php?rest_route=%2Fwp%2Fv2%2Fcomments&post=51119"}],"version-history":[{"count":0,"href":"https:\/\/noticiasveraces.com\/index.php?rest_route=\/wp\/v2\/posts\/51119\/revisions"}],"wp:featuredmedia":[{"embeddable":true,"href":"https:\/\/noticiasveraces.com\/index.php?rest_route=\/wp\/v2\/media\/51121"}],"wp:attachment":[{"href":"https:\/\/noticiasveraces.com\/index.php?rest_route=%2Fwp%2Fv2%2Fmedia&parent=51119"}],"wp:term":[{"taxonomy":"category","embeddable":true,"href":"https:\/\/noticiasveraces.com\/index.php?rest_route=%2Fwp%2Fv2%2Fcategories&post=51119"},{"taxonomy":"post_tag","embeddable":true,"href":"https:\/\/noticiasveraces.com\/index.php?rest_route=%2Fwp%2Fv2%2Ftags&post=51119"}],"curies":[{"name":"wp","href":"https:\/\/api.w.org\/{rel}","templated":true}]}}