{"id":51113,"date":"2025-11-23T18:48:59","date_gmt":"2025-11-23T22:48:59","guid":{"rendered":"https:\/\/noticiasveraces.com\/?p=51113"},"modified":"2025-11-23T18:48:59","modified_gmt":"2025-11-23T22:48:59","slug":"turkish-airlines-y-latam-airlines-se-suman-a-las-aerolineas-que-cancelaron-vuelos-a-venezuela","status":"publish","type":"post","link":"https:\/\/noticiasveraces.com\/?p=51113","title":{"rendered":"Turkish Airlines y Latam Airlines se suman a las aerol\u00edneas que cancelaron vuelos a Venezuela"},"content":{"rendered":"<p> \n<\/p>\n<div>\n<article>\n<div class=\"image-featured\">\n<img src=\"data:image\/png;base64,iVBORw0KGgoAAAANSUhEUgAABDgAAAMgAQAAAADuSe9aAAAAAnRSTlMAAHaTzTgAAACASURBVHja7cEBDQAAAMKg909tDjegAAAAAAAAAAAAAAAAAAAAAAAAAAAAAAAAAAAAAAAAAAAAAAAAAAAAAAAAAAAAAAAAAAAAAAAAAAAAAAAAAAAAAAAAAAAAAAAAAAAAAAAAAAAAAAAAAAAAAAAAAAAAAAAAAAAAAAAAAAAAeDSpDwABijjYhAAAAABJRU5ErkJggg==\" alt=\"vuelos venezuela\" data-src=\"https:\/\/elnacional-uploads.nyc3.digitaloceanspaces.com\/wp-content\/uploads\/2025\/11\/23171142\/vuelos-venezuela.jpg\" decoding=\"async\" class=\"lazyload\" data-eio-rwidth=\"1080\" data-eio-rheight=\"800\"\/><img decoding=\"async\" src=\"https:\/\/elnacional-uploads.nyc3.digitaloceanspaces.com\/wp-content\/uploads\/2025\/11\/23171142\/vuelos-venezuela.jpg\" alt=\"vuelos venezuela\" data-eio=\"l\"\/><figcaption>Un avi\u00f3n de la aerol\u00ednea Latam Airlines. | Foto EFE\/ Javier Mart\u00edn<\/figcaption><\/div>\n<p>Hasta el momento,<strong> ocho aerol\u00edneas internacionales han cancelado sus vuelos hacia Venezuela. <\/strong>Esto ocurri\u00f3 luego de que Estados Unidos advirtiera a la aviaci\u00f3n civil sobre un aumento de la actividad militar en el Caribe.<\/p>\n<p>Este s\u00e1bado anunciaron la medida<strong> las aerol\u00edneas Iberia (Espa\u00f1a), TAP (Portugal), Avianca (Colombia), GOL (Brasil) y Latam (Chile). <\/strong>As\u00ed lo inform\u00f3 la presidenta de la asociaci\u00f3n de L\u00edneas A\u00e9reas de Venezuela (ALAV), Marisela de Loaiza.<\/p>\n<p>Mientras que este domingo <strong>se sumaron Latam Airlines (Colombia) y Turkish Airlines (Turqu\u00eda).<\/strong><\/p>\n<h2 class=\"wp-block-heading\" id=\"h-aerolineas-cancelan-vuelos-hacia-venezuela\">Aerol\u00edneas cancelan vuelos hacia Venezuela<\/h2>\n<p>Turkish Airlines cancel\u00f3 sus vuelos previstos hacia Venezuela entre el 24 y el 28 de noviembre, confirm\u00f3 Loaiza a EFE. Asimismo, la decisi\u00f3n de la aerol\u00ednea turca tambi\u00e9n la valid\u00f3 un agente de atenci\u00f3n al cliente, quien indic\u00f3: \u00abAlgunos vuelos se cancelaron entre estas fechas (24 y 28 de noviembre), pero no todos\u00bb, aunque no precis\u00f3 los d\u00edas.<\/p>\n<p>Por otra parte, Latam Airlines, confirm\u00f3 la cancelaci\u00f3n de los vuelos programados para este domingo y el lunes desde Bogot\u00e1 a Caracas.<\/p>\n<p><strong>\u00abPara Latam Airlines Colombia la prioridad es la seguridad de sus pasajeros y tripulaciones.<\/strong> Por esta raz\u00f3n, la aerol\u00ednea decidi\u00f3 cancelar de manera preventiva la operaci\u00f3n de los vuelos en la ruta Bogot\u00e1-Caracas-Bogot\u00e1 del 23 y 24 de noviembre\u00bb, inform\u00f3 este domingo la compa\u00f1\u00eda en un comunicado.<\/p>\n<p>ALAV exhort\u00f3 a quienes hayan adquirido boletos en las aerol\u00edneas que prestan servicios a Venezuela, a estar atentos a cualquier aviso de su aerol\u00ednea.<\/p>\n<h2 class=\"wp-block-heading\" id=\"h-aviso-de-estados-unidos\">Aviso de Estados Unidos<\/h2>\n<p>Las aerol\u00edneas cancelaron sus vuelos luego del aviso de la Administraci\u00f3n Federal de Aviaci\u00f3n de Estados Unidos de \u00abextremar la precauci\u00f3n\u00bb al sobrevolar territorio venezolano y el sur del Caribe ante \u00abuna situaci\u00f3n potencialmente peligrosa en la regi\u00f3n\u00bb.<\/p>\n<p>\u00abLas amenazas podr\u00edan representar un riesgo potencial para las aeronaves a todas las altitudes, incluso durante el sobrevuelo, las fases de llegada y salida del vuelo, y\/o para los aeropuertos y las aeronaves en tierra\u00bb, indic\u00f3 la FAA.<\/p>\n<\/article>\n<\/div>\n\n","protected":false},"excerpt":{"rendered":"<p>Un avi\u00f3n de la aerol\u00ednea Latam Airlines. | Foto EFE\/ Javier Mart\u00edn Hasta el momento, ocho aerol\u00edneas internacionales han cancelado sus vuelos hacia Venezuela. Esto ocurri\u00f3 luego de que Estados Unidos advirtiera a la aviaci\u00f3n civil sobre un aumento de la actividad militar en el Caribe. Este s\u00e1bado anunciaron la medida las aerol\u00edneas Iberia (Espa\u00f1a), &hellip;<\/p>\n","protected":false},"author":1,"featured_media":51115,"comment_status":"open","ping_status":"open","sticky":false,"template":"","format":"standard","meta":{"fifu_image_url":"https:\/\/elnacional-uploads.nyc3.digitaloceanspaces.com\/wp-content\/uploads\/2025\/11\/23171142\/vuelos-venezuela.jpg","fifu_image_alt":"","footnotes":""},"categories":[13],"tags":[],"class_list":["post-51113","post","type-post","status-publish","format-standard","has-post-thumbnail","","category-mundo"],"_links":{"self":[{"href":"https:\/\/noticiasveraces.com\/index.php?rest_route=\/wp\/v2\/posts\/51113","targetHints":{"allow":["GET"]}}],"collection":[{"href":"https:\/\/noticiasveraces.com\/index.php?rest_route=\/wp\/v2\/posts"}],"about":[{"href":"https:\/\/noticiasveraces.com\/index.php?rest_route=\/wp\/v2\/types\/post"}],"author":[{"embeddable":true,"href":"https:\/\/noticiasveraces.com\/index.php?rest_route=\/wp\/v2\/users\/1"}],"replies":[{"embeddable":true,"href":"https:\/\/noticiasveraces.com\/index.php?rest_route=%2Fwp%2Fv2%2Fcomments&post=51113"}],"version-history":[{"count":0,"href":"https:\/\/noticiasveraces.com\/index.php?rest_route=\/wp\/v2\/posts\/51113\/revisions"}],"wp:featuredmedia":[{"embeddable":true,"href":"https:\/\/noticiasveraces.com\/index.php?rest_route=\/wp\/v2\/media\/51115"}],"wp:attachment":[{"href":"https:\/\/noticiasveraces.com\/index.php?rest_route=%2Fwp%2Fv2%2Fmedia&parent=51113"}],"wp:term":[{"taxonomy":"category","embeddable":true,"href":"https:\/\/noticiasveraces.com\/index.php?rest_route=%2Fwp%2Fv2%2Fcategories&post=51113"},{"taxonomy":"post_tag","embeddable":true,"href":"https:\/\/noticiasveraces.com\/index.php?rest_route=%2Fwp%2Fv2%2Ftags&post=51113"}],"curies":[{"name":"wp","href":"https:\/\/api.w.org\/{rel}","templated":true}]}}