{"id":51104,"date":"2025-11-23T17:22:25","date_gmt":"2025-11-23T21:22:25","guid":{"rendered":"https:\/\/noticiasveraces.com\/?p=51104"},"modified":"2025-11-23T17:22:25","modified_gmt":"2025-11-23T21:22:25","slug":"mas-adultos-desarrollan-repentinamente-alergias-alimentarias-lo-que-desconcierta-a-los-expertos","status":"publish","type":"post","link":"https:\/\/noticiasveraces.com\/?p=51104","title":{"rendered":"M\u00e1s adultos desarrollan repentinamente alergias alimentarias, lo que desconcierta a los expertos"},"content":{"rendered":"<p> \n<\/p>\n<div>\n<div id=\"beyondwords-wrapper\" class=\"beyondwords-wrapper\">\n<p><span class=\"label-bg\">NUEVO<\/span>\u00a1Ahora puedes escuchar los art\u00edculos de Fox News!\n  <\/p>\n<\/div>\n<p class=\"speakable\">Cada vez m\u00e1s adultos desarrollan repentinamente reacciones al\u00e9rgicas en etapas posteriores de su vida, y los expertos no est\u00e1n seguros de por qu\u00e9.<\/p>\n<p class=\"speakable\">Casi el 50 % de los adultos desarrollaron al menos una alergia alimentaria en la edad adulta, seg\u00fan una investigaci\u00f3n de 2019 publicada en JAMA.<\/p>\n<p>Illana Golant, fundadora y directora ejecutiva del Fondo de Alimentos y Alergias (FAF) en la ciudad de Nueva York, dijo a Fox News Digital que desarroll\u00f3 alergias cuando ten\u00eda 40 a\u00f1os.<\/p>\n<p><strong>EL DESEQUILIBRIO INTESTINAL PUEDE ESTAR IMPULSANDO LA EPIDEMIA DE ALERGIA ALIMENTARIA EN ESTADOS UNIDOS, ADVIERTEN LOS EXPERTOS<\/strong><\/p>\n<p>\u00abEso no se entiende ni se reconoce del todo&#8230; no sabemos por qu\u00e9 est\u00e1n empezando en ciertos puntos\u00bb, dijo.<\/p>\n<p>La FAF organiz\u00f3 un foro la semana pasada en Washington, DC, al que asistieron el secretario del HHS, Robert F. Kennedy, el jefe de la FDA, Martin Makary, y el director de los NIH, Jay Bhattacharya.<\/p>\n<div class=\"image-ct inline\">\n<div class=\"m\"><picture><source media=\"(max-width: 767px)\" srcset=\"https:\/\/a57.foxnews.com\/static.foxnews.com\/foxnews.com\/content\/uploads\/2025\/11\/343\/192\/woman-grocery-shopping-food-allergies.jpg?ve=1&amp;tl=1, https:\/\/a57.foxnews.com\/static.foxnews.com\/foxnews.com\/content\/uploads\/2025\/11\/686\/384\/woman-grocery-shopping-food-allergies.jpg?ve=1&amp;tl=1 2x\" height=\"192\" width=\"343\"><source media=\"(min-width: 768px) and (max-width: 1023px)\" srcset=\"https:\/\/a57.foxnews.com\/static.foxnews.com\/foxnews.com\/content\/uploads\/2025\/11\/672\/378\/woman-grocery-shopping-food-allergies.jpg?ve=1&amp;tl=1, https:\/\/a57.foxnews.com\/static.foxnews.com\/foxnews.com\/content\/uploads\/2025\/11\/1344\/756\/woman-grocery-shopping-food-allergies.jpg?ve=1&amp;tl=1 2x\" height=\"378\" width=\"672\"><source media=\"(min-width: 1024px) and (max-width: 1279px)\" srcset=\"https:\/\/a57.foxnews.com\/static.foxnews.com\/foxnews.com\/content\/uploads\/2025\/11\/931\/523\/woman-grocery-shopping-food-allergies.jpg?ve=1&amp;tl=1, https:\/\/a57.foxnews.com\/static.foxnews.com\/foxnews.com\/content\/uploads\/2025\/11\/1862\/1046\/woman-grocery-shopping-food-allergies.jpg?ve=1&amp;tl=1 2x\" height=\"523\" width=\"931\"><source media=\"(min-width: 1280px)\" srcset=\"https:\/\/a57.foxnews.com\/static.foxnews.com\/foxnews.com\/content\/uploads\/2025\/11\/720\/405\/woman-grocery-shopping-food-allergies.jpg?ve=1&amp;tl=1, https:\/\/a57.foxnews.com\/static.foxnews.com\/foxnews.com\/content\/uploads\/2025\/11\/1440\/810\/woman-grocery-shopping-food-allergies.jpg?ve=1&amp;tl=1 2x\" height=\"405\" width=\"720\"><img loading=\"lazy\" decoding=\"async\" src=\"https:\/\/a57.foxnews.com\/static.foxnews.com\/foxnews.com\/content\/uploads\/2025\/11\/1200\/675\/woman-grocery-shopping-food-allergies.jpg?ve=1&amp;tl=1\" alt=\"Mujer de compras mirando la etiqueta de los alimentos\" width=\"1200\" height=\"675\"\/><\/source><\/source><\/source><\/source><\/picture><\/div>\n<div class=\"info\">\n<div class=\"caption\">\n<p><span>Casi el 50% de los adultos desarrollan alergias alimentarias en el futuro, seg\u00fan han demostrado los estudios.<\/span> <span>(iStock)<\/span><\/p>\n<\/div>\n<\/div>\n<\/div>\n<p>Los funcionarios de salud y los investigadores est\u00e1n investigando si las alergias pueden ser causadas por microbios de la salud intestinal.<\/p>\n<p>En una entrevista con Fox News Digital, Makary comparti\u00f3 c\u00f3mo la funci\u00f3n de los microbiomas ha evolucionado con el tiempo.<\/p>\n<p><strong>HAGA CLIC AQU\u00cd PARA SUSCRIBIRSE A NUESTRO BOLET\u00cdN DE ESTILO DE VIDA<\/strong><\/p>\n<p>Seg\u00fan Makary, el intestino alberga m\u00e1s de mil millones de tipos diferentes de bacterias, que normalmente viven en equilibrio.<\/p>\n<p>\u00abPero cuando se ve alterado por la dieta moderna y por los antibi\u00f3ticos y otras exposiciones&#8230; ese desequilibrio puede causar inflamaci\u00f3n. [and] problemas de salud y podr\u00eda estar implicado en alergias alimentarias\u00bb, afirm\u00f3.<\/p>\n<div class=\"image-ct inline\">\n<div class=\"m\"><picture><source media=\"(max-width: 767px)\" srcset=\"https:\/\/a57.foxnews.com\/static.foxnews.com\/foxnews.com\/content\/uploads\/2025\/11\/343\/192\/secretary-kennedy-food-allergy.jpg?ve=1&amp;tl=1, https:\/\/a57.foxnews.com\/static.foxnews.com\/foxnews.com\/content\/uploads\/2025\/11\/686\/384\/secretary-kennedy-food-allergy.jpg?ve=1&amp;tl=1 2x\" height=\"192\" width=\"343\"><source media=\"(min-width: 768px) and (max-width: 1023px)\" srcset=\"https:\/\/a57.foxnews.com\/static.foxnews.com\/foxnews.com\/content\/uploads\/2025\/11\/672\/378\/secretary-kennedy-food-allergy.jpg?ve=1&amp;tl=1, https:\/\/a57.foxnews.com\/static.foxnews.com\/foxnews.com\/content\/uploads\/2025\/11\/1344\/756\/secretary-kennedy-food-allergy.jpg?ve=1&amp;tl=1 2x\" height=\"378\" width=\"672\"><source media=\"(min-width: 1024px) and (max-width: 1279px)\" srcset=\"https:\/\/a57.foxnews.com\/static.foxnews.com\/foxnews.com\/content\/uploads\/2025\/11\/931\/523\/secretary-kennedy-food-allergy.jpg?ve=1&amp;tl=1, https:\/\/a57.foxnews.com\/static.foxnews.com\/foxnews.com\/content\/uploads\/2025\/11\/1862\/1046\/secretary-kennedy-food-allergy.jpg?ve=1&amp;tl=1 2x\" height=\"523\" width=\"931\"><source media=\"(min-width: 1280px)\" srcset=\"https:\/\/a57.foxnews.com\/static.foxnews.com\/foxnews.com\/content\/uploads\/2025\/11\/720\/405\/secretary-kennedy-food-allergy.jpg?ve=1&amp;tl=1, https:\/\/a57.foxnews.com\/static.foxnews.com\/foxnews.com\/content\/uploads\/2025\/11\/1440\/810\/secretary-kennedy-food-allergy.jpg?ve=1&amp;tl=1 2x\" height=\"405\" width=\"720\"><img loading=\"lazy\" decoding=\"async\" src=\"https:\/\/a57.foxnews.com\/static.foxnews.com\/foxnews.com\/content\/uploads\/2025\/11\/1200\/675\/secretary-kennedy-food-allergy.jpg?ve=1&amp;tl=1\" alt=\"Ilana Golant, fundadora de la FAF, entrevista al secretario Robert F. Kennedy en Washington, DC.\" width=\"1200\" height=\"675\"\/><\/source><\/source><\/source><\/source><\/picture><\/div>\n<div class=\"info\">\n<div class=\"caption\">\n<p><span>Ilana Golant, fundadora y directora ejecutiva de FAF (izquierda), conversa con el secretario del HHS, Robert F. Kennedy Jr., en Washington, DC, en el Foro del Fondo para Alergias Alimentarias.<\/span> <span>(Ashley J. DiMella\/Fox News Digital)<\/span><\/p>\n<\/div>\n<\/div>\n<\/div>\n<p>Golant comparti\u00f3 que parece haber un \u00abpunto de inflexi\u00f3n cr\u00edtico\u00bb, ya que algunos alimentos desencadenan m\u00e1s a los adultos que a los ni\u00f1os.<\/p>\n<p>\u00abMariscos y mariscos [and] Los frutos secos parecen estar proliferando entre los adultos\u00bb, anot\u00f3.<\/p>\n<p><strong>HAGA CLIC AQU\u00cd PARA M\u00c1S HISTORIAS DE ESTILO DE VIDA<\/strong><\/p>\n<p>Los mariscos fueron el principal al\u00e9rgeno en los adultos, seg\u00fan una encuesta de 2018 realizada a m\u00e1s de 40.000 personas que se public\u00f3 en Annals of Allergy, Asthma and Immunology.<\/p>\n<p>Golant dijo que afortunadamente sab\u00eda sobre las alergias cuando tuvo su primera reacci\u00f3n anafil\u00e1ctica.<\/p>\n<div class=\"image-ct inline\">\n<div class=\"m\"><picture><source media=\"(max-width: 767px)\" srcset=\"https:\/\/a57.foxnews.com\/static.foxnews.com\/foxnews.com\/content\/uploads\/2024\/11\/343\/192\/istock-1602390039.jpg?ve=1&amp;tl=1, https:\/\/a57.foxnews.com\/static.foxnews.com\/foxnews.com\/content\/uploads\/2024\/11\/686\/384\/istock-1602390039.jpg?ve=1&amp;tl=1 2x\" height=\"192\" width=\"343\"><source media=\"(min-width: 768px) and (max-width: 1023px)\" srcset=\"https:\/\/a57.foxnews.com\/static.foxnews.com\/foxnews.com\/content\/uploads\/2024\/11\/672\/378\/istock-1602390039.jpg?ve=1&amp;tl=1, https:\/\/a57.foxnews.com\/static.foxnews.com\/foxnews.com\/content\/uploads\/2024\/11\/1344\/756\/istock-1602390039.jpg?ve=1&amp;tl=1 2x\" height=\"378\" width=\"672\"><source media=\"(min-width: 1024px) and (max-width: 1279px)\" srcset=\"https:\/\/a57.foxnews.com\/static.foxnews.com\/foxnews.com\/content\/uploads\/2024\/11\/931\/523\/istock-1602390039.jpg?ve=1&amp;tl=1, https:\/\/a57.foxnews.com\/static.foxnews.com\/foxnews.com\/content\/uploads\/2024\/11\/1862\/1046\/istock-1602390039.jpg?ve=1&amp;tl=1 2x\" height=\"523\" width=\"931\"><source media=\"(min-width: 1280px)\" srcset=\"https:\/\/a57.foxnews.com\/static.foxnews.com\/foxnews.com\/content\/uploads\/2024\/11\/720\/405\/istock-1602390039.jpg?ve=1&amp;tl=1, https:\/\/a57.foxnews.com\/static.foxnews.com\/foxnews.com\/content\/uploads\/2024\/11\/1440\/810\/istock-1602390039.jpg?ve=1&amp;tl=1 2x\" height=\"405\" width=\"720\"><img loading=\"lazy\" decoding=\"async\" src=\"https:\/\/a57.foxnews.com\/static.foxnews.com\/foxnews.com\/content\/uploads\/2024\/11\/1200\/675\/istock-1602390039.jpg?ve=1&amp;tl=1\" alt=\"Persona con una reacci\u00f3n al\u00e9rgica.\" width=\"1200\" height=\"675\"\/><\/source><\/source><\/source><\/source><\/picture><\/div>\n<div class=\"info\">\n<div class=\"caption\">\n<p><span>\u00abSi no supiera sobre las alergias alimentarias, habr\u00eda pensado que estaba sufriendo un ataque card\u00edaco\u00bb, dijo el fundador del Fondo para las Alergias y los Alimentos.<\/span> <span>(iStock)<\/span><\/p>\n<\/div>\n<\/div>\n<\/div>\n<p>\u00abSi no supiera sobre las alergias alimentarias, habr\u00eda pensado que estaba sufriendo un ataque card\u00edaco\u00bb, dijo. \u00abLa gen\u00e9tica no puede cambiar tan r\u00e1pido. En una generaci\u00f3n, las alergias alimentarias se han disparado\u00bb.<\/p>\n<p><strong>PRUEBA CON NUESTRO \u00daLTIMO QUIZ DE ESTILO DE VIDA<\/strong><\/p>\n<p>Seg\u00fan la FAF, aproximadamente uno de cada 10 adultos padece alergias alimentarias.<\/p>\n<p><strong>HAGA CLIC AQU\u00cd PARA DESCARGAR LA APLICACI\u00d3N FOX NEWS<\/strong><\/p>\n<p>\u00abEs en gran medida la tormenta perfecta de una variedad de desencadenantes ambientales\u00bb, a\u00f1adi\u00f3 Golant. \u00abTodav\u00eda no sabemos cu\u00e1les y&#8230; si hay una primaria [trigger]pero supongo que lo m\u00e1s probable es que se trate de una tormenta perfecta\u00bb.<\/p>\n<p> <!----> <\/p>\n<div class=\"article-meta\">\n<div class=\"author-bio\">\n<p>Ashley J. DiMella es reportera de estilo de vida en Fox News Digital. <\/p>\n<\/div>\n<\/div>\n<\/div>\n\n","protected":false},"excerpt":{"rendered":"<p>NUEVO\u00a1Ahora puedes escuchar los art\u00edculos de Fox News! Cada vez m\u00e1s adultos desarrollan repentinamente reacciones al\u00e9rgicas en etapas posteriores de su vida, y los expertos no est\u00e1n seguros de por qu\u00e9. Casi el 50 % de los adultos desarrollaron al menos una alergia alimentaria en la edad adulta, seg\u00fan una investigaci\u00f3n de 2019 publicada en &hellip;<\/p>\n","protected":false},"author":1,"featured_media":51106,"comment_status":"open","ping_status":"open","sticky":false,"template":"","format":"standard","meta":{"fifu_image_url":"https:\/\/a57.foxnews.com\/static.foxnews.com\/foxnews.com\/content\/uploads\/2025\/11\/1200\/675\/woman-grocery-shopping-food-allergies.jpg?ve=1&tl=1","fifu_image_alt":"","footnotes":""},"categories":[8],"tags":[],"class_list":["post-51104","post","type-post","status-publish","format-standard","has-post-thumbnail","","category-salud"],"_links":{"self":[{"href":"https:\/\/noticiasveraces.com\/index.php?rest_route=\/wp\/v2\/posts\/51104","targetHints":{"allow":["GET"]}}],"collection":[{"href":"https:\/\/noticiasveraces.com\/index.php?rest_route=\/wp\/v2\/posts"}],"about":[{"href":"https:\/\/noticiasveraces.com\/index.php?rest_route=\/wp\/v2\/types\/post"}],"author":[{"embeddable":true,"href":"https:\/\/noticiasveraces.com\/index.php?rest_route=\/wp\/v2\/users\/1"}],"replies":[{"embeddable":true,"href":"https:\/\/noticiasveraces.com\/index.php?rest_route=%2Fwp%2Fv2%2Fcomments&post=51104"}],"version-history":[{"count":0,"href":"https:\/\/noticiasveraces.com\/index.php?rest_route=\/wp\/v2\/posts\/51104\/revisions"}],"wp:featuredmedia":[{"embeddable":true,"href":"https:\/\/noticiasveraces.com\/index.php?rest_route=\/wp\/v2\/media\/51106"}],"wp:attachment":[{"href":"https:\/\/noticiasveraces.com\/index.php?rest_route=%2Fwp%2Fv2%2Fmedia&parent=51104"}],"wp:term":[{"taxonomy":"category","embeddable":true,"href":"https:\/\/noticiasveraces.com\/index.php?rest_route=%2Fwp%2Fv2%2Fcategories&post=51104"},{"taxonomy":"post_tag","embeddable":true,"href":"https:\/\/noticiasveraces.com\/index.php?rest_route=%2Fwp%2Fv2%2Ftags&post=51104"}],"curies":[{"name":"wp","href":"https:\/\/api.w.org\/{rel}","templated":true}]}}