{"id":51088,"date":"2025-11-23T14:51:28","date_gmt":"2025-11-23T18:51:28","guid":{"rendered":"https:\/\/noticiasveraces.com\/?p=51088"},"modified":"2025-11-23T14:51:28","modified_gmt":"2025-11-23T18:51:28","slug":"el-secretario-del-tesoro-de-ee-uu-niega-la-posibilidad-de-una-recesion-en-2026-albertonews","status":"publish","type":"post","link":"https:\/\/noticiasveraces.com\/?p=51088","title":{"rendered":"El secretario del Tesoro de EE.UU. niega la posibilidad de una recesi\u00f3n en 2026 &#8211; AlbertoNews"},"content":{"rendered":"<p> \n<\/p>\n<div>\n<p>El secretario del Tesoro de Estados Unidos, Scott Bessent, rechaz\u00f3 este domingo la idea de que la econom\u00eda estadounidense pueda entrar en recesi\u00f3n en 2026 y defendi\u00f3 que la agenda arancelaria y los acuerdos comerciales alcanzados con otros pa\u00edses conducir\u00e1n a un crecimiento \u00abmuy fuerte\u00bb.<\/p>\n<p><strong>EFE<\/strong><\/p>\n<p>\u00abSoy muy, muy optimista respecto a 2026. Hemos sentado las bases para una econom\u00eda con un crecimiento muy fuerte y no inflacionario\u00bb, dijo Bessent durante el programa matinal \u2018Meet the Press\u2019 de la cadena NBC.<\/p>\n<p>El secretario del Tesoro reconoci\u00f3 que la econom\u00eda de Estados Unidos enfrenta cierta presi\u00f3n, pero respondi\u00f3 negativamente cuando fue cuestionado sobre la posibilidad de una recesi\u00f3n el pr\u00f3ximo a\u00f1o.<\/p>\n<p>No obstante, admiti\u00f3 que algunos sectores sensibles a las tasas de inter\u00e9s \u00abhan entrado en recesi\u00f3n\u00bb y dijo que el sector inmobiliario \u00abenfrenta dificultades\u00bb.<\/p>\n<p>Bessent a\u00f1adi\u00f3 que el reciente cierre del Gobierno que se alarg\u00f3 por 43 d\u00edas -el m\u00e1s largo en la historia- y no concluy\u00f3 hasta el pasado 12 de noviembre, hab\u00eda afectado en la econom\u00eda.<\/p>\n<p>Pero se mostr\u00f3 convencido de que el gran y hermoso proyecto de ley firmado el pasado verano por el presidente estadounidense, Donald Trump, ver\u00e1 sus frutos el pr\u00f3ximo a\u00f1o.<\/p>\n<p>\u00abTengo mucha confianza en 2026, porque lo que vamos a ver es que el presidente ha cerrado acuerdos de paz, acuerdos fiscales y acuerdos comerciales (y) el \u2018One Big, Beautiful Bill&#8217;\u00bb, dijo Bessent.<\/p>\n<p>Estados Unidos registr\u00f3 una inflaci\u00f3n interanual del 3 % el pasado septiembre, \u00faltimos datos disponibles debido al cierre federal El control de la inflaci\u00f3n es una de las principales preocupaciones del Gobierno republicano, que a principios de mes sufri\u00f3 un duro rev\u00e9s electoral en varias elecciones estatales y locales importantes.<\/p>\n<p>En este sentido, Trump retir\u00f3 el pasado jueves los aranceles del 40 % a ciertos productos de Brasil, como la carne bovina, vegetales, caf\u00e9, cacao o componentes para aviaci\u00f3n, dej\u00e1ndolos de nuevo en el 10 % original.<\/p>\n<p><strong>Si quieres recibir en tu celular esta y otras informaciones, descarga Telegram, ingresa al link <\/strong><strong>https:\/\/t.me\/albertorodnews<\/strong><strong> y dale clic a +Unirme.  <\/strong><\/p>\n<p><strong>Alberto Noticias<\/strong><\/p>\n<\/p><\/div>\n\n","protected":false},"excerpt":{"rendered":"<p>El secretario del Tesoro de Estados Unidos, Scott Bessent, rechaz\u00f3 este domingo la idea de que la econom\u00eda estadounidense pueda entrar en recesi\u00f3n en 2026 y defendi\u00f3 que la agenda arancelaria y los acuerdos comerciales alcanzados con otros pa\u00edses conducir\u00e1n a un crecimiento \u00abmuy fuerte\u00bb. EFE \u00abSoy muy, muy optimista respecto a 2026. Hemos sentado &hellip;<\/p>\n","protected":false},"author":1,"featured_media":51089,"comment_status":"open","ping_status":"open","sticky":false,"template":"","format":"standard","meta":{"fifu_image_url":"https:\/\/bitlyanews.com\/wp-content\/uploads\/2025\/11\/c456ddab8da4b9d67bed65b3c8b2f432.webp","fifu_image_alt":"","footnotes":""},"categories":[13],"tags":[],"class_list":["post-51088","post","type-post","status-publish","format-standard","has-post-thumbnail","","category-mundo"],"_links":{"self":[{"href":"https:\/\/noticiasveraces.com\/index.php?rest_route=\/wp\/v2\/posts\/51088","targetHints":{"allow":["GET"]}}],"collection":[{"href":"https:\/\/noticiasveraces.com\/index.php?rest_route=\/wp\/v2\/posts"}],"about":[{"href":"https:\/\/noticiasveraces.com\/index.php?rest_route=\/wp\/v2\/types\/post"}],"author":[{"embeddable":true,"href":"https:\/\/noticiasveraces.com\/index.php?rest_route=\/wp\/v2\/users\/1"}],"replies":[{"embeddable":true,"href":"https:\/\/noticiasveraces.com\/index.php?rest_route=%2Fwp%2Fv2%2Fcomments&post=51088"}],"version-history":[{"count":0,"href":"https:\/\/noticiasveraces.com\/index.php?rest_route=\/wp\/v2\/posts\/51088\/revisions"}],"wp:featuredmedia":[{"embeddable":true,"href":"https:\/\/noticiasveraces.com\/index.php?rest_route=\/wp\/v2\/media\/51089"}],"wp:attachment":[{"href":"https:\/\/noticiasveraces.com\/index.php?rest_route=%2Fwp%2Fv2%2Fmedia&parent=51088"}],"wp:term":[{"taxonomy":"category","embeddable":true,"href":"https:\/\/noticiasveraces.com\/index.php?rest_route=%2Fwp%2Fv2%2Fcategories&post=51088"},{"taxonomy":"post_tag","embeddable":true,"href":"https:\/\/noticiasveraces.com\/index.php?rest_route=%2Fwp%2Fv2%2Ftags&post=51088"}],"curies":[{"name":"wp","href":"https:\/\/api.w.org\/{rel}","templated":true}]}}