{"id":51078,"date":"2025-11-23T12:26:29","date_gmt":"2025-11-23T16:26:29","guid":{"rendered":"https:\/\/noticiasveraces.com\/?p=51078"},"modified":"2025-11-23T12:26:29","modified_gmt":"2025-11-23T16:26:29","slug":"uno-de-los-nuestros-sociedad","status":"publish","type":"post","link":"https:\/\/noticiasveraces.com\/?p=51078","title":{"rendered":"Uno de los nuestros | Sociedad"},"content":{"rendered":"<p> \n<br \/><img decoding=\"async\" src=\"https:\/\/imagenes.elpais.com\/resizer\/v2\/7O4PHRK7CJBETKYYLRICE5LGWY.jpg?auth=d77b1beab4c2e773e3b3f9464719c16924a5cb99064fea91749ab26c9a989355\" \/><\/p>\n<div data-dtm-region=\"articulo_cuerpo\">\n<p class=\"\">Entre los variados motivos por los que el papa Francisco era detestado por muchos obispos, adem\u00e1s de por ser jesuita y por haberse negado a venir a Espa\u00f1a en viaje oficial, destac\u00f3 su decisi\u00f3n de investigar el origen de los abusos y las razones para encubrirlos. Escoci\u00f3 que el Vaticano encargase a dos obispos uruguayos, y no a prelados espa\u00f1oles, un informe sobre el funcionamiento de los seminarios, con la recomendaci\u00f3n de ignorar las injerencias de los prelados diocesanos. Pasados casi dos a\u00f1os y llamados a consulta en el Vaticano todos los obispos, nada se sabe de los resultados, pero s\u00ed que hubo tres consejos, oportunos al caso de lo sucedido en el seminario de Getafe con su rector y desde hoy ex obispo de C\u00e1diz, Rafael Zornoza: cambiar la manera de formar a los seminaristas, la inclusi\u00f3n de mujeres entre el profesorado y una vigilancia permanente, desde todos los puntos de vista.<\/p>\n<p class=\"\">Para entonces, hab\u00eda sido un trallazo de sinceridad el comentario que hizo Francisco cuando supo que las tropel\u00edas del fundador de los Legionarios de Cristo, Marcial Maciel, se conoc\u00edan desde su etapa como estudiante con los jesuitas en el seminario pontificio de Comillas, en Cantabria, y que se encubrieron durante 63 a\u00f1os. No se castiga a un amigo del Papa, o\u00eda. No se investiga ni se molesta a uno de los nuestros. Hablamos de obispos, nada menos, los elegidos por Dios como pont\u00edfices m\u00e1ximos en sus di\u00f3cesis. As\u00ed se creen. Con esa idea, muchos medios de comunicaci\u00f3n, por decirse cat\u00f3licos, se han resistido a informar durante d\u00e9cadas sobre los casos de pederastia en la Iglesia romana. \u00bfUn obispo malo? Los sacerdotes o frailes, a\u00fan, pero \u00bfun obispo, un cardenal? Imposible.<\/p>\n<p class=\"\">\u00a1Esos periodistas! El propio Francisco, de viaje a Chile en 2018, cay\u00f3 en la trampa que a\u00fan hoy se escucha entre eclesi\u00e1sticos, la de que las noticias sobre los abusos del clero son campa\u00f1as de medios anticlericales o de poderes enfadados con el Papa de turno (en Estados Unidos, por haberse opuesto el Vaticano a la guerra de Irak). Cuando Francisco cambi\u00f3 el discurso y orden\u00f3 tolerancia cero, cayese quien cayese, desvel\u00f3 c\u00e1ndidamente que el cardenal Joseph Ratzinger, futuro Benedicto XVI, hab\u00eda acudido al despacho de Juan Pablo II con el expediente de los esc\u00e1ndalos del todopoderoso Maciel y regres\u00f3 con la orden de guardar la carpeta hasta mejor ocasi\u00f3n. Hab\u00eda ganado el partido de los malos, vino a decir. Meses m\u00e1s tarde, el cardenal Jo\u00e3o Braz de Aviz, prefecto de la Congregaci\u00f3n para los Institutos de Vida Consagrada, remach\u00f3 el trallazo: \u201cQuien los tap\u00f3 era una mafia, ellos no eran Iglesia\u201d.<\/p>\n<p class=\"\">Con semejante virulencia se fue concretando la orden de tolerancia cero. Cabe comprender el estupor con que gran parte de las jerarqu\u00edas espa\u00f1olas la recibieron, en concreto la necesidad de reconocer culpas en p\u00fablico, la exigencia de atender a las v\u00edctimas y el articular reparaciones econ\u00f3micas. El actual presidente de la Conferencia Episcopal Espa\u00f1ola, el arzobispo Luis Arg\u00fcello, ya hab\u00eda sentenciado el problema. En Espa\u00f1a, dijo, \u201csolo son peque\u00f1os casos\u201d.<\/p>\n<p class=\"\">De tanto citarla, esta frase, en boca del portavoz de quienes se creen gu\u00edas morales de la sociedad, ha dejado de sorprender. Las hay peores y de m\u00e1s alta graduaci\u00f3n. Es el caso del cardenal Antonio Ca\u00f1izares, ex primado de Espa\u00f1a y ahora em\u00e9rito del arzobispado de Valencia. Llamado a Roma por Benedicto XVI como prefecto de la Congregaci\u00f3n para el Culto Divino y la Disciplina de los Sacramentos (as\u00ed es como se llamaba su ministerio), dijo desde ese cargo que no es \u201ccomparable lo que haya podido pasar en unos cuantos colegios, con vidas destruidas por el aborto\u201d.<\/p>\n<\/div>\n\n","protected":false},"excerpt":{"rendered":"<p>Entre los variados motivos por los que el papa Francisco era detestado por muchos obispos, adem\u00e1s de por ser jesuita y por haberse negado a venir a Espa\u00f1a en viaje oficial, destac\u00f3 su decisi\u00f3n de investigar el origen de los abusos y las razones para encubrirlos. Escoci\u00f3 que el Vaticano encargase a dos obispos uruguayos, &hellip;<\/p>\n","protected":false},"author":1,"featured_media":51080,"comment_status":"open","ping_status":"open","sticky":false,"template":"","format":"standard","meta":{"fifu_image_url":"https:\/\/imagenes.elpais.com\/resizer\/v2\/7O4PHRK7CJBETKYYLRICE5LGWY.jpg?auth=d77b1beab4c2e773e3b3f9464719c16924a5cb99064fea91749ab26c9a989355&width=1200","fifu_image_alt":"","footnotes":""},"categories":[11],"tags":[],"class_list":["post-51078","post","type-post","status-publish","format-standard","has-post-thumbnail","","category-viaje"],"_links":{"self":[{"href":"https:\/\/noticiasveraces.com\/index.php?rest_route=\/wp\/v2\/posts\/51078","targetHints":{"allow":["GET"]}}],"collection":[{"href":"https:\/\/noticiasveraces.com\/index.php?rest_route=\/wp\/v2\/posts"}],"about":[{"href":"https:\/\/noticiasveraces.com\/index.php?rest_route=\/wp\/v2\/types\/post"}],"author":[{"embeddable":true,"href":"https:\/\/noticiasveraces.com\/index.php?rest_route=\/wp\/v2\/users\/1"}],"replies":[{"embeddable":true,"href":"https:\/\/noticiasveraces.com\/index.php?rest_route=%2Fwp%2Fv2%2Fcomments&post=51078"}],"version-history":[{"count":0,"href":"https:\/\/noticiasveraces.com\/index.php?rest_route=\/wp\/v2\/posts\/51078\/revisions"}],"wp:featuredmedia":[{"embeddable":true,"href":"https:\/\/noticiasveraces.com\/index.php?rest_route=\/wp\/v2\/media\/51080"}],"wp:attachment":[{"href":"https:\/\/noticiasveraces.com\/index.php?rest_route=%2Fwp%2Fv2%2Fmedia&parent=51078"}],"wp:term":[{"taxonomy":"category","embeddable":true,"href":"https:\/\/noticiasveraces.com\/index.php?rest_route=%2Fwp%2Fv2%2Fcategories&post=51078"},{"taxonomy":"post_tag","embeddable":true,"href":"https:\/\/noticiasveraces.com\/index.php?rest_route=%2Fwp%2Fv2%2Ftags&post=51078"}],"curies":[{"name":"wp","href":"https:\/\/api.w.org\/{rel}","templated":true}]}}