{"id":51075,"date":"2025-11-23T11:39:31","date_gmt":"2025-11-23T15:39:31","guid":{"rendered":"https:\/\/noticiasveraces.com\/?p=51075"},"modified":"2025-11-23T11:39:31","modified_gmt":"2025-11-23T15:39:31","slug":"su-cabeza-se-quedo-en-berlin-lula-carga-contra-merz-por-criticar-la-sede-de-la-cop30","status":"publish","type":"post","link":"https:\/\/noticiasveraces.com\/?p=51075","title":{"rendered":"\u00abSu cabeza se qued\u00f3 en Berl\u00edn\u00bb: Lula carga contra Merz por criticar la sede de la COP30"},"content":{"rendered":"<p> \n<\/p>\n<div>\n<p>Las desafortunadas declaraciones del canciller alem\u00e1n, Friedrich Merz,\u00a0sobre la ciudad amaz\u00f3nica de Bel\u00e9m, anfitriona de la\u00a0COP30\u00a0en el <strong>estado brasile\u00f1o de Par\u00e1<\/strong>ejemplifican su falta de experiencia pol\u00edtica, evalu\u00f3 este domingo el presidente del gigante suramericano, Luiz In\u00e1cio Lula da Silva. <\/p>\n<p>El mandatario sali\u00f3 as\u00ed al paso de la controversia que estall\u00f3 tras un acto en Berl\u00edn, donde Merz relat\u00f3 que ning\u00fan periodista de su comitiva habr\u00eda querido \u00abquedarse\u00bb en Bel\u00e9m, una frase que en Brasil fue interpretada como <strong>despectiva<\/strong> hacia la regi\u00f3n amaz\u00f3nica.\u00a0\u00abPregunt\u00e9 a algunos periodistas que me acompa\u00f1aron en Brasil la semana pasada &#8216;qui\u00e9nes de ustedes querr\u00edan quedarse aqu\u00ed&#8217;. <strong>Ninguno levant\u00f3 la mano<\/strong>\u00ab,\u00a0coment\u00f3 Merz a mediados del mes. \u00abTodos est\u00e1bamos contentos de <strong>haber regresado a Alemania<\/strong>especialmente del lugar donde est\u00e1bamos\u00bb, a\u00f1adi\u00f3.<\/p>\n<div class=\"ReadMore-root Section-root Section-is1to3-xs_is1to1\" data-widgets=\"ReadMore\">\n<div class=\"Section-container Section-isRow-isTop-isWrap\">\n<article class=\"Card-root Card-is1to1 Card-default \">\n<div class=\"Card-imageWrap\">\n<div class=\"Card-picture\">\n<picture class=\"Picture-root Picture-default\"><!--[if IE 9]><video style=\"display: none;\"><![endif]--><source media=\"(-webkit-min-device-pixel-ratio: 2) and (min-resolution: 120dpi)\" data-srcset=\"&#10;                                            https:\/\/mfes.b37m.ru\/actualidad\/public_images\/2025.11\/thumbnail\/691e3cb659bf5b0a57156bdb.jpg 850w,&#10;                                    https:\/\/mfes.b37m.ru\/actualidad\/public_images\/2025.11\/article\/691e3cb559bf5b0a57156bda.jpg 1960w,            \" srcset=\"&#10;                                    data:image\/png;base64,iVBORw0KGgoAAAANSUhEUgAAABAAAAAJCAQAAACRI2S5AAAAEElEQVR42mNkIAAYRxWAAQAG9gAKqv6+AwAAAABJRU5ErkJggg==&#10;                            \"><source data-srcset=\"&#10;                                            https:\/\/mfes.b37m.ru\/actualidad\/public_images\/2025.11\/thumbnail\/691e3cb659bf5b0a57156bdb.jpg 460,&#10;                                  https:\/\/mfes.b37m.ru\/actualidad\/public_images\/2025.11\/article\/691e3cb559bf5b0a57156bda.jpg 980w,&#10;            \" srcset=\"&#10;                                    data:image\/png;base64,iVBORw0KGgoAAAANSUhEUgAAABAAAAAJCAQAAACRI2S5AAAAEElEQVR42mNkIAAYRxWAAQAG9gAKqv6+AwAAAABJRU5ErkJggg==&#10;                            \"><!--[if IE 9]><\/video><![endif]--><img decoding=\"async\" data-sizes=\"auto\" src=\"&#10;                                    data:image\/png;base64,iVBORw0KGgoAAAANSUhEUgAAABAAAAAJCAQAAACRI2S5AAAAEElEQVR42mNkIAAYRxWAAQAG9gAKqv6+AwAAAABJRU5ErkJggg==&#10;                            \" class=\"Picture-root Picture-default lazyload\" data-src=\"https:\/\/mfes.b37m.ru\/actualidad\/public_images\/2025.11\/thumbnail\/691e3cb659bf5b0a57156bdb.jpg\" alt=\"Alemania descarta pedir disculpas a Brasil tras pol\u00e9micos dichos de Merz sobre la COP30\"\/><\/source><\/source><\/picture><!-- noscript pattern --><img decoding=\"async\" src=\"https:\/\/mfes.b37m.ru\/actualidad\/public_images\/2025.11\/article\/691e3cb559bf5b0a57156bda.jpg\" alt=\"Alemania descarta pedir disculpas a Brasil tras pol\u00e9micos dichos de Merz sobre la COP30\"\/>    <\/div>\n<\/p><\/div>\n<\/article><\/div>\n<\/p><\/div>\n<p>Reaccionando a las palabras de Merz, Lula da Silva afirm\u00f3 que su\u00a0problema es que el jefe del Gobierno alem\u00e1n estaba en Par\u00e1 con la \u00abcabeza en Berl\u00edn\u00bb. \u00abSolo le cont\u00e9 una historia. Le dije que nuestra cabeza piensa donde nuestros pies pisan\u00bb, record\u00f3 Lula la conversaci\u00f3n que tuvo con Merz este s\u00e1bado durante su reuni\u00f3n. \u00ab\u00c9l vino a Brasil, pero su cabeza se qued\u00f3 en Berl\u00edn. <strong>No consigui\u00f3 conocer Bel\u00e9m<\/strong>y eso fue lo que le dije\u00bb, agreg\u00f3.<\/p>\n<p data-start=\"906\" data-end=\"940\">\u00abY le dije que cuando voy a Berl\u00edn, aunque me guste mucho Brasil, cuando llego a Alemania, como chucrut, codillo de cerdo, salchichas en los carritos. Porque no voy a viajar a otro pa\u00eds para quedarme con ganas de comer feijoada. Entonces, creo que es <strong>un problema de experiencia pol\u00edtica<\/strong>\u00ab, subray\u00f3 el mandatario. Finalmente, coment\u00f3 con iron\u00eda que\u00a0en\u00a0su pr\u00f3ximo viaje a Brasil el canciller alem\u00e1n aprender\u00e1 a apreciar el pa\u00eds. <\/p>\n<h3 data-start=\"906\" data-end=\"940\">\u00abBerl\u00edn no ofrece ni el 10 % que Par\u00e1\u00bb<\/h3>\n<p data-start=\"906\" data-end=\"940\">Anteriormente, Lula da Silva sugiri\u00f3 que Merz\u00a0\u00abtendr\u00eda que haber ido a un bar en Bel\u00e9m, tendr\u00eda que haber ido a bailar y probado la comida\u00bb\u00a0para percibir\u00a0que \u00abBerl\u00edn no ofrece ni el 10 % de lo que ofrece el estado de Par\u00e1\u00bb.<\/p>\n<div class=\"ReadMore-root Section-root Section-is1to3-xs_is1to1\" data-widgets=\"ReadMore\">\n<div class=\"Section-container Section-isRow-isTop-isWrap\">\n<article class=\"Card-root Card-is1to1 Card-default \">\n<div class=\"Card-imageWrap\">\n<div class=\"Card-picture\">\n<picture class=\"Picture-root Picture-default\"><!--[if IE 9]><video style=\"display: none;\"><![endif]--><source media=\"(-webkit-min-device-pixel-ratio: 2) and (min-resolution: 120dpi)\" data-srcset=\"&#10;                                            https:\/\/mfes.b37m.ru\/actualidad\/public_images\/2025.11\/thumbnail\/691cdb3d59bf5b4c063a9054.jpg 850w,&#10;                                    https:\/\/mfes.b37m.ru\/actualidad\/public_images\/2025.11\/article\/691cdb3c59bf5b4c063a9053.jpg 1960w,            \" srcset=\"&#10;                                    data:image\/png;base64,iVBORw0KGgoAAAANSUhEUgAAABAAAAAJCAQAAACRI2S5AAAAEElEQVR42mNkIAAYRxWAAQAG9gAKqv6+AwAAAABJRU5ErkJggg==&#10;                            \"><source data-srcset=\"&#10;                                            https:\/\/mfes.b37m.ru\/actualidad\/public_images\/2025.11\/thumbnail\/691cdb3d59bf5b4c063a9054.jpg 460,&#10;                                  https:\/\/mfes.b37m.ru\/actualidad\/public_images\/2025.11\/article\/691cdb3c59bf5b4c063a9053.jpg 980w,&#10;            \" srcset=\"&#10;                                    data:image\/png;base64,iVBORw0KGgoAAAANSUhEUgAAABAAAAAJCAQAAACRI2S5AAAAEElEQVR42mNkIAAYRxWAAQAG9gAKqv6+AwAAAABJRU5ErkJggg==&#10;                            \"><!--[if IE 9]><\/video><![endif]--><img decoding=\"async\" data-sizes=\"auto\" src=\"&#10;                                    data:image\/png;base64,iVBORw0KGgoAAAANSUhEUgAAABAAAAAJCAQAAACRI2S5AAAAEElEQVR42mNkIAAYRxWAAQAG9gAKqv6+AwAAAABJRU5ErkJggg==&#10;                            \" class=\"Picture-root Picture-default lazyload\" data-src=\"https:\/\/mfes.b37m.ru\/actualidad\/public_images\/2025.11\/thumbnail\/691cdb3d59bf5b4c063a9054.jpg\" alt=\"Lula revira al canciller alem\u00e1n: &quot;Berl\u00edn no ofrece ni el 10 % de lo que ofrece el estado de Par\u00e1&quot;\"\/><\/source><\/source><\/picture><!-- noscript pattern --><img decoding=\"async\" src=\"https:\/\/mfes.b37m.ru\/actualidad\/public_images\/2025.11\/article\/691cdb3c59bf5b4c063a9053.jpg\" alt=\"Lula revira al canciller alem\u00e1n: &quot;Berl\u00edn no ofrece ni el 10 % de lo que ofrece el estado de Par\u00e1&quot;\"\/>    <\/div>\n<\/p><\/div>\n<\/article><\/div>\n<\/p><\/div>\n<p data-start=\"906\" data-end=\"940\">Mientras, desde\u00a0Berl\u00edn intentaron bajar el tono.\u00a0\u00abDije que Alemania es uno de los pa\u00edses m\u00e1s bellos del mundo y, probablemente, el presidente Lula<strong> tambi\u00e9n lo acepte\u00bb<\/strong>,\u00a0coment\u00f3 el canciller alem\u00e1n\u00a0en una conferencia de prensa en Berl\u00edn.<\/p>\n<p data-start=\"906\" data-end=\"940\">Este s\u00e1bado, los dos mandatarios mantuvieron una reuni\u00f3n bilateral privada, tras la cual Merz asegur\u00f3 que fue \u00ab<strong>buena y agradable<\/strong>\u00ab, recoge G1,\u00a0si bien\u00a0no aclar\u00f3 si abordaron la pol\u00e9mica . El Gobierno brasile\u00f1o tampoco indic\u00f3 si el debate sobre Bel\u00e9m <strong>estaba en la agenda<\/strong> de la reuni\u00f3n,\u00a0y se\u00f1al\u00f3 que ambos l\u00edderes\u00a0acordaron fortalecer la relaci\u00f3n comercial, social, cultural y tecnol\u00f3gica entre ambos pa\u00edses.<\/p>\n<p data-track-category=\"Link no Texto\" data-track-links=\"\" data-mrf-recirculation=\"Mat\u00e9ria - Links no Texto\">Adem\u00e1s, se comunic\u00f3 que\u00a0Lula invit\u00f3 a Merz a <strong>realizar una visita a Brasil<\/strong> y acept\u00f3 una invitaci\u00f3n del canciller alem\u00e1n para ir a la ciudad de Hannover en abril de 2026 para la inauguraci\u00f3n de una feria de tecnolog\u00eda industrial en la ciudad, de la que Brasil ser\u00e1 \u00abpa\u00eds socio\u00bb.<\/p>\n<\/div>\n\n","protected":false},"excerpt":{"rendered":"<p>Las desafortunadas declaraciones del canciller alem\u00e1n, Friedrich Merz,\u00a0sobre la ciudad amaz\u00f3nica de Bel\u00e9m, anfitriona de la\u00a0COP30\u00a0en el estado brasile\u00f1o de Par\u00e1ejemplifican su falta de experiencia pol\u00edtica, evalu\u00f3 este domingo el presidente del gigante suramericano, Luiz In\u00e1cio Lula da Silva. El mandatario sali\u00f3 as\u00ed al paso de la controversia que estall\u00f3 tras un acto en Berl\u00edn, &hellip;<\/p>\n","protected":false},"author":1,"featured_media":51077,"comment_status":"open","ping_status":"open","sticky":false,"template":"","format":"standard","meta":{"fifu_image_url":"https:\/\/mfes.b37m.ru\/actualidad\/public_images\/2025.11\/article\/692319c3e9ff71049c0c3cf0.jpg","fifu_image_alt":"","footnotes":""},"categories":[13],"tags":[],"class_list":["post-51075","post","type-post","status-publish","format-standard","has-post-thumbnail","","category-mundo"],"_links":{"self":[{"href":"https:\/\/noticiasveraces.com\/index.php?rest_route=\/wp\/v2\/posts\/51075","targetHints":{"allow":["GET"]}}],"collection":[{"href":"https:\/\/noticiasveraces.com\/index.php?rest_route=\/wp\/v2\/posts"}],"about":[{"href":"https:\/\/noticiasveraces.com\/index.php?rest_route=\/wp\/v2\/types\/post"}],"author":[{"embeddable":true,"href":"https:\/\/noticiasveraces.com\/index.php?rest_route=\/wp\/v2\/users\/1"}],"replies":[{"embeddable":true,"href":"https:\/\/noticiasveraces.com\/index.php?rest_route=%2Fwp%2Fv2%2Fcomments&post=51075"}],"version-history":[{"count":0,"href":"https:\/\/noticiasveraces.com\/index.php?rest_route=\/wp\/v2\/posts\/51075\/revisions"}],"wp:featuredmedia":[{"embeddable":true,"href":"https:\/\/noticiasveraces.com\/index.php?rest_route=\/wp\/v2\/media\/51077"}],"wp:attachment":[{"href":"https:\/\/noticiasveraces.com\/index.php?rest_route=%2Fwp%2Fv2%2Fmedia&parent=51075"}],"wp:term":[{"taxonomy":"category","embeddable":true,"href":"https:\/\/noticiasveraces.com\/index.php?rest_route=%2Fwp%2Fv2%2Fcategories&post=51075"},{"taxonomy":"post_tag","embeddable":true,"href":"https:\/\/noticiasveraces.com\/index.php?rest_route=%2Fwp%2Fv2%2Ftags&post=51075"}],"curies":[{"name":"wp","href":"https:\/\/api.w.org\/{rel}","templated":true}]}}