{"id":51027,"date":"2025-11-23T02:08:49","date_gmt":"2025-11-23T06:08:49","guid":{"rendered":"https:\/\/noticiasveraces.com\/?p=51027"},"modified":"2025-11-23T02:08:49","modified_gmt":"2025-11-23T06:08:49","slug":"lanus-se-lleva-la-sudamericana-por-penaltis-ante-el-atletico-mineiro-de-sampaoli","status":"publish","type":"post","link":"https:\/\/noticiasveraces.com\/?p=51027","title":{"rendered":"Lan\u00fas se lleva la Sudamericana por penaltis ante el Atl\u00e9tico Mineiro de Sampaoli"},"content":{"rendered":"<p> \n<\/p>\n<div>\n<p data-mrf-recirculation=\"Links P\u00e1rrafos\" class=\"ue-c-article__paragraph paragraph ue-c-article--first-letter-highlighted\">El argentino Lan\u00fas se consagr\u00f3 este s\u00e1bado campe\u00f3n por segunda vez de la Copa Sudamericana al derrotar por 5-4 en penaltis al brasile\u00f1o Atl\u00e9tico Mineiro tras haber empatado 0-0 en el juego disputado en el estadio Defensores del Chaco de la ciudad paraguaya de Asunci\u00f3n.<\/p>\n<p>El &#8216;Granate&#8217; logr\u00f3 imponerse en un duelo muy cerrado, sin casi ocasiones de gol y que solo se resolvi\u00f3 desde los doce pasos, donde el portero Nahuel Losada se convirti\u00f3 en h\u00e9roe al atajar 3 remates. El t\u00edtulo conseguido por el conjunto argentino marca el cierre ideal para un torneo en el que destac\u00f3 por su regularidad y su solidez defensiva, de la mano de Mauricio Pellegrino, que se alz\u00f3 este s\u00e1bado con el primer trofeo de su carrera como entrenador.<\/p>\n<p>Con este campeonato, Lan\u00fas, que ya se hab\u00eda consagrado en 2013, logra tambi\u00e9n cambiar la p\u00e1gina tras haber perdido tres finales internacionales: Recopa 2014, Libertadores 2017 y Sudamericana 2020.<br \/>El partido comenz\u00f3 con un ritmo pausado, con los equipos intentando construir jugadas elaboradas desde la defensa.<\/p>\n<p>Pese a los repetidos intentos de Lan\u00fas por el costado derecho a trav\u00e9s de Eduardo Salvio, ex del Atl\u00e9tico Madrid y Benfica, Mineiro fue quien busc\u00f3 mayor protagonismo, aunque sin generar ocasiones claras hasta pasado el primer cuarto de juego.<\/p>\n<p>La primera jugada de peligro lleg\u00f3 en el minuto 26, cuando un tiro libre de Bernard desde el costado del \u00e1rea super\u00f3 a Losada pero impact\u00f3 en el palo. A partir de all\u00ed, solo se sucedieron una serie de remates inofensivos desde media distancia y el juego se volvi\u00f3 muy cortado, con faltas y discusiones, pese a lo cual el \u00e1rbitro chileno Piero Maza no sac\u00f3 ni una tarjeta amarilla en toda la primera mitad.<\/p>\n<p>El segundo tiempo comenz\u00f3 con un ritmo m\u00e1s vertiginoso gracias al juego m\u00e1s vertical que propusieron ambos equipos, nuevamente con el conjunto brasile\u00f1o como protagonista. Sin embargo, la fortaleza defensiva de Lan\u00fas, con Canale e Izquierdoz como pilares en la zaga, oblig\u00f3 al Mineiro a seguir rematando desde fuera del \u00e1rea y lanzando centros que no lograron conectar con Hulk, su punta de lanza.<\/p>\n<p>Los ataques granates fueron gracias a contraataques comandados por Salvio o Marcelino Moreno, pero que no lograron conectar con su goleador, Rodrigo Astudillo. Los \u00faltimos minutos del encuentro estuvieron marcados por una elevada tensi\u00f3n y por numerosas lesiones, incluyendo la del ecuatoriano Alan Franco, que hab\u00eda estado en duda hasta \u00faltimo momento y no logr\u00f3 terminar el encuentro.<\/p>\n<p>Tras mantenerse el empate 0-0, el encuentro debi\u00f3 ir a la pr\u00f3rroga, donde Mineiro recuper\u00f3 las riendas del juego gracias al impulso que le aportaron los ingresos de Gustavo Scarpa, Caio Paulista y Biel.<\/p>\n<p>El cierre del partido fue su momento m\u00e1s fren\u00e9tico, con ocasiones en ambas \u00e1reas, los dos equipos volcados al ataque y un ida y vuelta que se diferenci\u00f3 del resto del juego pero que no alcanz\u00f3 para evitar los penaltis.<br \/>Desde los doce pasos, el portero Losada se convirti\u00f3 en figura al atajar tres penaltis y otorgar as\u00ed el t\u00edtulo a Lan\u00fas.<\/p>\n<\/div>\n\n","protected":false},"excerpt":{"rendered":"<p>El argentino Lan\u00fas se consagr\u00f3 este s\u00e1bado campe\u00f3n por segunda vez de la Copa Sudamericana al derrotar por 5-4 en penaltis al brasile\u00f1o Atl\u00e9tico Mineiro tras haber empatado 0-0 en el juego disputado en el estadio Defensores del Chaco de la ciudad paraguaya de Asunci\u00f3n. El &#8216;Granate&#8217; logr\u00f3 imponerse en un duelo muy cerrado, sin &hellip;<\/p>\n","protected":false},"author":1,"featured_media":51028,"comment_status":"open","ping_status":"open","sticky":false,"template":"","format":"standard","meta":{"fifu_image_url":"https:\/\/objetos-xlk.estaticos-marca.com\/files\/article_main_microformat\/uploads\/2025\/11\/23\/692241fd5e889.jpeg","fifu_image_alt":"","footnotes":""},"categories":[6],"tags":[],"class_list":["post-51027","post","type-post","status-publish","format-standard","has-post-thumbnail","","category-deportes"],"_links":{"self":[{"href":"https:\/\/noticiasveraces.com\/index.php?rest_route=\/wp\/v2\/posts\/51027","targetHints":{"allow":["GET"]}}],"collection":[{"href":"https:\/\/noticiasveraces.com\/index.php?rest_route=\/wp\/v2\/posts"}],"about":[{"href":"https:\/\/noticiasveraces.com\/index.php?rest_route=\/wp\/v2\/types\/post"}],"author":[{"embeddable":true,"href":"https:\/\/noticiasveraces.com\/index.php?rest_route=\/wp\/v2\/users\/1"}],"replies":[{"embeddable":true,"href":"https:\/\/noticiasveraces.com\/index.php?rest_route=%2Fwp%2Fv2%2Fcomments&post=51027"}],"version-history":[{"count":0,"href":"https:\/\/noticiasveraces.com\/index.php?rest_route=\/wp\/v2\/posts\/51027\/revisions"}],"wp:featuredmedia":[{"embeddable":true,"href":"https:\/\/noticiasveraces.com\/index.php?rest_route=\/wp\/v2\/media\/51028"}],"wp:attachment":[{"href":"https:\/\/noticiasveraces.com\/index.php?rest_route=%2Fwp%2Fv2%2Fmedia&parent=51027"}],"wp:term":[{"taxonomy":"category","embeddable":true,"href":"https:\/\/noticiasveraces.com\/index.php?rest_route=%2Fwp%2Fv2%2Fcategories&post=51027"},{"taxonomy":"post_tag","embeddable":true,"href":"https:\/\/noticiasveraces.com\/index.php?rest_route=%2Fwp%2Fv2%2Ftags&post=51027"}],"curies":[{"name":"wp","href":"https:\/\/api.w.org\/{rel}","templated":true}]}}