{"id":51014,"date":"2025-11-23T00:21:34","date_gmt":"2025-11-23T04:21:34","guid":{"rendered":"https:\/\/noticiasveraces.com\/?p=51014"},"modified":"2025-11-23T00:21:34","modified_gmt":"2025-11-23T04:21:34","slug":"la-cumbre-del-clima-se-cierra-sin-ser-capaz-otra-vez-de-mencionar-el-abandono-de-los-combustibles-fosiles-clima-y-medio-ambiente","status":"publish","type":"post","link":"https:\/\/noticiasveraces.com\/?p=51014","title":{"rendered":"La cumbre del clima se cierra sin ser capaz otra vez de mencionar el abandono de los combustibles f\u00f3siles | Clima y Medio Ambiente"},"content":{"rendered":"<p> \n<br \/><img decoding=\"async\" src=\"https:\/\/imagenes.elpais.com\/resizer\/v2\/3ZV3GESQNRM3DB3FPJ2AXZTORI.jpg?auth=b5ef0af4beef9e52b30cce4c40839c1cc6ea1e208a77e54e4799c1a37fda01bd\" \/><\/p>\n<div data-dtm-region=\"articulo_cuerpo\">\n<p class=\"\">La cumbre del clima de la ONU celebrada en la ciudad brasile\u00f1a de Bel\u00e9m no ha logrado impulsar de forma directa el abandono progresivo de los principales causantes de la crisis que golpea al planeta y a la Humanidad. El solo hecho de mencionar a los combustibles f\u00f3siles \u2014el petr\u00f3leo, el gas y el carb\u00f3n\u2014 ha sido imposible en el texto final de esta cumbre, que se ha acordado con m\u00e1s de un d\u00eda de retraso por los cerca de 200 pa\u00edses que se re\u00fanen en este tipo de conferencias y que deben aprobarlo todo por consenso. Tampoco se ha incluido en esa declaraci\u00f3n final el llamamiento para impulsar una hoja de ruta para esa transici\u00f3n, el objetivo que se hab\u00eda autoimpuesto el Gobierno brasile\u00f1o para la conferencia de Bel\u00e9m, la COP30. <\/p>\n<p class=\"\">Los pa\u00edses s\u00ed han acordado triplicar los fondos que destinan para adaptaci\u00f3n a los impactos del cambio clim\u00e1tico en 2035 y establecer un \u201cdi\u00e1logo\u201d sobre comercio global, tras las cr\u00edticas de China al impuesto al di\u00f3xido de carbono puesto en marcha por la Uni\u00f3n Europea.<\/p>\n<p class=\"\">Pero la gran batalla ha sido la de los combustibles f\u00f3siles. Pese a que la ciencia es tajante desde hace muchos a\u00f1os sobre la responsabilidad de estos combustibles en la emisi\u00f3n de los gases de efecto invernadero que est\u00e1n sobrecalentando la Tierra, en las cumbres que se celebran desde hace m\u00e1s de tres d\u00e9cadas para abordar este tremendo reto es imposible que se mencionen directamente en los textos finales. Solo se puede hablar de los gases de efecto invernadero, no de abandonar los combustibles que los expulsan, algo que deja la puerta abierta a que siga aumentando su uso y el problema, como ha ocurrido desde la Revoluci\u00f3n Industrial. <\/p>\n<p class=\"\">Algunos pa\u00edses, entre los que se encontraban Colombia y Espa\u00f1a y varios miembros de la UE, han empujado de forma destacada en esta cumbre para que en la declaraci\u00f3n final figurara un llamamiento a impulsar la hoja de ruta para dejarlos atr\u00e1s. Pero el pulso lo han vuelto a ganar los petroestados, que cada vez cuentan con m\u00e1s aliados, gracias al avance del populismo ultra en el mundo. Otra vez. <\/p>\n<p class=\"\">En los 30 a\u00f1os de conversaciones y acuerdos sobre cambio clim\u00e1tico de la ONU, las menciones directas a los combustibles f\u00f3siles hab\u00edan sido un tab\u00fa. Solo en la de Dub\u00e1i, en 2023, se logr\u00f3 incluir en el texto final que se deben dejar a atr\u00e1s los combustibles f\u00f3siles. El apoyo de EE UU y la Uni\u00f3n Europea en bloque fue determinante en aquel momento, algo que no ha ocurrido en esta ocasi\u00f3n ni mucho menos.<\/p>\n<p class=\"\">Lo \u00fanico que s\u00ed se ha logrado en la declaraci\u00f3n final de ocho p\u00e1ginas es una menci\u00f3n a aquel acuerdo, pero sin el t\u00e9rmino combustibles f\u00f3siles. Se aboga adem\u00e1s por la creaci\u00f3n de un \u201cAcelerador Global de Implementaci\u00f3n\u201d, voluntario, teniendo en cuenta \u201cel Consenso de los Emiratos \u00c1rabes Unidos\u201d. Con ese nombre se hace referencia a la declaraci\u00f3n de 2023 en donde entre otras cosas se mencionaba por primera y \u00fanica vez la necesidad de dejar atr\u00e1s los combustibles, algo que no se ha conseguido repetir ni en la cumbre de 2024 ni en la de este 2025.<\/p>\n<p class=\"\">Sara Aagesen, ministra espa\u00f1ola para la Transici\u00f3n Ecol\u00f3gica, ha lamentado que se haya quedado fuera esa hoja de ruta y la menci\u00f3n expl\u00edcita a los combustibles. \u201cNo estamos contentos\u201d, ha dicho, para luego a\u00f1adir que por lo menos \u201cno se ha retrocedido\u201d. Pero es indudable que este resultado es un tanto para esos petroestados arropados por esa ola ultra. <\/p>\n<p class=\"\">El comandante en jefe de ese populismo, que niega la ciencia y el cambio clim\u00e1tico, vive en la Casa Blanca. Donald Trump ha sacado a su pa\u00eds del Acuerdo de Par\u00eds, algo que se materializar\u00e1 en enero, casi coincidiendo con el d\u00e9cimo aniversario del tratado. Adem\u00e1s de no mandar a nadie a la cumbre de Bel\u00e9m, ha vuelto a exhibir en la distancia sus maneras de \u201cmat\u00f3n\u201d, como lo llam\u00f3 desde la COP30 el gobernador de California, el dem\u00f3crata Gavin Newsom. <\/p>\n<p class=\"\">\u201cLa gente tiene que plantarse, hay que plantarse ante un mat\u00f3n\u201d, dijo en la cumbre Newsom. Unos d\u00edas despu\u00e9s de estas palabras, en la recta final de la cumbre, la Casa Blanca public\u00f3 un plan para abrir las aguas federales de toda la costa de California a las perforaciones de petr\u00f3leo. \u201cDemasiados l\u00edderes siguen cautivos de los intereses de los combustibles f\u00f3siles, en lugar de proteger el inter\u00e9s p\u00fablico\u201d, dec\u00eda el secretario general de Naciones Unidas, Ant\u00f3nio Guterres, en el arranque de esta conferencia en la ciudad amaz\u00f3nica. <\/p>\n<p class=\"\">\u201cNo es perfecto, pero es un paso en la direcci\u00f3n correcta\u201d, ha dicho sobre el texto final de la cumbre que no cita a los combustibles el comisario europeo de clima, Wopke Hoekstra. Pese al desenlace tan tenso de la cumbre, \ufe0fLaurence Tubiana, arquitecta del Acuerdo de Par\u00eds y una referencia en la diplomacia clim\u00e1tica, ha querido resaltar el lado m\u00e1s positivo de Bel\u00e9m. \u201cEl multilateralismo perdura\u201d, ha dicho. \u201cHemos demostrado que Trump estaba equivocado, la acci\u00f3n clim\u00e1tica es imparable\u201d, ha interpretado. En esa misma direcci\u00f3n ha apuntado Mary Robinson, expresidenta de Irlanda y destacada activista clim\u00e1tica: \u201cEste acuerdo no es perfecto y est\u00e1 lejos de lo que exige la ciencia. Pero en un momento en que se est\u00e1 poniendo a prueba el multilateralismo, es significativo que los pa\u00edses sigan avanzando juntos\u201d.<\/p>\n<h3 class=\"\">Propuesta de Lula <\/h3>\n<p class=\"\">Pocos d\u00edas antes de comenzar la conferencia, el Gobierno de Brasil tambi\u00e9n hab\u00eda autorizado prospecciones para buscar petr\u00f3leo en el delta del Amazonas. Y la cumbre de Bel\u00e9m se acercaba sin que se esperara que salieran grandes avances ni titulares contundentes. Pero el presidente brasile\u00f1o y anfitri\u00f3n de la cita, Luiz In\u00e1cio Lula da Silva, se encarg\u00f3 de meterle presi\u00f3n a esta cita cuando insisti\u00f3 en poner sobre la mesa un objetivo: que de la conferencia saliera un impulso a una hoja de ruta para dejar atr\u00e1s los combustibles f\u00f3siles. <\/p>\n<p class=\"\">Ahora, en el marco del cierre de esta cumbre, el Gobierno de Brasil ha anunciado que impulsar\u00e1, al margen de este sistema de la ONU, una iniciativa sobre esa hoja de ruta sobre combustibles y tambi\u00e9n sobre deforestaci\u00f3n. Y el apoyo a la conferencia que Colombia y Pa\u00edses Bajos quieren celebrar en abril con el foco en esta transici\u00f3n. \u201cSabemos que muchos de ustedes tienen grandes ambiciones\u201d, ha sostenido el presidente de la COP30, el diplom\u00e1tico brasile\u00f1o Andr\u00e9 Corr\u00eaa do Lago, en el plenario de cierre. <\/p>\n<p class=\"\">Tras el llamamiento de Lula al inicio de la COP30, varios pa\u00edses se lanzaron a apoyar su idea. En la recta final de la cumbre, un grupo de 40 pa\u00edses enviaron una carta a Corr\u00eaa do Lago, en la que ped\u00edan esa hoja de ruta. Advert\u00edan de que en esta conferencia \u201cel mundo\u201d esperaba que se \u201cdemuestre continuidad y progreso\u201d. \u201cCualquier cosa menos, inevitablemente se ver\u00eda como un paso atr\u00e1s\u201d, a\u00f1ad\u00edan. <\/p>\n<p class=\"\">Entre los firmantes estaban Espa\u00f1a, el Reino Unido, Alemania, Francia, Colombia, M\u00e9xico, Corea del Sur y Suecia. No la Uni\u00f3n Europea, que ha tenido sus propios problemas internos ante las reticencias de algunos pa\u00edses, como Polonia e Italia, a sumarse a esa iniciativa. Aunque en algunas reuniones el comisario europeo Hoekstra, manten\u00eda la presi\u00f3n para que se incluyera la hoja de ruta, desde Johannesburgo lleg\u00f3 justo en la recta final un mazazo que sonaba a desautorizaci\u00f3n. La presidenta de la Comisi\u00f3n Europea, Ursula von der Leyen, sostuvo en una conferencia de prensa: \u201cNo estamos luchando contra los combustibles f\u00f3siles, estamos luchando contra las emisiones de los combustibles f\u00f3siles\u201d.<\/p>\n<p class=\"\">Casi el mismo argumento que exponen en p\u00fablico esos petroestados para bloquear en las cumbres las alusiones al petr\u00f3leo, el gas y el carb\u00f3n. Finalmente, el viernes ya se hab\u00eda ca\u00eddo toda menci\u00f3n a los combustibles f\u00f3siles en el texto final, y Corr\u00eaa do Lago argument\u00f3 que al menos 80 pa\u00edses rechazaban esas alusiones. La forma de sacar adelante estas negociaciones por parte de este diplom\u00e1tico han sido pol\u00e9micas hasta el mismo final. Porque varios pa\u00edses, entre ellos Colombia o Uruguay, han lamentado que haya aprobado los textos finales a topa prisa, sin mirar al plenario y sin dar la oportunidad a los delegados de los pa\u00edses a intervenir.  <\/p>\n<h3 class=\"\">Adaptaci\u00f3n<\/h3>\n<p class=\"\">Las cumbres del clima, y las negociaciones de este tipo, se centran principalmente en temas de mitigaci\u00f3n, es decir, recorte de los gases de efecto invernadero, y en la financiaci\u00f3n que los pa\u00edses ricos deben movilizar para las naciones con menos recursos, que son adem\u00e1s las que tienen menos responsabilidad sobre el cambio clim\u00e1tico. Pero la adaptaci\u00f3n, c\u00f3mo protegerse y prepararse para el calentamiento que ya es irreversible, no tiene tanto espacio. <\/p>\n<p class=\"\">Adem\u00e1s del compromiso para triplicar los fondos de adaptaci\u00f3n a las consecuencias del cambio clim\u00e1tico en 2030, la cumbre de Bel\u00e9m conseguido aprobar un conjunto de indicadores, unos 60 en total, que servir\u00e1n a los pa\u00edses para poder medir c\u00f3mo est\u00e1n realizando esa adaptaci\u00f3n y sus consecuencias. Entre otros, figuran en el texto aprobado el nivel de estr\u00e9s h\u00eddrico o el de eficiencia en el uso del agua. O la tasa de mortalidad asociada a impactos clim\u00e1ticos, o el nivel de incidencia de enfermedades infecciosas sensibles al clima. Pero lo que sale de Bel\u00e9m, deja claro el texto, es algo voluntario y que no crear\u00e1 nuevas cargas financieras para ning\u00fan pa\u00eds, como tambi\u00e9n se deja claro en el texto. <\/p>\n<\/div>\n\n","protected":false},"excerpt":{"rendered":"<p>La cumbre del clima de la ONU celebrada en la ciudad brasile\u00f1a de Bel\u00e9m no ha logrado impulsar de forma directa el abandono progresivo de los principales causantes de la crisis que golpea al planeta y a la Humanidad. El solo hecho de mencionar a los combustibles f\u00f3siles \u2014el petr\u00f3leo, el gas y el carb\u00f3n\u2014 &hellip;<\/p>\n","protected":false},"author":1,"featured_media":51016,"comment_status":"open","ping_status":"open","sticky":false,"template":"","format":"standard","meta":{"fifu_image_url":"https:\/\/imagenes.elpais.com\/resizer\/v2\/3ZV3GESQNRM3DB3FPJ2AXZTORI.jpg?auth=b5ef0af4beef9e52b30cce4c40839c1cc6ea1e208a77e54e4799c1a37fda01bd&width=1200","fifu_image_alt":"","footnotes":""},"categories":[11],"tags":[],"class_list":["post-51014","post","type-post","status-publish","format-standard","has-post-thumbnail","","category-viaje"],"_links":{"self":[{"href":"https:\/\/noticiasveraces.com\/index.php?rest_route=\/wp\/v2\/posts\/51014","targetHints":{"allow":["GET"]}}],"collection":[{"href":"https:\/\/noticiasveraces.com\/index.php?rest_route=\/wp\/v2\/posts"}],"about":[{"href":"https:\/\/noticiasveraces.com\/index.php?rest_route=\/wp\/v2\/types\/post"}],"author":[{"embeddable":true,"href":"https:\/\/noticiasveraces.com\/index.php?rest_route=\/wp\/v2\/users\/1"}],"replies":[{"embeddable":true,"href":"https:\/\/noticiasveraces.com\/index.php?rest_route=%2Fwp%2Fv2%2Fcomments&post=51014"}],"version-history":[{"count":0,"href":"https:\/\/noticiasveraces.com\/index.php?rest_route=\/wp\/v2\/posts\/51014\/revisions"}],"wp:featuredmedia":[{"embeddable":true,"href":"https:\/\/noticiasveraces.com\/index.php?rest_route=\/wp\/v2\/media\/51016"}],"wp:attachment":[{"href":"https:\/\/noticiasveraces.com\/index.php?rest_route=%2Fwp%2Fv2%2Fmedia&parent=51014"}],"wp:term":[{"taxonomy":"category","embeddable":true,"href":"https:\/\/noticiasveraces.com\/index.php?rest_route=%2Fwp%2Fv2%2Fcategories&post=51014"},{"taxonomy":"post_tag","embeddable":true,"href":"https:\/\/noticiasveraces.com\/index.php?rest_route=%2Fwp%2Fv2%2Ftags&post=51014"}],"curies":[{"name":"wp","href":"https:\/\/api.w.org\/{rel}","templated":true}]}}