{"id":50987,"date":"2025-11-22T19:16:08","date_gmt":"2025-11-22T23:16:08","guid":{"rendered":"https:\/\/noticiasveraces.com\/?p=50987"},"modified":"2025-11-22T19:16:08","modified_gmt":"2025-11-22T23:16:08","slug":"frank-walter-steinmeier-presidente-aleman-el-ataque-ruso-contra-ucrania-es-tambien-un-ataque-contra-nuestra-forma-europea-de-vivir","status":"publish","type":"post","link":"https:\/\/noticiasveraces.com\/?p=50987","title":{"rendered":"Frank-Walter Steinmeier, presidente alem\u00e1n: &quot;El ataque ruso contra Ucrania es tambi\u00e9n un ataque contra nuestra forma europea de vivir&quot;"},"content":{"rendered":"<p> \n<br \/>El presidente federal de Alemania viaja a Espa\u00f1a la semana pr\u00f3xima, invitado por Felipe VI. Socialdem\u00f3crata respetado (aunque ejerce su cargo sin vinculaci\u00f3n partidista), se ver\u00e1 con S\u00e1nchez, acudir\u00e1 al Congreso y a un Foro Econ\u00f3mico e ir\u00e1 a Gernika. Es la primera visita de Estado de un mandatario germano en 23 a\u00f1os&nbsp;Leer<img decoding=\"async\" src=\"http:\/\/secure-uk.imrworldwide.com\/cgi-bin\/m?cid=es-widgetueditorial&amp;cg=rss-elmundo&amp;ci=es-widgetueditorial&amp;si=http:\/\/www.elmundo.es\/rss\/internacional.xml\" alt=\"\" \/><br \/>\n<br \/>\n","protected":false},"excerpt":{"rendered":"<p>El presidente federal de Alemania viaja a Espa\u00f1a la semana pr\u00f3xima, invitado por Felipe VI. Socialdem\u00f3crata respetado (aunque ejerce su cargo sin vinculaci\u00f3n partidista), se ver\u00e1 con S\u00e1nchez, acudir\u00e1 al Congreso y a un Foro Econ\u00f3mico e ir\u00e1 a Gernika. Es la primera visita de Estado de un mandatario germano en 23 a\u00f1os&nbsp;Leer<\/p>\n","protected":false},"author":1,"featured_media":50988,"comment_status":"open","ping_status":"open","sticky":false,"template":"","format":"standard","meta":{"fifu_image_url":"https:\/\/phantom-elmundo.uecdn.es\/d33a01833c7cb3e2eb3b4d3823bd3975\/crop\/0x0\/3072x2048\/resize\/1200\/f\/webp\/assets\/multimedia\/imagenes\/2025\/11\/22\/17638222036546.jpg","fifu_image_alt":"","footnotes":""},"categories":[13],"tags":[],"class_list":["post-50987","post","type-post","status-publish","format-standard","has-post-thumbnail","","category-mundo"],"_links":{"self":[{"href":"https:\/\/noticiasveraces.com\/index.php?rest_route=\/wp\/v2\/posts\/50987","targetHints":{"allow":["GET"]}}],"collection":[{"href":"https:\/\/noticiasveraces.com\/index.php?rest_route=\/wp\/v2\/posts"}],"about":[{"href":"https:\/\/noticiasveraces.com\/index.php?rest_route=\/wp\/v2\/types\/post"}],"author":[{"embeddable":true,"href":"https:\/\/noticiasveraces.com\/index.php?rest_route=\/wp\/v2\/users\/1"}],"replies":[{"embeddable":true,"href":"https:\/\/noticiasveraces.com\/index.php?rest_route=%2Fwp%2Fv2%2Fcomments&post=50987"}],"version-history":[{"count":0,"href":"https:\/\/noticiasveraces.com\/index.php?rest_route=\/wp\/v2\/posts\/50987\/revisions"}],"wp:featuredmedia":[{"embeddable":true,"href":"https:\/\/noticiasveraces.com\/index.php?rest_route=\/wp\/v2\/media\/50988"}],"wp:attachment":[{"href":"https:\/\/noticiasveraces.com\/index.php?rest_route=%2Fwp%2Fv2%2Fmedia&parent=50987"}],"wp:term":[{"taxonomy":"category","embeddable":true,"href":"https:\/\/noticiasveraces.com\/index.php?rest_route=%2Fwp%2Fv2%2Fcategories&post=50987"},{"taxonomy":"post_tag","embeddable":true,"href":"https:\/\/noticiasveraces.com\/index.php?rest_route=%2Fwp%2Fv2%2Ftags&post=50987"}],"curies":[{"name":"wp","href":"https:\/\/api.w.org\/{rel}","templated":true}]}}