{"id":50982,"date":"2025-11-22T18:14:53","date_gmt":"2025-11-22T22:14:53","guid":{"rendered":"https:\/\/noticiasveraces.com\/?p=50982"},"modified":"2025-11-22T18:14:53","modified_gmt":"2025-11-22T22:14:53","slug":"cop30-sella-un-acuerdo-de-adaptacion-y-financiacion-pero-deja-fuera-a-los-combustibles-fosiles","status":"publish","type":"post","link":"https:\/\/noticiasveraces.com\/?p=50982","title":{"rendered":"COP30 sella un acuerdo de adaptaci\u00f3n y financiaci\u00f3n, pero deja fuera a los combustibles f\u00f3siles"},"content":{"rendered":"<p> \n<\/p>\n<div>\n<p>El texto de la COP30 publicado el s\u00e1bado en la web oficial , que deja fuera la Hoja de Ruta impulsada por Lula, <strong>recibido la aprobaci\u00f3n formal en plenaria<\/strong>pero plantea una pregunta central: \u00bfpor qu\u00e9 no menciona de forma expl\u00edcita los combustibles f\u00f3siles?<\/p>\n<p>\u00bfQu\u00e9 s\u00ed aparece en el documento? Los grandes objetivos del Acuerdo de Par\u00eds: <strong>mantener el calentamiento global muy por debajo de los 2 \u00baC e intentar no superar 1,5 \u00baC.<\/strong><\/p>\n<p>Se\u00f1ala que el \u201cpresupuesto de carbono\u201d compatible con 1,5 \u00baC casi se ha agotado, que las emisiones actuales no van en l\u00ednea con esa meta y que, por tanto, es imprescindible reducir los gases de efecto invernadero, pero sin vincularlo de forma directa a un compromiso multilateral de abandono de los f\u00f3siles.<\/p>\n<p>Sin embargo, los Estados deber\u00e1n presentar\u00a0nuevas contribuciones determinadas a nivel nacional m\u00e1s ambiciosas, de alcance econ\u00f3mico global y alineadas expl\u00edcitamente con el objetivo de 1,5 \u00baC.<\/p>\n<p>El texto insta a actualizar sus estrategias de desarrollo a largo plazo con bajas emisiones de carbono de aqu\u00ed a mediados de siglo. Requiere reducciones profundas, r\u00e1pidas y sostenidas en las emisiones globales de gases de efecto invernadero del 43% para 2030 y 60% para 2035 y<strong> alcanzar emisiones netas de carbono cero emisiones de di\u00f3xido de carbono para 2050. <\/strong><\/p>\n<p>En el documento se <strong>pide triplicar la financiaci\u00f3n para adaptaci\u00f3n clim\u00e1tica de los pa\u00edses en desarrollo durante los pr\u00f3ximos diez a\u00f1os,<\/strong> cinco a\u00f1os m\u00e1s tarde que el borrador anterior. <\/p>\n<p>Tambi\u00e9n hay un reconocimiento a que los pa\u00edses en desarrollo tienen dificultades para financiar sus planes nacionales y se\u00f1ala que la financiaci\u00f3n para adaptaci\u00f3n tendr\u00e1 que aumentar, pero no dice c\u00f3mo ni cu\u00e1ndo ni cu\u00e1nto. <\/p>\n<p>El llamado es a escalar de forma significativa los recursos, en particular subvenciones y financiaci\u00f3n concesional, y a reformar la arquitectura financiera multilateral para que el dinero fluya realmente hacia la adaptaci\u00f3n y la resiliencia en esos pa\u00edses vulnerables. <\/p>\n<p>Tambi\u00e9n prev\u00e9 instaurar un \u201cdi\u00e1logo\u201d sobre el comercio mundial, una novedad en las negociaciones clim\u00e1ticas, pese a que<strong> China encabeza la resistencia de los pa\u00edses emergentes contra los aranceles al carbono en las fronteras. <\/strong><\/p>\n<p>El acuerdo anima a que todos los pa\u00edses presenten sus informes bienales de transparencia y respalda iniciativas espec\u00edficas como la Baku Global Climate Transparency Platform, pensada para ayudar a los pa\u00edses en desarrollo a medir y reportar mejor sus avances.<\/p>\n<p>Adem\u00e1s, <strong>prolonga hasta 2026 el llamado di\u00e1logo de los Emiratos \u00c1rabes Unidos sobre la implementaci\u00f3n de los resultados del balance mundial<\/strong> (global stocktake), con pistas de trabajo sobre mitigaci\u00f3n, adaptaci\u00f3n, financiaci\u00f3n, p\u00e9rdidas y da\u00f1os, y cooperaci\u00f3n internacional. <\/p>\n<p>Subraya la importancia de \u201cdetener y revertir la deforestaci\u00f3n para 2030\u201d, pero tampoco deja claro de qu\u00e9 manera. <\/p>\n<p>\u2060La Hoja de Ruta se publicar\u00e1 por separado, como iniciativa exclusiva de la presidencia brasile\u00f1a, seg\u00fan el presidente de la COP30, Correa Lago. Esta opci\u00f3n buscar\u00eda asegurar que el tema avance incluso sin consenso entre los pa\u00edses. <strong>Brasil todav\u00eda tiene 11 meses de mandato en la presidencia de la COP.<\/strong><\/p>\n<h2><strong>El punto de inflexi\u00f3n <\/strong><\/h2>\n<div class=\"m-em-image\">\n<figure class=\"m-item-image m-item-image--original m-item-image--has-caption\">\n<picture class=\"a-picture a-picture--original\"><source type=\"image\/webp\" srcset=\"https:\/\/s.france24.com\/media\/display\/4b303a14-c7b3-11f0-a785-005056a97e36\/w:246\/000-84QL7JC.webp 246w,https:\/\/s.france24.com\/media\/display\/4b303a14-c7b3-11f0-a785-005056a97e36\/w:388\/000-84QL7JC.webp 388w,https:\/\/s.france24.com\/media\/display\/4b303a14-c7b3-11f0-a785-005056a97e36\/w:720\/000-84QL7JC.webp 720w,https:\/\/s.france24.com\/media\/display\/4b303a14-c7b3-11f0-a785-005056a97e36\/w:980\/000-84QL7JC.webp 980w\" sizes=\"(max-width: 1023px) calc(100vw - 32px), (min-width: 1024px) 850px\"><img decoding=\"async\" fetchpriority=\"low\" src=\"https:\/\/s.france24.com\/media\/display\/4b303a14-c7b3-11f0-a785-005056a97e36\/w:980\/000-84QL7JC.jpg\" srcset=\"https:\/\/s.france24.com\/media\/display\/4b303a14-c7b3-11f0-a785-005056a97e36\/w:246\/000-84QL7JC.jpg 246w,https:\/\/s.france24.com\/media\/display\/4b303a14-c7b3-11f0-a785-005056a97e36\/w:388\/000-84QL7JC.jpg 388w,https:\/\/s.france24.com\/media\/display\/4b303a14-c7b3-11f0-a785-005056a97e36\/w:720\/000-84QL7JC.jpg 720w,https:\/\/s.france24.com\/media\/display\/4b303a14-c7b3-11f0-a785-005056a97e36\/w:980\/000-84QL7JC.jpg 980w\" sizes=\"(max-width: 1023px) calc(100vw - 32px), (min-width: 1024px) 850px\" alt=\"El presidente de la COP30, Andre Correa do Lago, habla durante una sesi\u00f3n plenaria en Belem, Brasil, el 21 de noviembre de 2025.\" style=\"max-height:567px\" loading=\"lazy\" class=\"a-img \"\/><\/source><\/picture><figcaption class=\"a-figcaption\">\n                <span>Sesi\u00f3n plenaria de la COP30 en Bel\u00e9m, Brasil, el 21 de noviembre de 2025.<\/span>                <span>\u00a9 Pablo Prociuncula, AFP<\/span>            <\/figcaption><\/figure>\n<\/p><\/div>\n<p>La combusti\u00f3n del carb\u00f3n, petr\u00f3leo o gas, ampliamente responsable del calentamiento global, no fue mencionada en el documento. No se incluye una f\u00f3rmula clara de salida o eliminaci\u00f3n progresiva de esos combustibles, por lo tanto, no fija una soluci\u00f3n expl\u00edcita.<\/p>\n<blockquote class=\"quote\">\n<p>Las decisiones del pasado con respecto a este tema sonaban prometedoras. En 2023, los pa\u00edses se comprometieron por primera vez en la historia de las COP a \u201crealizar una transici\u00f3n justa, ordenada y equitativa hacia la eliminaci\u00f3n de los combustibles f\u00f3siles en los sistemas energ\u00e9ticos\u201d.<\/p>\n<\/blockquote>\n<p>Sin embargo, <strong>los pa\u00edses productores o altamente dependientes de los combustibles f\u00f3siles han bloqueado todos los intentos de reiterar esa se\u00f1al en el marco multilateral.<\/strong><\/p>\n<p>\u201cA medida que la ambici\u00f3n clim\u00e1tica nacional se desacelera, las negociaciones internacionales quedan limitadas por una voluntad pol\u00edtica en declive. Cuando Estados Unidos se retira, los dem\u00e1s actores se vuelven prudentes e indecisos\u201d, afirma el analista Li Shuo, de Asia Society en Washington.<\/p>\n<p>Pa\u00edses como Rusia, Arabia Saudita e India han sido identificados por Francia como la vanguardia del bloque que se opone a incluir a los combustibles f\u00f3siles en el texto, aunque no son los \u00fanicos actores.<\/p>\n<p>Para una parte importante del mundo en desarrollo, la prioridad al llegar a Brasil hace dos semanas no era esa batalla, sino asegurar m\u00e1s recursos de financiaci\u00f3n clim\u00e1tica, que consideran una urgencia mayor.<\/p>\n<p>No obstante, los esfuerzos relacionados con la reducci\u00f3n de combustibles f\u00f3siles s\u00ed son una demanda de numerosos Estados, incluidos los europeos.<\/p>\n<h2><strong>La Uni\u00f3n Europea no bloquea el proyecto<\/strong><\/h2>\n<p>Pese al escaso avance en las demandas del bloque, la Uni\u00f3n Europea no se opuso al proyecto de acuerdo final, anunci\u00f3 el comisario europeo Wopke Hoekstra.<\/p>\n<blockquote class=\"quote\">\n<p>\u201cDebemos apoyarlo porque, al menos, nos lleva en la direcci\u00f3n correcta\u201d, declar\u00f3 Hoekstra tras una noche de negociaciones y una reuni\u00f3n de coordinaci\u00f3n con los Veintisiete. \u201cNo vamos a ocultar que habr\u00edamos preferido m\u00e1s, y m\u00e1s ambici\u00f3n en todo\u201d.<\/p>\n<\/blockquote>\n<p>A continuaci\u00f3n, la ministra francesa de Transici\u00f3n Ecol\u00f3gica, Monique Barbut, a\u00f1adi\u00f3: \u201cNo nos opondremos al texto que se presentar\u00e1. No nos oponemos porque no hay nada extraordinariamente problem\u00e1tico dentro. Es un texto bastante plano\u201d.<\/p>\n<p>Seg\u00fan Barbut, los europeos prefirieron aceptar el texto para contrarrestar la cr\u00edtica de que su resistencia se deb\u00eda a que no quer\u00edan comprometer fondos para los pa\u00edses m\u00e1s pobres.<\/p>\n<p>Hoekstra destac\u00f3 que el proyecto incluye financiaci\u00f3n adicional: \u201cEstamos haciendo un esfuerzo muy importante para ayudarles a financiar su adaptaci\u00f3n\u201d, afirm\u00f3 el comisario.<\/p>\n<p>Con AFP, EFE y medios locales <\/p>\n<\/p><\/div>\n\n","protected":false},"excerpt":{"rendered":"<p>El texto de la COP30 publicado el s\u00e1bado en la web oficial , que deja fuera la Hoja de Ruta impulsada por Lula, recibido la aprobaci\u00f3n formal en plenariapero plantea una pregunta central: \u00bfpor qu\u00e9 no menciona de forma expl\u00edcita los combustibles f\u00f3siles? \u00bfQu\u00e9 s\u00ed aparece en el documento? Los grandes objetivos del Acuerdo de &hellip;<\/p>\n","protected":false},"author":1,"featured_media":50984,"comment_status":"open","ping_status":"open","sticky":false,"template":"","format":"standard","meta":{"fifu_image_url":"https:\/\/s.france24.com\/media\/display\/9d7cf9d2-c7c3-11f0-9a53-005056a90284\/w:1280\/p:16x9\/2025-11-22T163126Z-2019184273-RC2R1IAO17XU-RTRMADP-3-CLIMATE-COP30.jpg","fifu_image_alt":"","footnotes":""},"categories":[13],"tags":[],"class_list":["post-50982","post","type-post","status-publish","format-standard","has-post-thumbnail","","category-mundo"],"_links":{"self":[{"href":"https:\/\/noticiasveraces.com\/index.php?rest_route=\/wp\/v2\/posts\/50982","targetHints":{"allow":["GET"]}}],"collection":[{"href":"https:\/\/noticiasveraces.com\/index.php?rest_route=\/wp\/v2\/posts"}],"about":[{"href":"https:\/\/noticiasveraces.com\/index.php?rest_route=\/wp\/v2\/types\/post"}],"author":[{"embeddable":true,"href":"https:\/\/noticiasveraces.com\/index.php?rest_route=\/wp\/v2\/users\/1"}],"replies":[{"embeddable":true,"href":"https:\/\/noticiasveraces.com\/index.php?rest_route=%2Fwp%2Fv2%2Fcomments&post=50982"}],"version-history":[{"count":0,"href":"https:\/\/noticiasveraces.com\/index.php?rest_route=\/wp\/v2\/posts\/50982\/revisions"}],"wp:featuredmedia":[{"embeddable":true,"href":"https:\/\/noticiasveraces.com\/index.php?rest_route=\/wp\/v2\/media\/50984"}],"wp:attachment":[{"href":"https:\/\/noticiasveraces.com\/index.php?rest_route=%2Fwp%2Fv2%2Fmedia&parent=50982"}],"wp:term":[{"taxonomy":"category","embeddable":true,"href":"https:\/\/noticiasveraces.com\/index.php?rest_route=%2Fwp%2Fv2%2Fcategories&post=50982"},{"taxonomy":"post_tag","embeddable":true,"href":"https:\/\/noticiasveraces.com\/index.php?rest_route=%2Fwp%2Fv2%2Ftags&post=50982"}],"curies":[{"name":"wp","href":"https:\/\/api.w.org\/{rel}","templated":true}]}}