{"id":50953,"date":"2025-11-22T13:40:21","date_gmt":"2025-11-22T17:40:21","guid":{"rendered":"https:\/\/noticiasveraces.com\/?p=50953"},"modified":"2025-11-22T13:40:21","modified_gmt":"2025-11-22T17:40:21","slug":"jhon-jader-duran-presume-lujos-y-lanza-misterioso-mensaje-en-sus-redes-sociales-vea-fotos-curiosidades-de-futbol","status":"publish","type":"post","link":"https:\/\/noticiasveraces.com\/?p=50953","title":{"rendered":"Jhon J\u00e1der Dur\u00e1n presume lujos y lanza misterioso mensaje en sus redes sociales: vea fotos | Curiosidades de f\u00fatbol"},"content":{"rendered":"<p> \n<\/p>\n<div id=\"cuerpoArticulo\">\n<p class=\"texto intro cnx-companion-firstparagraph\" id=\"p258933-m852-851-853\">Jhon Jader Dur\u00e1n sigue siendo tema de conversaci\u00f3n y esta vez, no precisamente por sus goles o actuaciones en el f\u00fatbol europeo, sino por una serie de fotos que public\u00f3 en sus redes sociales, donde dej\u00f3 ver varios lujos que se da mientras vive en Turqu\u00eda. <\/p>\n<p>El actual delantero del Feberbahce intenta recuperar su mejor nivel, luego de sufrir una lesi\u00f3n que lo dej\u00f3 por varias semanas fuera de las canchas. <\/p>\n<p>Pero como todo futbolista, tambi\u00e9n hay una vida afuera de las canchas, que, generalmente, suelen compartir algunos detalles en las redes sociales. <\/p>\n<p class=\"texto contenido-parrafo-articulo cnx-companion-paragraph\" id=\"p258933-m915-3-916\">En el caso de Dur\u00e1n, volvi\u00f3 a reaparecer en su cuenta de Instagram, donde acumula 1.4 millones de seguidores con una particular publicaci\u00f3n. <\/p>\n<div class=\"fotografia caja-articulo\" id=\"p258933-m921-4-922\">\n<div class=\"imagen-cuerpo-bk\">\n<figure itemscope=\"\" itemtype=\"https:\/\/schema.org\/ImageObject\" itemprop=\"image\" id=\"m926-925-927\" class=\"foto-galeria-articulo imagen-articulo foto-texto-articulo-galeria\"><img decoding=\"async\" alt=\"Jhon Dur\u00e1n}\" src=\"data:image\/png;base64,iVBORw0KGgoAAAANSUhEUgAAAAEAAAABCAQAAAC1HAwCAAAAC0lEQVR42mP8\/x0AAvsB+DlKarAAAAAASUVORK5CYII=\" style=\" display: inline;\" data-original=\"\/files\/article_content\/uploads\/2025\/11\/06\/690d1916923be.jpeg\"\/><meta itemprop=\"width\" content=\"600\"\/><meta itemprop=\"height\" content=\"450\"\/> <meta itemprop=\"url\" content=\"https:\/\/www.futbolred.com\/files\/article_content\/uploads\/2025\/11\/06\/690d1916923be.jpeg\"\/><\/figure>\n<\/div>\n<div class=\"figcaption-cuerpo-bk credito-image-bk\"><figcaption class=\"foto-info\">\n<div class=\"titulo-foto-bk\">\n<p id=\"m933-1-934\" class=\"titulo pie-de-foto\">Jhon Dur\u00e1n en Viktoria Plzen vs. Fenerbahce<\/p>\n<\/div>\n<p class=\"credito\">\n                            <span class=\"linea pre_credito\">Foto:<\/span><\/p>\n<p>                        <span id=\"m939-2-940\" class=\"autor\">Michal \u017di\u017eek \/ AFP<\/span><\/p>\n<\/figcaption><\/div>\n<\/p><\/div>\n<p class=\"texto contenido-parrafo-articulo cnx-companion-paragraph\" id=\"p258933-m947-5-948\">Tal parece, Jhon J\u00e1der no se priva de lujos, pues algunas de sus fotograf\u00edas, lo dejan ver junto a seres queridos en una lujosa aeronave, as\u00ed como portando joyas y relojes de alta calidad. <\/p>\n<p>Pero las im\u00e1genes no fueron lo \u00fanico que llam\u00f3 la atenci\u00f3n; pues tambi\u00e9n dej\u00f3 un mensaje que abri\u00f3 la puerta a rumores. \u201cNada fuera de lo normal, solo disfrutando de la vida\u201d, escribi\u00f3 el delantero.<\/p>\n<p>Dentro de la publicaci\u00f3n tambi\u00e9n incluy\u00f3 una foto de Adriano y otra del actor Will Smith, haciendo una se\u00f1a con el dedo.<\/p>\n<p>Fueron dos semanas en las que el colombiano permaneci\u00f3 inactivo de las redes sociales y con esta publicaci\u00f3n realizada el pasado 19 de noviembre, volvi\u00f3 a ser tendencia en internet. <\/p>\n<p><span class=\"articulo-subtitulo subtitulo2 espacio-contenido cnx-companion-subtitle\" id=\"p258933-m953-6-954\">Vea las fotograf\u00edas que public\u00f3 Jhon Jader Dur\u00e1n<\/span><\/div>\n\n","protected":false},"excerpt":{"rendered":"<p>Jhon Jader Dur\u00e1n sigue siendo tema de conversaci\u00f3n y esta vez, no precisamente por sus goles o actuaciones en el f\u00fatbol europeo, sino por una serie de fotos que public\u00f3 en sus redes sociales, donde dej\u00f3 ver varios lujos que se da mientras vive en Turqu\u00eda. El actual delantero del Feberbahce intenta recuperar su mejor &hellip;<\/p>\n","protected":false},"author":1,"featured_media":50954,"comment_status":"open","ping_status":"open","sticky":false,"template":"","format":"standard","meta":{"fifu_image_url":"https:\/\/www.futbolred.com\/files\/og_thumbnail\/uploads\/2025\/11\/20\/691f8d149b2e4.jpeg","fifu_image_alt":"","footnotes":""},"categories":[6],"tags":[],"class_list":["post-50953","post","type-post","status-publish","format-standard","has-post-thumbnail","","category-deportes"],"_links":{"self":[{"href":"https:\/\/noticiasveraces.com\/index.php?rest_route=\/wp\/v2\/posts\/50953","targetHints":{"allow":["GET"]}}],"collection":[{"href":"https:\/\/noticiasveraces.com\/index.php?rest_route=\/wp\/v2\/posts"}],"about":[{"href":"https:\/\/noticiasveraces.com\/index.php?rest_route=\/wp\/v2\/types\/post"}],"author":[{"embeddable":true,"href":"https:\/\/noticiasveraces.com\/index.php?rest_route=\/wp\/v2\/users\/1"}],"replies":[{"embeddable":true,"href":"https:\/\/noticiasveraces.com\/index.php?rest_route=%2Fwp%2Fv2%2Fcomments&post=50953"}],"version-history":[{"count":0,"href":"https:\/\/noticiasveraces.com\/index.php?rest_route=\/wp\/v2\/posts\/50953\/revisions"}],"wp:featuredmedia":[{"embeddable":true,"href":"https:\/\/noticiasveraces.com\/index.php?rest_route=\/wp\/v2\/media\/50954"}],"wp:attachment":[{"href":"https:\/\/noticiasveraces.com\/index.php?rest_route=%2Fwp%2Fv2%2Fmedia&parent=50953"}],"wp:term":[{"taxonomy":"category","embeddable":true,"href":"https:\/\/noticiasveraces.com\/index.php?rest_route=%2Fwp%2Fv2%2Fcategories&post=50953"},{"taxonomy":"post_tag","embeddable":true,"href":"https:\/\/noticiasveraces.com\/index.php?rest_route=%2Fwp%2Fv2%2Ftags&post=50953"}],"curies":[{"name":"wp","href":"https:\/\/api.w.org\/{rel}","templated":true}]}}