{"id":50950,"date":"2025-11-22T12:45:02","date_gmt":"2025-11-22T16:45:02","guid":{"rendered":"https:\/\/noticiasveraces.com\/?p=50950"},"modified":"2025-11-22T12:45:02","modified_gmt":"2025-11-22T16:45:02","slug":"el-papa-leon-xiv-nombro-a-elieser-rivero-como-obispo-de-la-diocesis-de-san-fernando-de-apure","status":"publish","type":"post","link":"https:\/\/noticiasveraces.com\/?p=50950","title":{"rendered":"El papa Le\u00f3n XIV nombr\u00f3 a Elieser Rivero como obispo de la Di\u00f3cesis de San Fernando de Apure"},"content":{"rendered":"<p> \n<\/p>\n<div>\n<p>La Nunciatura Apost\u00f3lica en Venezuela inform\u00f3 el 21 de noviembre que <strong>el papa Le\u00f3n XIV design\u00f3 al presb\u00edtero Elieser Antonio Rivero Barrios<\/strong> como el <strong>nuevo obispo de la Di\u00f3cesis de San Fernando de Apure<\/strong>. <\/p>\n<div class=\"ruby-table-contents rbtoc table-fw\">\n<ul class=\"toc-content h5\">\n<li>Trayectoria del nuevo obispo de la Di\u00f3cesis de San Fernando de Apure<\/li>\n<li>Otros nombramientos papales en Venezuela<\/li>\n<\/ul>\n<\/div>\n<p>Rivero perteneci\u00f3 al clero de la Di\u00f3cesis de San Felipe, en Yaracuy, y se desempe\u00f1\u00f3, hasta el anuncio, como <strong>vicario general de esa jurisdicci\u00f3n eclesi\u00e1stica<\/strong>.<\/p>\n<p>El sacerdote naci\u00f3 en Carora, estado Lara, el 31 de agosto de 1975 y curs\u00f3 sus estudios de Filosof\u00eda en la Universidad Santa Rosa de Lima, en Caracas. <\/p>\n<p>Posteriormente, continu\u00f3 su formaci\u00f3n en Roma (Italia), donde estudi\u00f3 <strong>Teolog\u00eda en la Pontificia Universidad de la Santa Cruz<\/strong> y obtuvo la licenciatura en<strong> Derecho Can\u00f3nico<\/strong>.<\/p>\n<p>De acuerdo con el anuncio de la Conferencia Episcopal Venezolana, Rivero recibi\u00f3 la ordenaci\u00f3n sacerdotal el 18 de octubre de 2003 en la Iglesia Inmaculada Concepci\u00f3n de Yaritagua, quedando incardinado en la Di\u00f3cesis de San Felipe.<\/p>\n<figure class=\"wp-block-image size-large\"><picture fetchpriority=\"high\" decoding=\"async\" class=\"wp-image-828945\"><source type=\"image\/webp\" nitro-lazy-srcset=\"https:\/\/eldiario.com\/nitropack_static\/DWpklAePbJBFiBKvuTtiGMLbtJlHUqWt\/assets\/images\/optimized\/rev-e606bed\/eldiario.com\/wp-content\/uploads\/2025\/11\/Banner-Nombramiento-Obispo-San-Fernando-de-Apure-2025-1024x576-1-1200x719.jpg.webp \" nitro-lazy-empty=\"\" id=\"ODI3OjE2Nw==-1\" srcset=\"data:image\/svg+xml;nitro-empty-id=ODI3OjE2Nw==-1;base64,PHN2ZyB2aWV3Qm94PSIwIDAgMTIwMCA3MTkiIHdpZHRoPSIxMjAwIiBoZWlnaHQ9IjcxOSIgeG1sbnM9Imh0dHA6Ly93d3cudzMub3JnLzIwMDAvc3ZnIj48L3N2Zz4=\"\/><img fetchpriority=\"high\" width=\"1200\" height=\"719\" alt=\"El papa Le\u00f3n XIV nombr\u00f3 a Elieser Rivero como obispo de la Di\u00f3cesis de San Fernando de Apure\" src=\"https:\/\/eldiario.com\/nitropack_static\/DWpklAePbJBFiBKvuTtiGMLbtJlHUqWt\/assets\/images\/optimized\/rev-e606bed\/eldiario.com\/wp-content\/uploads\/2025\/11\/Banner-Nombramiento-Obispo-San-Fernando-de-Apure-2025-1024x576-1-1200x719.jpg\" class=\"nitro-lazy\" decoding=\"async\" nitro-lazy-empty=\"\" id=\"ODI4OjMwNA==-1\"\/> <\/picture><figcaption class=\"wp-element-caption\">Foto de : CEV<\/figcaption><\/figure>\n<h2 id=\"trayectoria-del-nuevo-obispo-de-la-diocesis-de-san-fernando-de-apure\" class=\"rb-heading-index-0-828940 wp-block-heading\"><strong>Trayectoria del nuevo obispo de la Di\u00f3cesis de San Fernando de Apure<\/strong><\/h2>\n<p>A lo largo de su ministerio, el presb\u00edtero asumi\u00f3 diversas responsabilidades pastorales y administrativas.<\/p>\n<p>Entre 2003 y 2005, inici\u00f3 su servicio como <strong>p\u00e1rroco en la parroquia Santa Teresa de \u00c1vila<\/strong> (La Morita, San Felipe). Durante ese mismo lapso, ejerci\u00f3 como canciller de la Di\u00f3cesis de San Felipe.<\/p>\n<p>Adem\u00e1s, desde el a\u00f1o 2008, y hasta su designaci\u00f3n episcopal, sirvi\u00f3 como <strong>p\u00e1rroco de la parroquia Nuestra Se\u00f1ora de la Victoria del Prado de Talavera<\/strong>en Nirgua, estado Yaracuy.<\/p>\n<p>Sus cargos incluyeron tambi\u00e9n el de <strong>asesor diocesano de la pastoral familiar<\/strong>servicio que prest\u00f3 desde 2015 hasta enero de 2024. <\/p>\n<p>Tambi\u00e9n asumi\u00f3 el rol de<strong> arcipreste de la Zona Pastoral Nirgua <\/strong>en dos periodos de 2008 a 2012 y de 2022 a 2024, y, adicionalmente, fue <strong>capell\u00e1n del hospital Padre Oliveros de Nirgua<\/strong> entre mayo de 2011 y abril de 2013.<\/p>\n<p>Con respecto al \u00e1rea acad\u00e9mica, Rivero fue profesor de Derecho Can\u00f3nico en el <strong>Instituto de Estudios Superiores Divina Pastora<\/strong> (seminario de Barquisimeto) en los periodos 2009-2013 y 2018-2020.<\/p>\n<figure class=\"wp-block-image size-large\"><picture loading=\"lazy\" decoding=\"async\" class=\"wp-image-49416\"><source type=\"image\/webp\" nitro-lazy-srcset=\"https:\/\/eldiario.com\/nitropack_static\/DWpklAePbJBFiBKvuTtiGMLbtJlHUqWt\/assets\/images\/optimized\/rev-e606bed\/eldiario.com\/wp-content\/uploads\/2020\/08\/Conferencia-Episcopal-1024x683.jpg.webp \" nitro-lazy-empty=\"\" id=\"ODYzOjEyNA==-1\" srcset=\"data:image\/svg+xml;nitro-empty-id=ODYzOjEyNA==-1;base64,PHN2ZyB2aWV3Qm94PSIwIDAgMTAyNCA2ODMiIHdpZHRoPSIxMDI0IiBoZWlnaHQ9IjY4MyIgeG1sbnM9Imh0dHA6Ly93d3cudzMub3JnLzIwMDAvc3ZnIj48L3N2Zz4=\"\/><img loading=\"lazy\" width=\"1024\" height=\"683\" alt=\"La exigencia de la Conferencia Episcopal sobre las elecciones en Venezuela\" src=\"https:\/\/eldiario.com\/nitropack_static\/DWpklAePbJBFiBKvuTtiGMLbtJlHUqWt\/assets\/images\/optimized\/rev-e606bed\/eldiario.com\/wp-content\/uploads\/2020\/08\/Conferencia-Episcopal-1024x683.jpg\" class=\"nitro-lazy\" decoding=\"async\" nitro-lazy-empty=\"\" id=\"ODY0OjIzNA==-1\"\/> <\/picture><figcaption class=\"wp-element-caption\">Foto: Conferencia Episcopal<\/figcaption><\/figure>\n<h2 id=\"otros-nombramientos-papales-en-venezuela\" class=\"rb-heading-index-1-828940 wp-block-heading\"><strong>Otros nombramientos papales en Venezuela<\/strong><\/h2>\n<p>El papa Francisco nombr\u00f3 el 6 de marzo a monse\u00f1or <strong>\u00c1ngel Francisco Caraballo Ferm\u00edn<\/strong> como arzobispo de la Arquidi\u00f3cesis de Cuman\u00e1, estado Sucre. <\/p>\n<p>La Conferencia Episcopal Venezolana detall\u00f3 la informaci\u00f3n y agreg\u00f3 que Caraballo fung\u00eda como obispo de la Di\u00f3cesis de Cabimas, en el estado Zulia, desde el 29 de enero de 2019.<\/p>\n<p>La Arquidi\u00f3cesis de Cuman\u00e1 permanec\u00eda vacante desde el 14 de septiembre de 2024, cuando luego de seis a\u00f1os de servicio, <strong>monse\u00f1or Jes\u00fas Gonz\u00e1lez de Z\u00e1rate<\/strong> se despidi\u00f3 de sus fieles debido a su nombramiento como arzobispo de Valencia.<\/p>\n<p>El 27 de mayo, el papa Le\u00f3n XIV design\u00f3 al reverendo <strong>Alexander Rivera Vielma<\/strong>perteneciente al clero de la Arquidi\u00f3cesis Metropolitana de M\u00e9rida, como el nuevo obispo de la Di\u00f3cesis de San Carlos, estado Cojedes.<\/p>\n<p>Rivera Vielma naci\u00f3 en M\u00e9rida y se form\u00f3 en el Seminario Mayor de esa entidad, donde culmin\u00f3 sus estudios filos\u00f3ficos y teol\u00f3gicos. El religioso tambi\u00e9n obtuvo la licenciatura en Derecho Can\u00f3nico en la Pontificia Universidad Lateranense de Roma (Italia).<\/p>\n<p>El anuncio de Rivera como obispo de la Di\u00f3cesis de San Carlos fue <strong>la primera decisi\u00f3n que tom\u00f3 el papa Le\u00f3n XIV relacionada con Venezuela<\/strong>luego de ser elegido como sumo pont\u00edfice el 8 mayo.<\/p>\n<\/p><\/div>\n<p><script async src=\"\/\/www.instagram.com\/embed.js\"><\/script><br \/>\n<br \/>\n","protected":false},"excerpt":{"rendered":"<p>La Nunciatura Apost\u00f3lica en Venezuela inform\u00f3 el 21 de noviembre que el papa Le\u00f3n XIV design\u00f3 al presb\u00edtero Elieser Antonio Rivero Barrios como el nuevo obispo de la Di\u00f3cesis de San Fernando de Apure. Trayectoria del nuevo obispo de la Di\u00f3cesis de San Fernando de Apure Otros nombramientos papales en Venezuela Rivero perteneci\u00f3 al clero &hellip;<\/p>\n","protected":false},"author":1,"featured_media":50952,"comment_status":"open","ping_status":"open","sticky":false,"template":"","format":"standard","meta":{"fifu_image_url":"https:\/\/eldiario.com\/wp-content\/uploads\/2025\/11\/Obispo-San-Fernando-de-Apure-1.jpg","fifu_image_alt":"","footnotes":""},"categories":[13],"tags":[],"class_list":["post-50950","post","type-post","status-publish","format-standard","has-post-thumbnail","","category-mundo"],"_links":{"self":[{"href":"https:\/\/noticiasveraces.com\/index.php?rest_route=\/wp\/v2\/posts\/50950","targetHints":{"allow":["GET"]}}],"collection":[{"href":"https:\/\/noticiasveraces.com\/index.php?rest_route=\/wp\/v2\/posts"}],"about":[{"href":"https:\/\/noticiasveraces.com\/index.php?rest_route=\/wp\/v2\/types\/post"}],"author":[{"embeddable":true,"href":"https:\/\/noticiasveraces.com\/index.php?rest_route=\/wp\/v2\/users\/1"}],"replies":[{"embeddable":true,"href":"https:\/\/noticiasveraces.com\/index.php?rest_route=%2Fwp%2Fv2%2Fcomments&post=50950"}],"version-history":[{"count":0,"href":"https:\/\/noticiasveraces.com\/index.php?rest_route=\/wp\/v2\/posts\/50950\/revisions"}],"wp:featuredmedia":[{"embeddable":true,"href":"https:\/\/noticiasveraces.com\/index.php?rest_route=\/wp\/v2\/media\/50952"}],"wp:attachment":[{"href":"https:\/\/noticiasveraces.com\/index.php?rest_route=%2Fwp%2Fv2%2Fmedia&parent=50950"}],"wp:term":[{"taxonomy":"category","embeddable":true,"href":"https:\/\/noticiasveraces.com\/index.php?rest_route=%2Fwp%2Fv2%2Fcategories&post=50950"},{"taxonomy":"post_tag","embeddable":true,"href":"https:\/\/noticiasveraces.com\/index.php?rest_route=%2Fwp%2Fv2%2Ftags&post=50950"}],"curies":[{"name":"wp","href":"https:\/\/api.w.org\/{rel}","templated":true}]}}