{"id":50947,"date":"2025-11-22T12:11:10","date_gmt":"2025-11-22T16:11:10","guid":{"rendered":"https:\/\/noticiasveraces.com\/?p=50947"},"modified":"2025-11-22T12:11:10","modified_gmt":"2025-11-22T16:11:10","slug":"el-presidente-de-la-conferencia-episcopal-defiende-la-presuncion-de-inocencia-del-obispo-de-cadiz-tras-ser-apartado-y-acusado-de-pederastia-sociedad","status":"publish","type":"post","link":"https:\/\/noticiasveraces.com\/?p=50947","title":{"rendered":"El presidente de la Conferencia Episcopal defiende la presunci\u00f3n de inocencia del obispo de C\u00e1diz tras ser apartado y acusado de pederastia | Sociedad"},"content":{"rendered":"<p> \n<br \/><img decoding=\"async\" src=\"https:\/\/imagenes.elpais.com\/resizer\/v2\/JM2DFRDWSZEL7PFWADEO3UICSM.jpg?auth=032ca22ef9019e6bdaa3b2bb6b4d48985a7037a2b6bb5ddd167f4db4863c8a19\" \/><\/p>\n<div data-dtm-region=\"articulo_cuerpo\">\n<p class=\"\">El presidente de la Conferencia Episcopal Espa\u00f1ola (CEE), Luis Arg\u00fcello, publica espor\u00e1dicamente en X. Lo ha hecho este s\u00e1bado despu\u00e9s un mes y medio de silencio para defender la presunci\u00f3n de inocencia de Rafael Zornoza, que acaba de ser apartado por el Papa como obispo de C\u00e1diz tras una acusaci\u00f3n de pederastia que desvel\u00f3 EL PA\u00cdS.<\/p>\n<p class=\"\">\u201cAlgunos medios mantienen la inocencia de quien ya ha sido condenado y afirman la culpabilidad, con ejecuci\u00f3n en la plaza p\u00fablica, de quien no ha sido juzgado. Es necesario que revisen su vara de medir. Va en ello la salud de nuestra democracia y el bien de nuestra convivencia\u201d, ha posteado Arg\u00fcello pasadas las tres y media de la tarde, con supuestas referencias veladas al Fiscal General del Estado y al obispo de C\u00e1diz, ambos apartados de sus responsabilidades.<\/p>\n<div id=\"sum_twitter\" data-oembed-type=\"twitter\" class=\"a_em _df\">\n<blockquote class=\"twitter-tweet\">\n<p lang=\"es\" dir=\"ltr\">Algunos medios mantienen la inocencia de quien ya ha sido condenado y afirman la culpabilidad, con ejecuci\u00f3n en la plaza p\u00fablica, de quien no ha sido juzgado. Es necesario que revisen su vara de medir. Va en ello la salud de nuestra democracia y el bien de nuestra convivencia.<\/p>\n<p>\u2014 Mons. Luis Arg\u00fcello (@MonsArguello) <a href=\"https:\/\/twitter.com\/MonsArguello\/status\/1992241600039374953?ref_src=twsrc%5Etfw\">22 de noviembre de 2025<\/a><\/p><\/blockquote>\n<\/div>\n<p class=\"\">En un mensaje de audio dirigido a los fieles y publicado en la web del Obispado de C\u00e1diz y Ceuta, Zornoza ha asegurado este s\u00e1bado que acoge la decisi\u00f3n \u201ccon paz y fe\u201d, mientras afronta \u201ccon serenidad y confianza en Dios\u201d la defensa ante una acusaci\u00f3n de abusos sexuales que considera \u201cinjusta y falsa\u201d. <\/p>\n<p class=\"\">Zornoza estaba siendo investigado desde hace cuatro meses por el Vaticano por una denuncia de abusos sexuales cuando dirig\u00eda el seminario de Getafe, en los a\u00f1os noventa. Es el primer obispo espa\u00f1ol apartado de su puesto por un caso de pederastia.<\/p>\n<p class=\"\">El nuevo administrador apost\u00f3lico de la Di\u00f3cesis de C\u00e1diz y Ceuta, Ram\u00f3n Dar\u00edo Valdivia ha asegurado que acepta su nombramiento con humildad y disposici\u00f3n, y que afrontar\u00e1 este periodo transitorio \u201ccon intensidad y agradecimiento\u201d, acerc\u00e1ndose a todos los fieles y sectores de la sociedad. <\/p>\n<p class=\"\">En un mensaje a la comunidad diocesana, difundido por el Obispado de C\u00e1diz y Ceuta, el nuevo administrador apost\u00f3lico de C\u00e1diz ha explicado que pone su \u2018s\u00ed\u2019 al servicio de Dios para que se manifieste su amor a trav\u00e9s de su labor, y que cada instante cuenta en el camino de fe, por lo que est\u00e1 decidido a vivirlo plenamente.<\/p>\n<\/div>\n<p><script async src=\"https:\/\/platform.twitter.com\/widgets.js\" charset=\"utf-8\"><\/script><br \/>\n<br \/>\n","protected":false},"excerpt":{"rendered":"<p>El presidente de la Conferencia Episcopal Espa\u00f1ola (CEE), Luis Arg\u00fcello, publica espor\u00e1dicamente en X. Lo ha hecho este s\u00e1bado despu\u00e9s un mes y medio de silencio para defender la presunci\u00f3n de inocencia de Rafael Zornoza, que acaba de ser apartado por el Papa como obispo de C\u00e1diz tras una acusaci\u00f3n de pederastia que desvel\u00f3 EL &hellip;<\/p>\n","protected":false},"author":1,"featured_media":50949,"comment_status":"open","ping_status":"open","sticky":false,"template":"","format":"standard","meta":{"fifu_image_url":"https:\/\/imagenes.elpais.com\/resizer\/v2\/JM2DFRDWSZEL7PFWADEO3UICSM.jpg?auth=032ca22ef9019e6bdaa3b2bb6b4d48985a7037a2b6bb5ddd167f4db4863c8a19&width=1200","fifu_image_alt":"","footnotes":""},"categories":[11],"tags":[],"class_list":["post-50947","post","type-post","status-publish","format-standard","has-post-thumbnail","","category-viaje"],"_links":{"self":[{"href":"https:\/\/noticiasveraces.com\/index.php?rest_route=\/wp\/v2\/posts\/50947","targetHints":{"allow":["GET"]}}],"collection":[{"href":"https:\/\/noticiasveraces.com\/index.php?rest_route=\/wp\/v2\/posts"}],"about":[{"href":"https:\/\/noticiasveraces.com\/index.php?rest_route=\/wp\/v2\/types\/post"}],"author":[{"embeddable":true,"href":"https:\/\/noticiasveraces.com\/index.php?rest_route=\/wp\/v2\/users\/1"}],"replies":[{"embeddable":true,"href":"https:\/\/noticiasveraces.com\/index.php?rest_route=%2Fwp%2Fv2%2Fcomments&post=50947"}],"version-history":[{"count":0,"href":"https:\/\/noticiasveraces.com\/index.php?rest_route=\/wp\/v2\/posts\/50947\/revisions"}],"wp:featuredmedia":[{"embeddable":true,"href":"https:\/\/noticiasveraces.com\/index.php?rest_route=\/wp\/v2\/media\/50949"}],"wp:attachment":[{"href":"https:\/\/noticiasveraces.com\/index.php?rest_route=%2Fwp%2Fv2%2Fmedia&parent=50947"}],"wp:term":[{"taxonomy":"category","embeddable":true,"href":"https:\/\/noticiasveraces.com\/index.php?rest_route=%2Fwp%2Fv2%2Fcategories&post=50947"},{"taxonomy":"post_tag","embeddable":true,"href":"https:\/\/noticiasveraces.com\/index.php?rest_route=%2Fwp%2Fv2%2Ftags&post=50947"}],"curies":[{"name":"wp","href":"https:\/\/api.w.org\/{rel}","templated":true}]}}